{"id":1431,"date":"2025-05-14T11:13:33","date_gmt":"2025-05-14T09:13:33","guid":{"rendered":"https:\/\/sesoliveresportdesoller.com\/?p=1431"},"modified":"2025-05-14T11:13:35","modified_gmt":"2025-05-14T09:13:35","slug":"capvespres-i-sabors-a-ses-oliveres","status":"publish","type":"post","link":"https:\/\/sesoliveresportdesoller.com\/ca\/2025\/05\/14\/capvespres-i-sabors-a-ses-oliveres\/","title":{"rendered":"Capvespres i sabors: sopars inoblidables en el Port de S\u00f3ller"},"content":{"rendered":"<p>Primer arriba la brisa, suau, gaireb\u00e9 t\u00edmida. Despr\u00e9s, els \u00faltims raigs de sol acaricien les fa\u00e7anes de pedra daurada, i tot el port s&#8217;embolica en una llum c\u00e0lida que convida a baixar el ritme. Aix\u00ed \u00e9s el final del dia en el Port de S\u00f3ller: lent, ser\u00e8, perfecte. I just en aquest instant, quan el cel comen\u00e7a a encendre&#8217;s de colors impossibles, comen\u00e7a la m\u00e0gia en <strong>Ses Oliveres Port de S\u00f3ller.<\/strong><\/p>\n<h2>L&#8217;espectacle del cel des de la teva taula<\/h2>\n<p>Cada tarda, el sol s&#8217;acomiada de Mallorca submergint-se en la mar enfront de la badia. No hi ha dos capvespres iguals, per\u00f2 tots tenen alguna cosa en com\u00fa: aquest aire de postal que transforma qualsevol sopar en una experi\u00e8ncia \u00fanica.<\/p>\n<p>La terrassa de Ses Oliveres, situada enfront del passeig mar\u00edtim del <a href=\"https:\/\/www.google.com\/search?q=puerto+de+s%C3%B3ller+c%C3%B3mo+llegar&amp;rlz=1C1JZAP_esES843ES843&amp;oq=puerto+de+s%C3%B3ller+c%C3%B3mo+llegar&amp;gs_lcrp=EgZjaHJvbWUqBggAEEUYOzIGCAAQRRg7MggIARAAGBYYHjIKCAIQABiABBiiBDIKCAMQABiABBiiBDIKCAQQABiABBiiBNIBCDYxNzNqMGo3qAIIsAIB8QVjzzzDF7OvQA&amp;sourceid=chrome&amp;ie=UTF-8\">port de S\u00f3ller<\/a>, \u00e9s un lloc privilegiat per a viure aquest moment. Mentre les llums del port s&#8217;encenen a poc a poc, els plats comencen a arribar a la taula, creant una coreografia de sabors, aromes i sensacions que acompanya a l&#8217;espectacle natural.<\/p>\n<h2>Una carta pensada per a gaudir<\/h2>\n<p>La proposta gastron\u00f2mica del restaurant \u00e9s honesta, mediterr\u00e0nia i deliciosa. Des de peixos frescos cuinats amb manyaga fins a arrossos mariners que fan olor d&#8217;estiu, passant per carns madurades que sorprenen per la seva textura i sabor. Tot maridado amb vins nacionals, estrangers i locals acuradament seleccionats i una atenci\u00f3 pr\u00f2xima, de les quals et fan sentir com a casa.<\/p>\n<p>Entre els imprescindibles per a un sopar especial<strong>: el gall de Sant Pere al forn, el polp a la brasa o qualsevol dels arrossos, melosos o secs, <\/strong>amb els productes m\u00e9s apetibles. I per als m\u00e9s llaminers, el nostre past\u00eds de formatge estil basc, que sap millor sota les estrelles.<\/p>\n<h2>No \u00e9s nom\u00e9s sopar, \u00e9s celebrar<\/h2>\n<p>Els qui ens visiten ho diuen sovint: sopar en <strong>Ses Oliveres no \u00e9s nom\u00e9s menjar b\u00e9, \u00e9s celebrar el moment.<\/strong> Celebrar que est\u00e0s a Mallorca, que el dia ha estat bonic, que la companyia \u00e9s l&#8217;adequada i que la mar est\u00e0 just aqu\u00ed, a pocs passos.<\/p>\n<p>Els sopars en el Port de S\u00f3ller tenen aquest aire de pausa conscient, de regal per als sentits. Per aix\u00f2 s\u00f3n ideals per a parelles, fam\u00edlies o amics que busquen alguna cosa m\u00e9s que un bon menjar: busquen viure una experi\u00e8ncia.<\/p>\n<h2>Reserva el teu lloc en el millor moment del dia<\/h2>\n<p>Si visitar\u00e0s el <a href=\"https:\/\/sesoliveresportdesoller.com\/ca\/2025\/03\/20\/que-fer-al-port-de-soller-amb-aturada-a-ses-oliveres\/\">Port de S\u00f3ller<\/a> pr\u00f2ximament, et recomanem reservar taula al capvespre per a gaudir d&#8217;aquesta viv\u00e8ncia en tota la seva esplendor. Pots fer-ho a trav\u00e9s de la nostra web oficial o seguir-nos en Instagram per a veure el que ens inspira cada dia.<\/p>\n<p>Aqu\u00ed, el sol es posa a poc a poc. La mar est\u00e0 en calma. I el sopar\u2026 simplement inoblidable.<\/p>\n","protected":false},"excerpt":{"rendered":"<p>Primer arriba la brisa, suau, gaireb\u00e9 t\u00edmida. Despr\u00e9s, els \u00faltims raigs de sol acaricien les fa\u00e7anes de pedra daurada, i tot el port s&#8217;embolica en una llum c\u00e0lida que convida a baixar el ritme. Aix\u00ed \u00e9s el final del dia en el Port de S\u00f3ller: lent, ser\u00e8, perfecte. I just en aquest instant, quan el [&hellip;]<\/p>\n","protected":false},"author":3,"featured_media":1426,"comment_status":"open","ping_status":"open","sticky":false,"template":"","format":"standard","meta":{"footnotes":""},"categories":[1],"tags":[42,21,43],"class_list":["post-1431","post","type-post","status-publish","format-standard","has-post-thumbnail","hentry","category-sin-categorizar","tag-carnalabrasa","tag-expositordepeix","tag-verduresdetemporada"],"yoast_head":"<!-- This site is optimized with the Yoast SEO plugin v26.5 - https:\/\/yoast.com\/wordpress\/plugins\/seo\/ -->\n<title>Capvespres i sabors: sopars inoblidables en el Port de S\u00f3ller - Ses Oliveres Port de S\u00f3ller<\/title>\n<meta name=\"description\" content=\"Primer arriba la brisa, suau, gaireb\u00e9 t\u00edmida. Despr\u00e9s, els \u00faltims raigs de sol acaricien les fa\u00e7anes de pedra daurada, i tot el port\" \/>\n<meta name=\"robots\" content=\"index, follow, max-snippet:-1, max-image-preview:large, max-video-preview:-1\" \/>\n<link rel=\"canonical\" href=\"https:\/\/sesoliveresportdesoller.com\/ca\/2025\/05\/14\/capvespres-i-sabors-a-ses-oliveres\/\" \/>\n<meta property=\"og:locale\" content=\"ca_ES\" \/>\n<meta property=\"og:type\" content=\"article\" \/>\n<meta property=\"og:title\" content=\"Capvespres i sabors: sopars inoblidables en el Port de S\u00f3ller - Ses Oliveres Port de S\u00f3ller\" \/>\n<meta property=\"og:description\" content=\"Primer arriba la brisa, suau, gaireb\u00e9 t\u00edmida. Despr\u00e9s, els \u00faltims raigs de sol acaricien les fa\u00e7anes de pedra daurada, i tot el port\" \/>\n<meta property=\"og:url\" content=\"https:\/\/sesoliveresportdesoller.com\/ca\/2025\/05\/14\/capvespres-i-sabors-a-ses-oliveres\/\" \/>\n<meta property=\"og:site_name\" content=\"Ses Oliveres Port de S\u00f3ller\" \/>\n<meta property=\"article:published_time\" content=\"2025-05-14T09:13:33+00:00\" \/>\n<meta property=\"article:modified_time\" content=\"2025-05-14T09:13:35+00:00\" \/>\n<meta property=\"og:image\" content=\"https:\/\/ses-oliveres-port-de-soller.fra1.digitaloceanspaces.com\/wp-content\/uploads\/2025\/05\/14110553\/Atardeceres-en-Ses-Oliveres-1024x682.png\" \/>\n\t<meta property=\"og:image:width\" content=\"1024\" \/>\n\t<meta property=\"og:image:height\" content=\"682\" \/>\n\t<meta property=\"og:image:type\" content=\"image\/png\" \/>\n<meta name=\"author\" content=\"Ses Oliveres\" \/>\n<meta name=\"twitter:card\" content=\"summary_large_image\" \/>\n<meta name=\"twitter:label1\" content=\"Escrit per\" \/>\n\t<meta name=\"twitter:data1\" content=\"Ses Oliveres\" \/>\n\t<meta name=\"twitter:label2\" content=\"Temps estimat de lectura\" \/>\n\t<meta name=\"twitter:data2\" content=\"3 minuts\" \/>\n<script type=\"application\/ld+json\" class=\"yoast-schema-graph\">{\"@context\":\"https:\/\/schema.org\",\"@graph\":[{\"@type\":\"Article\",\"@id\":\"https:\/\/sesoliveresportdesoller.com\/ca\/2025\/05\/14\/capvespres-i-sabors-a-ses-oliveres\/#article\",\"isPartOf\":{\"@id\":\"https:\/\/sesoliveresportdesoller.com\/ca\/2025\/05\/14\/capvespres-i-sabors-a-ses-oliveres\/\"},\"author\":{\"name\":\"Ses Oliveres\",\"@id\":\"https:\/\/sesoliveresportdesoller.com\/ca\/#\/schema\/person\/b5b7c42fb246e7a69985ce8133fca51e\"},\"headline\":\"Capvespres i sabors: sopars inoblidables en el Port de S\u00f3ller\",\"datePublished\":\"2025-05-14T09:13:33+00:00\",\"dateModified\":\"2025-05-14T09:13:35+00:00\",\"mainEntityOfPage\":{\"@id\":\"https:\/\/sesoliveresportdesoller.com\/ca\/2025\/05\/14\/capvespres-i-sabors-a-ses-oliveres\/\"},\"wordCount\":507,\"commentCount\":0,\"publisher\":{\"@id\":\"https:\/\/sesoliveresportdesoller.com\/ca\/#organization\"},\"image\":{\"@id\":\"https:\/\/sesoliveresportdesoller.com\/ca\/2025\/05\/14\/capvespres-i-sabors-a-ses-oliveres\/#primaryimage\"},\"thumbnailUrl\":\"https:\/\/ses-oliveres-port-de-soller.fra1.digitaloceanspaces.com\/wp-content\/uploads\/2025\/05\/14110553\/Atardeceres-en-Ses-Oliveres.png\",\"keywords\":[\"carnalabrasa\",\"expositordepeix\",\"verduresdetemporada\"],\"articleSection\":[\"Sin categorizar\"],\"inLanguage\":\"ca\",\"potentialAction\":[{\"@type\":\"CommentAction\",\"name\":\"Comment\",\"target\":[\"https:\/\/sesoliveresportdesoller.com\/ca\/2025\/05\/14\/capvespres-i-sabors-a-ses-oliveres\/#respond\"]}]},{\"@type\":\"WebPage\",\"@id\":\"https:\/\/sesoliveresportdesoller.com\/ca\/2025\/05\/14\/capvespres-i-sabors-a-ses-oliveres\/\",\"url\":\"https:\/\/sesoliveresportdesoller.com\/ca\/2025\/05\/14\/capvespres-i-sabors-a-ses-oliveres\/\",\"name\":\"Capvespres i sabors: sopars inoblidables en el Port de S\u00f3ller - Ses Oliveres Port de S\u00f3ller\",\"isPartOf\":{\"@id\":\"https:\/\/sesoliveresportdesoller.com\/ca\/#website\"},\"primaryImageOfPage\":{\"@id\":\"https:\/\/sesoliveresportdesoller.com\/ca\/2025\/05\/14\/capvespres-i-sabors-a-ses-oliveres\/#primaryimage\"},\"image\":{\"@id\":\"https:\/\/sesoliveresportdesoller.com\/ca\/2025\/05\/14\/capvespres-i-sabors-a-ses-oliveres\/#primaryimage\"},\"thumbnailUrl\":\"https:\/\/ses-oliveres-port-de-soller.fra1.digitaloceanspaces.com\/wp-content\/uploads\/2025\/05\/14110553\/Atardeceres-en-Ses-Oliveres.png\",\"datePublished\":\"2025-05-14T09:13:33+00:00\",\"dateModified\":\"2025-05-14T09:13:35+00:00\",\"description\":\"Primer arriba la brisa, suau, gaireb\u00e9 t\u00edmida. Despr\u00e9s, els \u00faltims raigs de sol acaricien les fa\u00e7anes de pedra daurada, i tot el port\",\"breadcrumb\":{\"@id\":\"https:\/\/sesoliveresportdesoller.com\/ca\/2025\/05\/14\/capvespres-i-sabors-a-ses-oliveres\/#breadcrumb\"},\"inLanguage\":\"ca\",\"potentialAction\":[{\"@type\":\"ReadAction\",\"target\":[\"https:\/\/sesoliveresportdesoller.com\/ca\/2025\/05\/14\/capvespres-i-sabors-a-ses-oliveres\/\"]}]},{\"@type\":\"ImageObject\",\"inLanguage\":\"ca\",\"@id\":\"https:\/\/sesoliveresportdesoller.com\/ca\/2025\/05\/14\/capvespres-i-sabors-a-ses-oliveres\/#primaryimage\",\"url\":\"https:\/\/ses-oliveres-port-de-soller.fra1.digitaloceanspaces.com\/wp-content\/uploads\/2025\/05\/14110553\/Atardeceres-en-Ses-Oliveres.png\",\"contentUrl\":\"https:\/\/ses-oliveres-port-de-soller.fra1.digitaloceanspaces.com\/wp-content\/uploads\/2025\/05\/14110553\/Atardeceres-en-Ses-Oliveres.png\",\"width\":1600,\"height\":1066,\"caption\":\"restaurante al lado del mar al anochecer\"},{\"@type\":\"BreadcrumbList\",\"@id\":\"https:\/\/sesoliveresportdesoller.com\/ca\/2025\/05\/14\/capvespres-i-sabors-a-ses-oliveres\/#breadcrumb\",\"itemListElement\":[{\"@type\":\"ListItem\",\"position\":1,\"name\":\"Portada\",\"item\":\"https:\/\/sesoliveresportdesoller.com\/ca\/inici\/\"},{\"@type\":\"ListItem\",\"position\":2,\"name\":\"Capvespres i sabors: sopars inoblidables en el Port de S\u00f3ller\"}]},{\"@type\":\"WebSite\",\"@id\":\"https:\/\/sesoliveresportdesoller.com\/ca\/#website\",\"url\":\"https:\/\/sesoliveresportdesoller.com\/ca\/\",\"name\":\"Ses Oliveres Port de S\u00f3ller\",\"description\":\"Ses Oliveres es un restaurante especializado en arroces, pescados y mariscos, situado en primera l\u00ednea del Port de S\u00f3ller.  Se trata de un concepto de cocina con productos frescos y \u201cdel mar a la mesa\u201d. Disponen de una vitrina con pescado fresco diario. Seg\u00fan sus rese\u00f1as en Google y otras plataformas como Tripadvisor, destacan por su ubicaci\u00f3n excepcional y por la calidad de sus platos.\",\"publisher\":{\"@id\":\"https:\/\/sesoliveresportdesoller.com\/ca\/#organization\"},\"potentialAction\":[{\"@type\":\"SearchAction\",\"target\":{\"@type\":\"EntryPoint\",\"urlTemplate\":\"https:\/\/sesoliveresportdesoller.com\/ca\/?s={search_term_string}\"},\"query-input\":{\"@type\":\"PropertyValueSpecification\",\"valueRequired\":true,\"valueName\":\"search_term_string\"}}],\"inLanguage\":\"ca\"},{\"@type\":\"Organization\",\"@id\":\"https:\/\/sesoliveresportdesoller.com\/ca\/#organization\",\"name\":\"Ses Oliveres Port de S\u00f3ller\",\"url\":\"https:\/\/sesoliveresportdesoller.com\/ca\/\",\"logo\":{\"@type\":\"ImageObject\",\"inLanguage\":\"ca\",\"@id\":\"https:\/\/sesoliveresportdesoller.com\/ca\/#\/schema\/logo\/image\/\",\"url\":\"https:\/\/ses-oliveres-port-de-soller.fra1.digitaloceanspaces.com\/wp-content\/uploads\/2024\/06\/25123952\/logo.svg\",\"contentUrl\":\"https:\/\/ses-oliveres-port-de-soller.fra1.digitaloceanspaces.com\/wp-content\/uploads\/2024\/06\/25123952\/logo.svg\",\"width\":128,\"height\":55,\"caption\":\"Ses Oliveres Port de S\u00f3ller\"},\"image\":{\"@id\":\"https:\/\/sesoliveresportdesoller.com\/ca\/#\/schema\/logo\/image\/\"}},{\"@type\":\"Person\",\"@id\":\"https:\/\/sesoliveresportdesoller.com\/ca\/#\/schema\/person\/b5b7c42fb246e7a69985ce8133fca51e\",\"name\":\"Ses Oliveres\",\"image\":{\"@type\":\"ImageObject\",\"inLanguage\":\"ca\",\"@id\":\"https:\/\/sesoliveresportdesoller.com\/ca\/#\/schema\/person\/image\/\",\"url\":\"https:\/\/secure.gravatar.com\/avatar\/8090ef7ea57149f9049c2bb8b917c09dff08d3f14f396d4b00da77b3f23c5970?s=96&d=mm&r=g\",\"contentUrl\":\"https:\/\/secure.gravatar.com\/avatar\/8090ef7ea57149f9049c2bb8b917c09dff08d3f14f396d4b00da77b3f23c5970?s=96&d=mm&r=g\",\"caption\":\"Ses Oliveres\"},\"url\":\"https:\/\/sesoliveresportdesoller.com\/ca\/author\/sesoliveres\/\"}]}<\/script>\n<!-- \/ Yoast SEO plugin. -->","yoast_head_json":{"title":"Capvespres i sabors: sopars inoblidables en el Port de S\u00f3ller - Ses Oliveres Port de S\u00f3ller","description":"Primer arriba la brisa, suau, gaireb\u00e9 t\u00edmida. Despr\u00e9s, els \u00faltims raigs de sol acaricien les fa\u00e7anes de pedra daurada, i tot el port","robots":{"index":"index","follow":"follow","max-snippet":"max-snippet:-1","max-image-preview":"max-image-preview:large","max-video-preview":"max-video-preview:-1"},"canonical":"https:\/\/sesoliveresportdesoller.com\/ca\/2025\/05\/14\/capvespres-i-sabors-a-ses-oliveres\/","og_locale":"ca_ES","og_type":"article","og_title":"Capvespres i sabors: sopars inoblidables en el Port de S\u00f3ller - Ses Oliveres Port de S\u00f3ller","og_description":"Primer arriba la brisa, suau, gaireb\u00e9 t\u00edmida. Despr\u00e9s, els \u00faltims raigs de sol acaricien les fa\u00e7anes de pedra daurada, i tot el port","og_url":"https:\/\/sesoliveresportdesoller.com\/ca\/2025\/05\/14\/capvespres-i-sabors-a-ses-oliveres\/","og_site_name":"Ses Oliveres Port de S\u00f3ller","article_published_time":"2025-05-14T09:13:33+00:00","article_modified_time":"2025-05-14T09:13:35+00:00","og_image":[{"width":1024,"height":682,"url":"https:\/\/ses-oliveres-port-de-soller.fra1.digitaloceanspaces.com\/wp-content\/uploads\/2025\/05\/14110553\/Atardeceres-en-Ses-Oliveres-1024x682.png","type":"image\/png"}],"author":"Ses Oliveres","twitter_card":"summary_large_image","twitter_misc":{"Escrit per":"Ses Oliveres","Temps estimat de lectura":"3 minuts"},"schema":{"@context":"https:\/\/schema.org","@graph":[{"@type":"Article","@id":"https:\/\/sesoliveresportdesoller.com\/ca\/2025\/05\/14\/capvespres-i-sabors-a-ses-oliveres\/#article","isPartOf":{"@id":"https:\/\/sesoliveresportdesoller.com\/ca\/2025\/05\/14\/capvespres-i-sabors-a-ses-oliveres\/"},"author":{"name":"Ses Oliveres","@id":"https:\/\/sesoliveresportdesoller.com\/ca\/#\/schema\/person\/b5b7c42fb246e7a69985ce8133fca51e"},"headline":"Capvespres i sabors: sopars inoblidables en el Port de S\u00f3ller","datePublished":"2025-05-14T09:13:33+00:00","dateModified":"2025-05-14T09:13:35+00:00","mainEntityOfPage":{"@id":"https:\/\/sesoliveresportdesoller.com\/ca\/2025\/05\/14\/capvespres-i-sabors-a-ses-oliveres\/"},"wordCount":507,"commentCount":0,"publisher":{"@id":"https:\/\/sesoliveresportdesoller.com\/ca\/#organization"},"image":{"@id":"https:\/\/sesoliveresportdesoller.com\/ca\/2025\/05\/14\/capvespres-i-sabors-a-ses-oliveres\/#primaryimage"},"thumbnailUrl":"https:\/\/ses-oliveres-port-de-soller.fra1.digitaloceanspaces.com\/wp-content\/uploads\/2025\/05\/14110553\/Atardeceres-en-Ses-Oliveres.png","keywords":["carnalabrasa","expositordepeix","verduresdetemporada"],"articleSection":["Sin categorizar"],"inLanguage":"ca","potentialAction":[{"@type":"CommentAction","name":"Comment","target":["https:\/\/sesoliveresportdesoller.com\/ca\/2025\/05\/14\/capvespres-i-sabors-a-ses-oliveres\/#respond"]}]},{"@type":"WebPage","@id":"https:\/\/sesoliveresportdesoller.com\/ca\/2025\/05\/14\/capvespres-i-sabors-a-ses-oliveres\/","url":"https:\/\/sesoliveresportdesoller.com\/ca\/2025\/05\/14\/capvespres-i-sabors-a-ses-oliveres\/","name":"Capvespres i sabors: sopars inoblidables en el Port de S\u00f3ller - Ses Oliveres Port de S\u00f3ller","isPartOf":{"@id":"https:\/\/sesoliveresportdesoller.com\/ca\/#website"},"primaryImageOfPage":{"@id":"https:\/\/sesoliveresportdesoller.com\/ca\/2025\/05\/14\/capvespres-i-sabors-a-ses-oliveres\/#primaryimage"},"image":{"@id":"https:\/\/sesoliveresportdesoller.com\/ca\/2025\/05\/14\/capvespres-i-sabors-a-ses-oliveres\/#primaryimage"},"thumbnailUrl":"https:\/\/ses-oliveres-port-de-soller.fra1.digitaloceanspaces.com\/wp-content\/uploads\/2025\/05\/14110553\/Atardeceres-en-Ses-Oliveres.png","datePublished":"2025-05-14T09:13:33+00:00","dateModified":"2025-05-14T09:13:35+00:00","description":"Primer arriba la brisa, suau, gaireb\u00e9 t\u00edmida. Despr\u00e9s, els \u00faltims raigs de sol acaricien les fa\u00e7anes de pedra daurada, i tot el port","breadcrumb":{"@id":"https:\/\/sesoliveresportdesoller.com\/ca\/2025\/05\/14\/capvespres-i-sabors-a-ses-oliveres\/#breadcrumb"},"inLanguage":"ca","potentialAction":[{"@type":"ReadAction","target":["https:\/\/sesoliveresportdesoller.com\/ca\/2025\/05\/14\/capvespres-i-sabors-a-ses-oliveres\/"]}]},{"@type":"ImageObject","inLanguage":"ca","@id":"https:\/\/sesoliveresportdesoller.com\/ca\/2025\/05\/14\/capvespres-i-sabors-a-ses-oliveres\/#primaryimage","url":"https:\/\/ses-oliveres-port-de-soller.fra1.digitaloceanspaces.com\/wp-content\/uploads\/2025\/05\/14110553\/Atardeceres-en-Ses-Oliveres.png","contentUrl":"https:\/\/ses-oliveres-port-de-soller.fra1.digitaloceanspaces.com\/wp-content\/uploads\/2025\/05\/14110553\/Atardeceres-en-Ses-Oliveres.png","width":1600,"height":1066,"caption":"restaurante al lado del mar al anochecer"},{"@type":"BreadcrumbList","@id":"https:\/\/sesoliveresportdesoller.com\/ca\/2025\/05\/14\/capvespres-i-sabors-a-ses-oliveres\/#breadcrumb","itemListElement":[{"@type":"ListItem","position":1,"name":"Portada","item":"https:\/\/sesoliveresportdesoller.com\/ca\/inici\/"},{"@type":"ListItem","position":2,"name":"Capvespres i sabors: sopars inoblidables en el Port de S\u00f3ller"}]},{"@type":"WebSite","@id":"https:\/\/sesoliveresportdesoller.com\/ca\/#website","url":"https:\/\/sesoliveresportdesoller.com\/ca\/","name":"Ses Oliveres Port de S\u00f3ller","description":"Ses Oliveres es un restaurante especializado en arroces, pescados y mariscos, situado en primera l\u00ednea del Port de S\u00f3ller.  Se trata de un concepto de cocina con productos frescos y \u201cdel mar a la mesa\u201d. Disponen de una vitrina con pescado fresco diario. Seg\u00fan sus rese\u00f1as en Google y otras plataformas como Tripadvisor, destacan por su ubicaci\u00f3n excepcional y por la calidad de sus platos.","publisher":{"@id":"https:\/\/sesoliveresportdesoller.com\/ca\/#organization"},"potentialAction":[{"@type":"SearchAction","target":{"@type":"EntryPoint","urlTemplate":"https:\/\/sesoliveresportdesoller.com\/ca\/?s={search_term_string}"},"query-input":{"@type":"PropertyValueSpecification","valueRequired":true,"valueName":"search_term_string"}}],"inLanguage":"ca"},{"@type":"Organization","@id":"https:\/\/sesoliveresportdesoller.com\/ca\/#organization","name":"Ses Oliveres Port de S\u00f3ller","url":"https:\/\/sesoliveresportdesoller.com\/ca\/","logo":{"@type":"ImageObject","inLanguage":"ca","@id":"https:\/\/sesoliveresportdesoller.com\/ca\/#\/schema\/logo\/image\/","url":"https:\/\/ses-oliveres-port-de-soller.fra1.digitaloceanspaces.com\/wp-content\/uploads\/2024\/06\/25123952\/logo.svg","contentUrl":"https:\/\/ses-oliveres-port-de-soller.fra1.digitaloceanspaces.com\/wp-content\/uploads\/2024\/06\/25123952\/logo.svg","width":128,"height":55,"caption":"Ses Oliveres Port de S\u00f3ller"},"image":{"@id":"https:\/\/sesoliveresportdesoller.com\/ca\/#\/schema\/logo\/image\/"}},{"@type":"Person","@id":"https:\/\/sesoliveresportdesoller.com\/ca\/#\/schema\/person\/b5b7c42fb246e7a69985ce8133fca51e","name":"Ses Oliveres","image":{"@type":"ImageObject","inLanguage":"ca","@id":"https:\/\/sesoliveresportdesoller.com\/ca\/#\/schema\/person\/image\/","url":"https:\/\/secure.gravatar.com\/avatar\/8090ef7ea57149f9049c2bb8b917c09dff08d3f14f396d4b00da77b3f23c5970?s=96&d=mm&r=g","contentUrl":"https:\/\/secure.gravatar.com\/avatar\/8090ef7ea57149f9049c2bb8b917c09dff08d3f14f396d4b00da77b3f23c5970?s=96&d=mm&r=g","caption":"Ses Oliveres"},"url":"https:\/\/sesoliveresportdesoller.com\/ca\/author\/sesoliveres\/"}]}},"_links":{"self":[{"href":"https:\/\/sesoliveresportdesoller.com\/ca\/wp-json\/wp\/v2\/posts\/1431","targetHints":{"allow":["GET"]}}],"collection":[{"href":"https:\/\/sesoliveresportdesoller.com\/ca\/wp-json\/wp\/v2\/posts"}],"about":[{"href":"https:\/\/sesoliveresportdesoller.com\/ca\/wp-json\/wp\/v2\/types\/post"}],"author":[{"embeddable":true,"href":"https:\/\/sesoliveresportdesoller.com\/ca\/wp-json\/wp\/v2\/users\/3"}],"replies":[{"embeddable":true,"href":"https:\/\/sesoliveresportdesoller.com\/ca\/wp-json\/wp\/v2\/comments?post=1431"}],"version-history":[{"count":1,"href":"https:\/\/sesoliveresportdesoller.com\/ca\/wp-json\/wp\/v2\/posts\/1431\/revisions"}],"predecessor-version":[{"id":1432,"href":"https:\/\/sesoliveresportdesoller.com\/ca\/wp-json\/wp\/v2\/posts\/1431\/revisions\/1432"}],"wp:featuredmedia":[{"embeddable":true,"href":"https:\/\/sesoliveresportdesoller.com\/ca\/wp-json\/wp\/v2\/media\/1426"}],"wp:attachment":[{"href":"https:\/\/sesoliveresportdesoller.com\/ca\/wp-json\/wp\/v2\/media?parent=1431"}],"wp:term":[{"taxonomy":"category","embeddable":true,"href":"https:\/\/sesoliveresportdesoller.com\/ca\/wp-json\/wp\/v2\/categories?post=1431"},{"taxonomy":"post_tag","embeddable":true,"href":"https:\/\/sesoliveresportdesoller.com\/ca\/wp-json\/wp\/v2\/tags?post=1431"}],"curies":[{"name":"wp","href":"https:\/\/api.w.org\/{rel}","templated":true}]}}