{"id":1456,"date":"2025-06-12T18:15:02","date_gmt":"2025-06-12T16:15:02","guid":{"rendered":"https:\/\/sesoliveresportdesoller.com\/?p=1456"},"modified":"2025-06-12T18:15:45","modified_gmt":"2025-06-12T16:15:45","slug":"vermut-amb-vistes-a-ses-oliveres","status":"publish","type":"post","link":"https:\/\/sesoliveresportdesoller.com\/ca\/2025\/06\/12\/vermut-amb-vistes-a-ses-oliveres\/","title":{"rendered":"Vermut amb vistes: el pla secret per a les teves tardes a Port de S\u00f3ller"},"content":{"rendered":"<p>Quan cau la tarda a Port de S\u00f3ller, el sol comen\u00e7a a acariciar la mar amb tons daurats i l\u2019aire s\u2019omple d\u2019aquesta brisa tan \u00fanica del Mediterrani. \u00c9s llavors quan comen\u00e7a un dels millors moments del dia: <strong>el vermut davant la mar<\/strong>. <a href=\"https:\/\/sesoliveresportdesoller.com\/\">A <strong>Ses Oliveres Port de S\u00f3ller<\/strong><\/a>, et convidam a descobrir un pla que pocs coneixen i que, una vegada el provis, es convertir\u00e0 en el teu preferit: <strong>una picada, beguda fresca i la millor posta de sol de l\u2019illa<\/strong>.<\/p>\n<p><strong>Per qu\u00e8 el vermut torna a estar de moda?<\/strong><\/p>\n<p>Encara que molts l\u2019associen amb diumenges en fam\u00edlia o amb costums d\u2019altres temps, el vermut ha tornat amb for\u00e7a. I no parlam nom\u00e9s del <a href=\"https:\/\/es.wikipedia.org\/wiki\/Verm%C3%BA\">vermut cl\u00e0ssic<\/a>, sin\u00f3 de tota una cultura de l\u2019<strong>aperitiu llarg<\/strong> a l\u2019estil mediterrani. Un pla relaxat, gust\u00f3s i molt social que encaixa a la perfecci\u00f3 amb el ritme de la vida vora la mar. I ara que ja hem encetat el mes de juny, \u00e9s m\u00e9s apetible que mai.<\/p>\n<p><strong>A Ses Oliveres, el vermut es viu aix\u00ed<\/strong><\/p>\n<p>Tens la mar a un pas, una terrassa amb encant i una carta perfecta per compartir. Alguns dels plats preferits dels nostres clients per acompanyar aquest moment s\u00f3n:<\/p>\n<ul>\n<li><strong>El nostre pop mar i muntanya<\/strong>, un plat estrella que combina sabor i textura com cap altre. Encara no l\u2019has tastat? T\u2019encantar\u00e0.<\/li>\n<li><a href=\"https:\/\/sesoliveresportdesoller.com\/2024\/10\/10\/almeja-concha-fina-en-ses-oliveres-port-de-soller\/\"><strong>Musclos del xef<\/strong><\/a>, preparats amb cura i un toc secret que enamora.<\/li>\n<li><strong>Carpaccio de gamba de S\u00f3ller<\/strong>, fresc, delicat i amb tot el sabor del port. Un dels m\u00e9s populars de la nostra carta.<\/li>\n<li><strong>Seitons fregits<\/strong>, cruixents per fora i suaus per dins. La definici\u00f3 de delici\u00f3s.<\/li>\n<li><strong>Plat de fumats<\/strong>, ideal per maridar amb vins blancs o vermuts artesans.<\/li>\n<li><strong>Croquetes casolanes del dia<\/strong>, sempre acabades de fer, sempre irresistibles.<\/li>\n<\/ul>\n<p>I per beure? A m\u00e9s del vermut vermell o blanc de tota la vida, pots optar per un <strong>vi mallorqu\u00ed<\/strong>, una copa de <strong>cava ben freda<\/strong>, o una <strong>cervesa artesana local<\/strong>.<\/p>\n<p><strong>La posta de sol m\u00e9s bonica de Mallorca&#8230; amb sabor<\/strong><\/p>\n<p>Veure com el sol es pon damunt el port de S\u00f3ller \u00e9s un espectacle. Els colors es tornen roses, daurats i blaus profunds. L\u2019ambient es torna m\u00e9s \u00edntim. I tu ets all\u00e0, amb una copa a la m\u00e0, alguna cosa bona per picar, i una conversa que flueix sense presses. <strong>Aquest \u00e9s el vertader luxe.<\/strong><\/p>\n<p>Ens trobar\u00e0s <strong>a primera l\u00ednia del passeig mar\u00edtim<\/strong>, a pocs metres de la platja.<br \/>\nI s\u00ed, \u00e9s el lloc perfecte per fer <strong>aquella foto<\/strong> que acabar\u00e0 sent el teu nou fons de pantalla.<\/p>\n<p><strong>T\u2019hi apuntes?<\/strong><\/p>\n<p>Reserva taula o vine sense presses, <strong>l\u2019hora del vermut no t\u00e9 rellotge<\/strong>.<br \/>\nEstam oberts cada dia i pots consultar <a href=\"https:\/\/sesoliveresportdesoller.com\/la-carta\/\">la nostra carta actualitzada aqu\u00ed.<\/a><\/p>\n","protected":false},"excerpt":{"rendered":"<p>Quan cau la tarda a Port de S\u00f3ller, el sol comen\u00e7a a acariciar la mar amb tons daurats i l\u2019aire s\u2019omple d\u2019aquesta brisa tan \u00fanica del Mediterrani. \u00c9s llavors quan comen\u00e7a un dels millors moments del dia: el vermut davant la mar. A Ses Oliveres Port de S\u00f3ller, et convidam a descobrir un pla que [&hellip;]<\/p>\n","protected":false},"author":3,"featured_media":1453,"comment_status":"open","ping_status":"open","sticky":false,"template":"","format":"standard","meta":{"footnotes":""},"categories":[1],"tags":[49,50,48],"class_list":["post-1456","post","type-post","status-publish","format-standard","has-post-thumbnail","hentry","category-sin-categorizar","tag-aperitiu","tag-suggeriment","tag-vermut-2"],"yoast_head":"<!-- This site is optimized with the Yoast SEO plugin v26.5 - https:\/\/yoast.com\/wordpress\/plugins\/seo\/ -->\n<title>Vermut amb vistes a Ses Oliveres<\/title>\n<meta name=\"description\" content=\"Torna un costum que, a Ses Oliveres, ens encanta: prendre un vermut abans de dinar, acompanyat amb unes olives o un plat per picar\" \/>\n<meta name=\"robots\" content=\"index, follow, max-snippet:-1, max-image-preview:large, max-video-preview:-1\" \/>\n<link rel=\"canonical\" href=\"https:\/\/sesoliveresportdesoller.com\/ca\/2025\/06\/12\/vermut-amb-vistes-a-ses-oliveres\/\" \/>\n<meta property=\"og:locale\" content=\"ca_ES\" \/>\n<meta property=\"og:type\" content=\"article\" \/>\n<meta property=\"og:title\" content=\"Vermut amb vistes a Ses Oliveres\" \/>\n<meta property=\"og:description\" content=\"Torna un costum que, a Ses Oliveres, ens encanta: prendre un vermut abans de dinar, acompanyat amb unes olives o un plat per picar\" \/>\n<meta property=\"og:url\" content=\"https:\/\/sesoliveresportdesoller.com\/ca\/2025\/06\/12\/vermut-amb-vistes-a-ses-oliveres\/\" \/>\n<meta property=\"og:site_name\" content=\"Ses Oliveres Port de S\u00f3ller\" \/>\n<meta property=\"article:published_time\" content=\"2025-06-12T16:15:02+00:00\" \/>\n<meta property=\"article:modified_time\" content=\"2025-06-12T16:15:45+00:00\" \/>\n<meta property=\"og:image\" content=\"https:\/\/ses-oliveres-port-de-soller.fra1.digitaloceanspaces.com\/wp-content\/uploads\/2025\/06\/12180914\/Diseno-sin-titulo-5.png\" \/>\n\t<meta property=\"og:image:width\" content=\"1080\" \/>\n\t<meta property=\"og:image:height\" content=\"1080\" \/>\n\t<meta property=\"og:image:type\" content=\"image\/png\" \/>\n<meta name=\"author\" content=\"Ses Oliveres\" \/>\n<meta name=\"twitter:card\" content=\"summary_large_image\" \/>\n<meta name=\"twitter:label1\" content=\"Escrit per\" \/>\n\t<meta name=\"twitter:data1\" content=\"Ses Oliveres\" \/>\n\t<meta name=\"twitter:label2\" content=\"Temps estimat de lectura\" \/>\n\t<meta name=\"twitter:data2\" content=\"3 minuts\" \/>\n<script type=\"application\/ld+json\" class=\"yoast-schema-graph\">{\"@context\":\"https:\/\/schema.org\",\"@graph\":[{\"@type\":\"Article\",\"@id\":\"https:\/\/sesoliveresportdesoller.com\/ca\/2025\/06\/12\/vermut-amb-vistes-a-ses-oliveres\/#article\",\"isPartOf\":{\"@id\":\"https:\/\/sesoliveresportdesoller.com\/ca\/2025\/06\/12\/vermut-amb-vistes-a-ses-oliveres\/\"},\"author\":{\"name\":\"Ses Oliveres\",\"@id\":\"https:\/\/sesoliveresportdesoller.com\/ca\/#\/schema\/person\/b5b7c42fb246e7a69985ce8133fca51e\"},\"headline\":\"Vermut amb vistes: el pla secret per a les teves tardes a Port de S\u00f3ller\",\"datePublished\":\"2025-06-12T16:15:02+00:00\",\"dateModified\":\"2025-06-12T16:15:45+00:00\",\"mainEntityOfPage\":{\"@id\":\"https:\/\/sesoliveresportdesoller.com\/ca\/2025\/06\/12\/vermut-amb-vistes-a-ses-oliveres\/\"},\"wordCount\":495,\"commentCount\":0,\"publisher\":{\"@id\":\"https:\/\/sesoliveresportdesoller.com\/ca\/#organization\"},\"image\":{\"@id\":\"https:\/\/sesoliveresportdesoller.com\/ca\/2025\/06\/12\/vermut-amb-vistes-a-ses-oliveres\/#primaryimage\"},\"thumbnailUrl\":\"https:\/\/ses-oliveres-port-de-soller.fra1.digitaloceanspaces.com\/wp-content\/uploads\/2025\/06\/12180914\/Diseno-sin-titulo-5.png\",\"keywords\":[\"aperitiu\",\"suggeriment\",\"vermut\"],\"articleSection\":[\"Sin categorizar\"],\"inLanguage\":\"ca\",\"potentialAction\":[{\"@type\":\"CommentAction\",\"name\":\"Comment\",\"target\":[\"https:\/\/sesoliveresportdesoller.com\/ca\/2025\/06\/12\/vermut-amb-vistes-a-ses-oliveres\/#respond\"]}]},{\"@type\":\"WebPage\",\"@id\":\"https:\/\/sesoliveresportdesoller.com\/ca\/2025\/06\/12\/vermut-amb-vistes-a-ses-oliveres\/\",\"url\":\"https:\/\/sesoliveresportdesoller.com\/ca\/2025\/06\/12\/vermut-amb-vistes-a-ses-oliveres\/\",\"name\":\"Vermut amb vistes a Ses Oliveres\",\"isPartOf\":{\"@id\":\"https:\/\/sesoliveresportdesoller.com\/ca\/#website\"},\"primaryImageOfPage\":{\"@id\":\"https:\/\/sesoliveresportdesoller.com\/ca\/2025\/06\/12\/vermut-amb-vistes-a-ses-oliveres\/#primaryimage\"},\"image\":{\"@id\":\"https:\/\/sesoliveresportdesoller.com\/ca\/2025\/06\/12\/vermut-amb-vistes-a-ses-oliveres\/#primaryimage\"},\"thumbnailUrl\":\"https:\/\/ses-oliveres-port-de-soller.fra1.digitaloceanspaces.com\/wp-content\/uploads\/2025\/06\/12180914\/Diseno-sin-titulo-5.png\",\"datePublished\":\"2025-06-12T16:15:02+00:00\",\"dateModified\":\"2025-06-12T16:15:45+00:00\",\"description\":\"Torna un costum que, a Ses Oliveres, ens encanta: prendre un vermut abans de dinar, acompanyat amb unes olives o un plat per picar\",\"breadcrumb\":{\"@id\":\"https:\/\/sesoliveresportdesoller.com\/ca\/2025\/06\/12\/vermut-amb-vistes-a-ses-oliveres\/#breadcrumb\"},\"inLanguage\":\"ca\",\"potentialAction\":[{\"@type\":\"ReadAction\",\"target\":[\"https:\/\/sesoliveresportdesoller.com\/ca\/2025\/06\/12\/vermut-amb-vistes-a-ses-oliveres\/\"]}]},{\"@type\":\"ImageObject\",\"inLanguage\":\"ca\",\"@id\":\"https:\/\/sesoliveresportdesoller.com\/ca\/2025\/06\/12\/vermut-amb-vistes-a-ses-oliveres\/#primaryimage\",\"url\":\"https:\/\/ses-oliveres-port-de-soller.fra1.digitaloceanspaces.com\/wp-content\/uploads\/2025\/06\/12180914\/Diseno-sin-titulo-5.png\",\"contentUrl\":\"https:\/\/ses-oliveres-port-de-soller.fra1.digitaloceanspaces.com\/wp-content\/uploads\/2025\/06\/12180914\/Diseno-sin-titulo-5.png\",\"width\":1080,\"height\":1080,\"caption\":\"coma de vermouth para un aperitivo en Ses Oliveres\"},{\"@type\":\"BreadcrumbList\",\"@id\":\"https:\/\/sesoliveresportdesoller.com\/ca\/2025\/06\/12\/vermut-amb-vistes-a-ses-oliveres\/#breadcrumb\",\"itemListElement\":[{\"@type\":\"ListItem\",\"position\":1,\"name\":\"Portada\",\"item\":\"https:\/\/sesoliveresportdesoller.com\/ca\/inici\/\"},{\"@type\":\"ListItem\",\"position\":2,\"name\":\"Vermut amb vistes: el pla secret per a les teves tardes a Port de S\u00f3ller\"}]},{\"@type\":\"WebSite\",\"@id\":\"https:\/\/sesoliveresportdesoller.com\/ca\/#website\",\"url\":\"https:\/\/sesoliveresportdesoller.com\/ca\/\",\"name\":\"Ses Oliveres Port de S\u00f3ller\",\"description\":\"Ses Oliveres es un restaurante especializado en arroces, pescados y mariscos, situado en primera l\u00ednea del Port de S\u00f3ller.  Se trata de un concepto de cocina con productos frescos y \u201cdel mar a la mesa\u201d. Disponen de una vitrina con pescado fresco diario. Seg\u00fan sus rese\u00f1as en Google y otras plataformas como Tripadvisor, destacan por su ubicaci\u00f3n excepcional y por la calidad de sus platos.\",\"publisher\":{\"@id\":\"https:\/\/sesoliveresportdesoller.com\/ca\/#organization\"},\"potentialAction\":[{\"@type\":\"SearchAction\",\"target\":{\"@type\":\"EntryPoint\",\"urlTemplate\":\"https:\/\/sesoliveresportdesoller.com\/ca\/?s={search_term_string}\"},\"query-input\":{\"@type\":\"PropertyValueSpecification\",\"valueRequired\":true,\"valueName\":\"search_term_string\"}}],\"inLanguage\":\"ca\"},{\"@type\":\"Organization\",\"@id\":\"https:\/\/sesoliveresportdesoller.com\/ca\/#organization\",\"name\":\"Ses Oliveres Port de S\u00f3ller\",\"url\":\"https:\/\/sesoliveresportdesoller.com\/ca\/\",\"logo\":{\"@type\":\"ImageObject\",\"inLanguage\":\"ca\",\"@id\":\"https:\/\/sesoliveresportdesoller.com\/ca\/#\/schema\/logo\/image\/\",\"url\":\"https:\/\/ses-oliveres-port-de-soller.fra1.digitaloceanspaces.com\/wp-content\/uploads\/2024\/06\/25123952\/logo.svg\",\"contentUrl\":\"https:\/\/ses-oliveres-port-de-soller.fra1.digitaloceanspaces.com\/wp-content\/uploads\/2024\/06\/25123952\/logo.svg\",\"width\":128,\"height\":55,\"caption\":\"Ses Oliveres Port de S\u00f3ller\"},\"image\":{\"@id\":\"https:\/\/sesoliveresportdesoller.com\/ca\/#\/schema\/logo\/image\/\"}},{\"@type\":\"Person\",\"@id\":\"https:\/\/sesoliveresportdesoller.com\/ca\/#\/schema\/person\/b5b7c42fb246e7a69985ce8133fca51e\",\"name\":\"Ses Oliveres\",\"image\":{\"@type\":\"ImageObject\",\"inLanguage\":\"ca\",\"@id\":\"https:\/\/sesoliveresportdesoller.com\/ca\/#\/schema\/person\/image\/\",\"url\":\"https:\/\/secure.gravatar.com\/avatar\/8090ef7ea57149f9049c2bb8b917c09dff08d3f14f396d4b00da77b3f23c5970?s=96&d=mm&r=g\",\"contentUrl\":\"https:\/\/secure.gravatar.com\/avatar\/8090ef7ea57149f9049c2bb8b917c09dff08d3f14f396d4b00da77b3f23c5970?s=96&d=mm&r=g\",\"caption\":\"Ses Oliveres\"},\"url\":\"https:\/\/sesoliveresportdesoller.com\/ca\/author\/sesoliveres\/\"}]}<\/script>\n<!-- \/ Yoast SEO plugin. -->","yoast_head_json":{"title":"Vermut amb vistes a Ses Oliveres","description":"Torna un costum que, a Ses Oliveres, ens encanta: prendre un vermut abans de dinar, acompanyat amb unes olives o un plat per picar","robots":{"index":"index","follow":"follow","max-snippet":"max-snippet:-1","max-image-preview":"max-image-preview:large","max-video-preview":"max-video-preview:-1"},"canonical":"https:\/\/sesoliveresportdesoller.com\/ca\/2025\/06\/12\/vermut-amb-vistes-a-ses-oliveres\/","og_locale":"ca_ES","og_type":"article","og_title":"Vermut amb vistes a Ses Oliveres","og_description":"Torna un costum que, a Ses Oliveres, ens encanta: prendre un vermut abans de dinar, acompanyat amb unes olives o un plat per picar","og_url":"https:\/\/sesoliveresportdesoller.com\/ca\/2025\/06\/12\/vermut-amb-vistes-a-ses-oliveres\/","og_site_name":"Ses Oliveres Port de S\u00f3ller","article_published_time":"2025-06-12T16:15:02+00:00","article_modified_time":"2025-06-12T16:15:45+00:00","og_image":[{"width":1080,"height":1080,"url":"https:\/\/ses-oliveres-port-de-soller.fra1.digitaloceanspaces.com\/wp-content\/uploads\/2025\/06\/12180914\/Diseno-sin-titulo-5.png","type":"image\/png"}],"author":"Ses Oliveres","twitter_card":"summary_large_image","twitter_misc":{"Escrit per":"Ses Oliveres","Temps estimat de lectura":"3 minuts"},"schema":{"@context":"https:\/\/schema.org","@graph":[{"@type":"Article","@id":"https:\/\/sesoliveresportdesoller.com\/ca\/2025\/06\/12\/vermut-amb-vistes-a-ses-oliveres\/#article","isPartOf":{"@id":"https:\/\/sesoliveresportdesoller.com\/ca\/2025\/06\/12\/vermut-amb-vistes-a-ses-oliveres\/"},"author":{"name":"Ses Oliveres","@id":"https:\/\/sesoliveresportdesoller.com\/ca\/#\/schema\/person\/b5b7c42fb246e7a69985ce8133fca51e"},"headline":"Vermut amb vistes: el pla secret per a les teves tardes a Port de S\u00f3ller","datePublished":"2025-06-12T16:15:02+00:00","dateModified":"2025-06-12T16:15:45+00:00","mainEntityOfPage":{"@id":"https:\/\/sesoliveresportdesoller.com\/ca\/2025\/06\/12\/vermut-amb-vistes-a-ses-oliveres\/"},"wordCount":495,"commentCount":0,"publisher":{"@id":"https:\/\/sesoliveresportdesoller.com\/ca\/#organization"},"image":{"@id":"https:\/\/sesoliveresportdesoller.com\/ca\/2025\/06\/12\/vermut-amb-vistes-a-ses-oliveres\/#primaryimage"},"thumbnailUrl":"https:\/\/ses-oliveres-port-de-soller.fra1.digitaloceanspaces.com\/wp-content\/uploads\/2025\/06\/12180914\/Diseno-sin-titulo-5.png","keywords":["aperitiu","suggeriment","vermut"],"articleSection":["Sin categorizar"],"inLanguage":"ca","potentialAction":[{"@type":"CommentAction","name":"Comment","target":["https:\/\/sesoliveresportdesoller.com\/ca\/2025\/06\/12\/vermut-amb-vistes-a-ses-oliveres\/#respond"]}]},{"@type":"WebPage","@id":"https:\/\/sesoliveresportdesoller.com\/ca\/2025\/06\/12\/vermut-amb-vistes-a-ses-oliveres\/","url":"https:\/\/sesoliveresportdesoller.com\/ca\/2025\/06\/12\/vermut-amb-vistes-a-ses-oliveres\/","name":"Vermut amb vistes a Ses Oliveres","isPartOf":{"@id":"https:\/\/sesoliveresportdesoller.com\/ca\/#website"},"primaryImageOfPage":{"@id":"https:\/\/sesoliveresportdesoller.com\/ca\/2025\/06\/12\/vermut-amb-vistes-a-ses-oliveres\/#primaryimage"},"image":{"@id":"https:\/\/sesoliveresportdesoller.com\/ca\/2025\/06\/12\/vermut-amb-vistes-a-ses-oliveres\/#primaryimage"},"thumbnailUrl":"https:\/\/ses-oliveres-port-de-soller.fra1.digitaloceanspaces.com\/wp-content\/uploads\/2025\/06\/12180914\/Diseno-sin-titulo-5.png","datePublished":"2025-06-12T16:15:02+00:00","dateModified":"2025-06-12T16:15:45+00:00","description":"Torna un costum que, a Ses Oliveres, ens encanta: prendre un vermut abans de dinar, acompanyat amb unes olives o un plat per picar","breadcrumb":{"@id":"https:\/\/sesoliveresportdesoller.com\/ca\/2025\/06\/12\/vermut-amb-vistes-a-ses-oliveres\/#breadcrumb"},"inLanguage":"ca","potentialAction":[{"@type":"ReadAction","target":["https:\/\/sesoliveresportdesoller.com\/ca\/2025\/06\/12\/vermut-amb-vistes-a-ses-oliveres\/"]}]},{"@type":"ImageObject","inLanguage":"ca","@id":"https:\/\/sesoliveresportdesoller.com\/ca\/2025\/06\/12\/vermut-amb-vistes-a-ses-oliveres\/#primaryimage","url":"https:\/\/ses-oliveres-port-de-soller.fra1.digitaloceanspaces.com\/wp-content\/uploads\/2025\/06\/12180914\/Diseno-sin-titulo-5.png","contentUrl":"https:\/\/ses-oliveres-port-de-soller.fra1.digitaloceanspaces.com\/wp-content\/uploads\/2025\/06\/12180914\/Diseno-sin-titulo-5.png","width":1080,"height":1080,"caption":"coma de vermouth para un aperitivo en Ses Oliveres"},{"@type":"BreadcrumbList","@id":"https:\/\/sesoliveresportdesoller.com\/ca\/2025\/06\/12\/vermut-amb-vistes-a-ses-oliveres\/#breadcrumb","itemListElement":[{"@type":"ListItem","position":1,"name":"Portada","item":"https:\/\/sesoliveresportdesoller.com\/ca\/inici\/"},{"@type":"ListItem","position":2,"name":"Vermut amb vistes: el pla secret per a les teves tardes a Port de S\u00f3ller"}]},{"@type":"WebSite","@id":"https:\/\/sesoliveresportdesoller.com\/ca\/#website","url":"https:\/\/sesoliveresportdesoller.com\/ca\/","name":"Ses Oliveres Port de S\u00f3ller","description":"Ses Oliveres es un restaurante especializado en arroces, pescados y mariscos, situado en primera l\u00ednea del Port de S\u00f3ller.  Se trata de un concepto de cocina con productos frescos y \u201cdel mar a la mesa\u201d. Disponen de una vitrina con pescado fresco diario. Seg\u00fan sus rese\u00f1as en Google y otras plataformas como Tripadvisor, destacan por su ubicaci\u00f3n excepcional y por la calidad de sus platos.","publisher":{"@id":"https:\/\/sesoliveresportdesoller.com\/ca\/#organization"},"potentialAction":[{"@type":"SearchAction","target":{"@type":"EntryPoint","urlTemplate":"https:\/\/sesoliveresportdesoller.com\/ca\/?s={search_term_string}"},"query-input":{"@type":"PropertyValueSpecification","valueRequired":true,"valueName":"search_term_string"}}],"inLanguage":"ca"},{"@type":"Organization","@id":"https:\/\/sesoliveresportdesoller.com\/ca\/#organization","name":"Ses Oliveres Port de S\u00f3ller","url":"https:\/\/sesoliveresportdesoller.com\/ca\/","logo":{"@type":"ImageObject","inLanguage":"ca","@id":"https:\/\/sesoliveresportdesoller.com\/ca\/#\/schema\/logo\/image\/","url":"https:\/\/ses-oliveres-port-de-soller.fra1.digitaloceanspaces.com\/wp-content\/uploads\/2024\/06\/25123952\/logo.svg","contentUrl":"https:\/\/ses-oliveres-port-de-soller.fra1.digitaloceanspaces.com\/wp-content\/uploads\/2024\/06\/25123952\/logo.svg","width":128,"height":55,"caption":"Ses Oliveres Port de S\u00f3ller"},"image":{"@id":"https:\/\/sesoliveresportdesoller.com\/ca\/#\/schema\/logo\/image\/"}},{"@type":"Person","@id":"https:\/\/sesoliveresportdesoller.com\/ca\/#\/schema\/person\/b5b7c42fb246e7a69985ce8133fca51e","name":"Ses Oliveres","image":{"@type":"ImageObject","inLanguage":"ca","@id":"https:\/\/sesoliveresportdesoller.com\/ca\/#\/schema\/person\/image\/","url":"https:\/\/secure.gravatar.com\/avatar\/8090ef7ea57149f9049c2bb8b917c09dff08d3f14f396d4b00da77b3f23c5970?s=96&d=mm&r=g","contentUrl":"https:\/\/secure.gravatar.com\/avatar\/8090ef7ea57149f9049c2bb8b917c09dff08d3f14f396d4b00da77b3f23c5970?s=96&d=mm&r=g","caption":"Ses Oliveres"},"url":"https:\/\/sesoliveresportdesoller.com\/ca\/author\/sesoliveres\/"}]}},"_links":{"self":[{"href":"https:\/\/sesoliveresportdesoller.com\/ca\/wp-json\/wp\/v2\/posts\/1456","targetHints":{"allow":["GET"]}}],"collection":[{"href":"https:\/\/sesoliveresportdesoller.com\/ca\/wp-json\/wp\/v2\/posts"}],"about":[{"href":"https:\/\/sesoliveresportdesoller.com\/ca\/wp-json\/wp\/v2\/types\/post"}],"author":[{"embeddable":true,"href":"https:\/\/sesoliveresportdesoller.com\/ca\/wp-json\/wp\/v2\/users\/3"}],"replies":[{"embeddable":true,"href":"https:\/\/sesoliveresportdesoller.com\/ca\/wp-json\/wp\/v2\/comments?post=1456"}],"version-history":[{"count":1,"href":"https:\/\/sesoliveresportdesoller.com\/ca\/wp-json\/wp\/v2\/posts\/1456\/revisions"}],"predecessor-version":[{"id":1457,"href":"https:\/\/sesoliveresportdesoller.com\/ca\/wp-json\/wp\/v2\/posts\/1456\/revisions\/1457"}],"wp:featuredmedia":[{"embeddable":true,"href":"https:\/\/sesoliveresportdesoller.com\/ca\/wp-json\/wp\/v2\/media\/1453"}],"wp:attachment":[{"href":"https:\/\/sesoliveresportdesoller.com\/ca\/wp-json\/wp\/v2\/media?parent=1456"}],"wp:term":[{"taxonomy":"category","embeddable":true,"href":"https:\/\/sesoliveresportdesoller.com\/ca\/wp-json\/wp\/v2\/categories?post=1456"},{"taxonomy":"post_tag","embeddable":true,"href":"https:\/\/sesoliveresportdesoller.com\/ca\/wp-json\/wp\/v2\/tags?post=1456"}],"curies":[{"name":"wp","href":"https:\/\/api.w.org\/{rel}","templated":true}]}}