{"id":1466,"date":"2025-06-27T10:20:01","date_gmt":"2025-06-27T08:20:01","guid":{"rendered":"https:\/\/sesoliveresportdesoller.com\/?p=1466"},"modified":"2025-06-27T10:20:04","modified_gmt":"2025-06-27T08:20:04","slug":"menu-per-a-dos-a-ses-oliveres-port-de-soller","status":"publish","type":"post","link":"https:\/\/sesoliveresportdesoller.com\/ca\/2025\/06\/27\/menu-per-a-dos-a-ses-oliveres-port-de-soller\/","title":{"rendered":"Proposta de men\u00fa per a dos a Ses Oliveres: sabors per compartir vora la mar"},"content":{"rendered":"<p>Un dinar o un sopar en parella pot convertir-se en una experi\u00e8ncia inoblidable si s\u2019encerta amb el lloc, l\u2019ambient\u2026 i, per descomptat, el menjar. A <a href=\"https:\/\/sesoliveresportdesoller.com\"><strong>Ses Oliveres Port de S\u00f3ller<\/strong><\/a>, et proposam un men\u00fa pensat per compartir, gaudir amb calma i assaborir l\u2019ess\u00e8ncia del Mediterrani. Davant la mar, sota la llum daurada del capvespre o amb el so suau de les onades al fons, aquest men\u00fa es converteix en el pla perfecte per a dues persones.<\/p>\n<h2><strong>Per compartir: picada amb identitat mallorquina<\/strong><\/h2>\n<p>El millor comen\u00e7ament \u00e9s sempre el que es gaudeix al centre de la taula. Per obrir la gana, suggerim tres propostes que combinen tradici\u00f3, producte de proximitat i una elaboraci\u00f3 acurada.<\/p>\n<p>Les <strong>croquetes casolanes del dia<\/strong> s\u00f3n una aposta segura: cremoses, gustoses i acabades de fer. Canvien segons el dia i sempre sorprenen. A continuaci\u00f3, el <strong>carpaccio de gamba de S\u00f3ller<\/strong> aporta un toc fresc, elegant i ple de sabor local, ideal per a qui cerca una experi\u00e8ncia diferent. Per acabar, uns <strong>seitons fregits cruixents<\/strong> completen la picada amb aquella textura irresistible que convida a repetir.<\/p>\n<p>Aquestes entrades es poden maridar perfectament amb una copa de <strong>vi blanc mallorqu\u00ed<\/strong> o amb un bon <strong>vermut artes\u00e0<\/strong>, ideal per a gaudir del moment sense presses.<\/p>\n<p>I, per descomptat, no pot faltar el nostre <strong>pa amb olives<\/strong>.<\/p>\n<h2><strong>Plats principals: cadasc\u00fa amb la seva elecci\u00f3\u2026 o un arr\u00f2s per compartir<\/strong><\/h2>\n<p>Si la parella vol experimentar sabors diferents, una combinaci\u00f3 ideal \u00e9s el <strong>pop mar i muntanya<\/strong> i la <strong>galta de vedella<\/strong>. El pop, amb una textura tendra i una preparaci\u00f3 que fusiona mar i terra, \u00e9s un dels plats m\u00e9s valorats del restaurant. La galta, cuinada a baixa temperatura, \u00e9s pura melositat: perfecta per als amants de la carn amb car\u00e0cter.<\/p>\n<p>Una altra opci\u00f3 \u00e9s compartir un arr\u00f2s, com l\u2019<strong>arr\u00f2s mel\u00f3s de gambes de S\u00f3ller i s\u00edpia<\/strong>, ple de sabor mar\u00ed i amb la cremositat justa. Aquest plat requereix un m\u00ednim de dues persones, per\u00f2 si tots dos s\u2019hi animen, \u00e9s una experi\u00e8ncia que val molt la pena.<\/p>\n<h2><strong>Un final dol\u00e7: millor si es comparteix<\/strong><\/h2>\n<p>Per acabar la vetllada, res millor que compartir unes postres<strong> casolanes<\/strong>. Si est\u00e0 disponible, el <strong>gat\u00f3 mallorqu\u00ed amb gelat<\/strong> \u00e9s una elecci\u00f3 molt especial: elaborat amb ametlles mallorquines, combina a la perfecci\u00f3 amb la frescor del gelat. Si no, pots demanar les suggeriments del dia, que solen incloure past\u00eds de formatge, coulant de xocolata o dol\u00e7os amb <strong>c\u00edtrics de S\u00f3ller<\/strong>.<\/p>\n<p>Per acompanyar les postres, un bon <a href=\"https:\/\/mallorcaspirit.com\/\"><strong>licor mallorqu\u00ed tradicional<\/strong><\/a> o un caf\u00e8 expr\u00e9s ben carregat posaran el toc final a una experi\u00e8ncia gastron\u00f2mica rodona.<\/p>\n<p>Aquest men\u00fa no nom\u00e9s alimenta el cos, sin\u00f3 tamb\u00e9 l\u2019\u00e0nima. Ideal per a parelles que volen gaudir de la mar, de la bona cuina i de l\u2019encant d\u2019un dels racons m\u00e9s bonics de Mallorca.<\/p>\n","protected":false},"excerpt":{"rendered":"<p>Un dinar o un sopar en parella pot convertir-se en una experi\u00e8ncia inoblidable si s\u2019encerta amb el lloc, l\u2019ambient\u2026 i, per descomptat, el menjar. A Ses Oliveres Port de S\u00f3ller, et proposam un men\u00fa pensat per compartir, gaudir amb calma i assaborir l\u2019ess\u00e8ncia del Mediterrani. Davant la mar, sota la llum daurada del capvespre o [&hellip;]<\/p>\n","protected":false},"author":3,"featured_media":1463,"comment_status":"open","ping_status":"open","sticky":false,"template":"","format":"standard","meta":{"footnotes":""},"categories":[1],"tags":[21,22,48],"class_list":["post-1466","post","type-post","status-publish","format-standard","has-post-thumbnail","hentry","category-sin-categorizar","tag-expositordepeix","tag-peixfresc","tag-vermut-2"],"yoast_head":"<!-- This site is optimized with the Yoast SEO plugin v26.5 - https:\/\/yoast.com\/wordpress\/plugins\/seo\/ -->\n<title>Men\u00fa per a dos a Ses Oliveres Port de S\u00f3ller<\/title>\n<meta name=\"description\" content=\"A Ses Oliveres Port de S\u00f3ller, et proposam un men\u00fa pensat per compartir, gaudir amb calma i assaborir l\u2019ess\u00e8ncia del Mediterrani\" \/>\n<meta name=\"robots\" content=\"index, follow, max-snippet:-1, max-image-preview:large, max-video-preview:-1\" \/>\n<link rel=\"canonical\" href=\"https:\/\/sesoliveresportdesoller.com\/ca\/2025\/06\/27\/menu-per-a-dos-a-ses-oliveres-port-de-soller\/\" \/>\n<meta property=\"og:locale\" content=\"ca_ES\" \/>\n<meta property=\"og:type\" content=\"article\" \/>\n<meta property=\"og:title\" content=\"Men\u00fa per a dos a Ses Oliveres Port de S\u00f3ller\" \/>\n<meta property=\"og:description\" content=\"A Ses Oliveres Port de S\u00f3ller, et proposam un men\u00fa pensat per compartir, gaudir amb calma i assaborir l\u2019ess\u00e8ncia del Mediterrani\" \/>\n<meta property=\"og:url\" content=\"https:\/\/sesoliveresportdesoller.com\/ca\/2025\/06\/27\/menu-per-a-dos-a-ses-oliveres-port-de-soller\/\" \/>\n<meta property=\"og:site_name\" content=\"Ses Oliveres Port de S\u00f3ller\" \/>\n<meta property=\"article:published_time\" content=\"2025-06-27T08:20:01+00:00\" \/>\n<meta property=\"article:modified_time\" content=\"2025-06-27T08:20:04+00:00\" \/>\n<meta property=\"og:image\" content=\"https:\/\/ses-oliveres-port-de-soller.fra1.digitaloceanspaces.com\/wp-content\/uploads\/2025\/06\/27101340\/Ven-a-disfrutar-a-Ses-Oliveres-1024x682.png\" \/>\n\t<meta property=\"og:image:width\" content=\"1024\" \/>\n\t<meta property=\"og:image:height\" content=\"682\" \/>\n\t<meta property=\"og:image:type\" content=\"image\/png\" \/>\n<meta name=\"author\" content=\"Ses Oliveres\" \/>\n<meta name=\"twitter:card\" content=\"summary_large_image\" \/>\n<meta name=\"twitter:label1\" content=\"Escrit per\" \/>\n\t<meta name=\"twitter:data1\" content=\"Ses Oliveres\" \/>\n\t<meta name=\"twitter:label2\" content=\"Temps estimat de lectura\" \/>\n\t<meta name=\"twitter:data2\" content=\"3 minuts\" \/>\n<script type=\"application\/ld+json\" class=\"yoast-schema-graph\">{\"@context\":\"https:\/\/schema.org\",\"@graph\":[{\"@type\":\"Article\",\"@id\":\"https:\/\/sesoliveresportdesoller.com\/ca\/2025\/06\/27\/menu-per-a-dos-a-ses-oliveres-port-de-soller\/#article\",\"isPartOf\":{\"@id\":\"https:\/\/sesoliveresportdesoller.com\/ca\/2025\/06\/27\/menu-per-a-dos-a-ses-oliveres-port-de-soller\/\"},\"author\":{\"name\":\"Ses Oliveres\",\"@id\":\"https:\/\/sesoliveresportdesoller.com\/ca\/#\/schema\/person\/b5b7c42fb246e7a69985ce8133fca51e\"},\"headline\":\"Proposta de men\u00fa per a dos a Ses Oliveres: sabors per compartir vora la mar\",\"datePublished\":\"2025-06-27T08:20:01+00:00\",\"dateModified\":\"2025-06-27T08:20:04+00:00\",\"mainEntityOfPage\":{\"@id\":\"https:\/\/sesoliveresportdesoller.com\/ca\/2025\/06\/27\/menu-per-a-dos-a-ses-oliveres-port-de-soller\/\"},\"wordCount\":510,\"commentCount\":0,\"publisher\":{\"@id\":\"https:\/\/sesoliveresportdesoller.com\/ca\/#organization\"},\"image\":{\"@id\":\"https:\/\/sesoliveresportdesoller.com\/ca\/2025\/06\/27\/menu-per-a-dos-a-ses-oliveres-port-de-soller\/#primaryimage\"},\"thumbnailUrl\":\"https:\/\/ses-oliveres-port-de-soller.fra1.digitaloceanspaces.com\/wp-content\/uploads\/2025\/06\/27101340\/Ven-a-disfrutar-a-Ses-Oliveres.png\",\"keywords\":[\"expositordepeix\",\"peixfresc\",\"vermut\"],\"articleSection\":[\"Sin categorizar\"],\"inLanguage\":\"ca\",\"potentialAction\":[{\"@type\":\"CommentAction\",\"name\":\"Comment\",\"target\":[\"https:\/\/sesoliveresportdesoller.com\/ca\/2025\/06\/27\/menu-per-a-dos-a-ses-oliveres-port-de-soller\/#respond\"]}]},{\"@type\":\"WebPage\",\"@id\":\"https:\/\/sesoliveresportdesoller.com\/ca\/2025\/06\/27\/menu-per-a-dos-a-ses-oliveres-port-de-soller\/\",\"url\":\"https:\/\/sesoliveresportdesoller.com\/ca\/2025\/06\/27\/menu-per-a-dos-a-ses-oliveres-port-de-soller\/\",\"name\":\"Men\u00fa per a dos a Ses Oliveres Port de S\u00f3ller\",\"isPartOf\":{\"@id\":\"https:\/\/sesoliveresportdesoller.com\/ca\/#website\"},\"primaryImageOfPage\":{\"@id\":\"https:\/\/sesoliveresportdesoller.com\/ca\/2025\/06\/27\/menu-per-a-dos-a-ses-oliveres-port-de-soller\/#primaryimage\"},\"image\":{\"@id\":\"https:\/\/sesoliveresportdesoller.com\/ca\/2025\/06\/27\/menu-per-a-dos-a-ses-oliveres-port-de-soller\/#primaryimage\"},\"thumbnailUrl\":\"https:\/\/ses-oliveres-port-de-soller.fra1.digitaloceanspaces.com\/wp-content\/uploads\/2025\/06\/27101340\/Ven-a-disfrutar-a-Ses-Oliveres.png\",\"datePublished\":\"2025-06-27T08:20:01+00:00\",\"dateModified\":\"2025-06-27T08:20:04+00:00\",\"description\":\"A Ses Oliveres Port de S\u00f3ller, et proposam un men\u00fa pensat per compartir, gaudir amb calma i assaborir l\u2019ess\u00e8ncia del Mediterrani\",\"breadcrumb\":{\"@id\":\"https:\/\/sesoliveresportdesoller.com\/ca\/2025\/06\/27\/menu-per-a-dos-a-ses-oliveres-port-de-soller\/#breadcrumb\"},\"inLanguage\":\"ca\",\"potentialAction\":[{\"@type\":\"ReadAction\",\"target\":[\"https:\/\/sesoliveresportdesoller.com\/ca\/2025\/06\/27\/menu-per-a-dos-a-ses-oliveres-port-de-soller\/\"]}]},{\"@type\":\"ImageObject\",\"inLanguage\":\"ca\",\"@id\":\"https:\/\/sesoliveresportdesoller.com\/ca\/2025\/06\/27\/menu-per-a-dos-a-ses-oliveres-port-de-soller\/#primaryimage\",\"url\":\"https:\/\/ses-oliveres-port-de-soller.fra1.digitaloceanspaces.com\/wp-content\/uploads\/2025\/06\/27101340\/Ven-a-disfrutar-a-Ses-Oliveres.png\",\"contentUrl\":\"https:\/\/ses-oliveres-port-de-soller.fra1.digitaloceanspaces.com\/wp-content\/uploads\/2025\/06\/27101340\/Ven-a-disfrutar-a-Ses-Oliveres.png\",\"width\":1600,\"height\":1066,\"caption\":\"cazuela de arroz con productos del mar\"},{\"@type\":\"BreadcrumbList\",\"@id\":\"https:\/\/sesoliveresportdesoller.com\/ca\/2025\/06\/27\/menu-per-a-dos-a-ses-oliveres-port-de-soller\/#breadcrumb\",\"itemListElement\":[{\"@type\":\"ListItem\",\"position\":1,\"name\":\"Portada\",\"item\":\"https:\/\/sesoliveresportdesoller.com\/ca\/inici\/\"},{\"@type\":\"ListItem\",\"position\":2,\"name\":\"Proposta de men\u00fa per a dos a Ses Oliveres: sabors per compartir vora la mar\"}]},{\"@type\":\"WebSite\",\"@id\":\"https:\/\/sesoliveresportdesoller.com\/ca\/#website\",\"url\":\"https:\/\/sesoliveresportdesoller.com\/ca\/\",\"name\":\"Ses Oliveres Port de S\u00f3ller\",\"description\":\"Ses Oliveres es un restaurante especializado en arroces, pescados y mariscos, situado en primera l\u00ednea del Port de S\u00f3ller.  Se trata de un concepto de cocina con productos frescos y \u201cdel mar a la mesa\u201d. Disponen de una vitrina con pescado fresco diario. Seg\u00fan sus rese\u00f1as en Google y otras plataformas como Tripadvisor, destacan por su ubicaci\u00f3n excepcional y por la calidad de sus platos.\",\"publisher\":{\"@id\":\"https:\/\/sesoliveresportdesoller.com\/ca\/#organization\"},\"potentialAction\":[{\"@type\":\"SearchAction\",\"target\":{\"@type\":\"EntryPoint\",\"urlTemplate\":\"https:\/\/sesoliveresportdesoller.com\/ca\/?s={search_term_string}\"},\"query-input\":{\"@type\":\"PropertyValueSpecification\",\"valueRequired\":true,\"valueName\":\"search_term_string\"}}],\"inLanguage\":\"ca\"},{\"@type\":\"Organization\",\"@id\":\"https:\/\/sesoliveresportdesoller.com\/ca\/#organization\",\"name\":\"Ses Oliveres Port de S\u00f3ller\",\"url\":\"https:\/\/sesoliveresportdesoller.com\/ca\/\",\"logo\":{\"@type\":\"ImageObject\",\"inLanguage\":\"ca\",\"@id\":\"https:\/\/sesoliveresportdesoller.com\/ca\/#\/schema\/logo\/image\/\",\"url\":\"https:\/\/ses-oliveres-port-de-soller.fra1.digitaloceanspaces.com\/wp-content\/uploads\/2024\/06\/25123952\/logo.svg\",\"contentUrl\":\"https:\/\/ses-oliveres-port-de-soller.fra1.digitaloceanspaces.com\/wp-content\/uploads\/2024\/06\/25123952\/logo.svg\",\"width\":128,\"height\":55,\"caption\":\"Ses Oliveres Port de S\u00f3ller\"},\"image\":{\"@id\":\"https:\/\/sesoliveresportdesoller.com\/ca\/#\/schema\/logo\/image\/\"}},{\"@type\":\"Person\",\"@id\":\"https:\/\/sesoliveresportdesoller.com\/ca\/#\/schema\/person\/b5b7c42fb246e7a69985ce8133fca51e\",\"name\":\"Ses Oliveres\",\"image\":{\"@type\":\"ImageObject\",\"inLanguage\":\"ca\",\"@id\":\"https:\/\/sesoliveresportdesoller.com\/ca\/#\/schema\/person\/image\/\",\"url\":\"https:\/\/secure.gravatar.com\/avatar\/8090ef7ea57149f9049c2bb8b917c09dff08d3f14f396d4b00da77b3f23c5970?s=96&d=mm&r=g\",\"contentUrl\":\"https:\/\/secure.gravatar.com\/avatar\/8090ef7ea57149f9049c2bb8b917c09dff08d3f14f396d4b00da77b3f23c5970?s=96&d=mm&r=g\",\"caption\":\"Ses Oliveres\"},\"url\":\"https:\/\/sesoliveresportdesoller.com\/ca\/author\/sesoliveres\/\"}]}<\/script>\n<!-- \/ Yoast SEO plugin. -->","yoast_head_json":{"title":"Men\u00fa per a dos a Ses Oliveres Port de S\u00f3ller","description":"A Ses Oliveres Port de S\u00f3ller, et proposam un men\u00fa pensat per compartir, gaudir amb calma i assaborir l\u2019ess\u00e8ncia del Mediterrani","robots":{"index":"index","follow":"follow","max-snippet":"max-snippet:-1","max-image-preview":"max-image-preview:large","max-video-preview":"max-video-preview:-1"},"canonical":"https:\/\/sesoliveresportdesoller.com\/ca\/2025\/06\/27\/menu-per-a-dos-a-ses-oliveres-port-de-soller\/","og_locale":"ca_ES","og_type":"article","og_title":"Men\u00fa per a dos a Ses Oliveres Port de S\u00f3ller","og_description":"A Ses Oliveres Port de S\u00f3ller, et proposam un men\u00fa pensat per compartir, gaudir amb calma i assaborir l\u2019ess\u00e8ncia del Mediterrani","og_url":"https:\/\/sesoliveresportdesoller.com\/ca\/2025\/06\/27\/menu-per-a-dos-a-ses-oliveres-port-de-soller\/","og_site_name":"Ses Oliveres Port de S\u00f3ller","article_published_time":"2025-06-27T08:20:01+00:00","article_modified_time":"2025-06-27T08:20:04+00:00","og_image":[{"width":1024,"height":682,"url":"https:\/\/ses-oliveres-port-de-soller.fra1.digitaloceanspaces.com\/wp-content\/uploads\/2025\/06\/27101340\/Ven-a-disfrutar-a-Ses-Oliveres-1024x682.png","type":"image\/png"}],"author":"Ses Oliveres","twitter_card":"summary_large_image","twitter_misc":{"Escrit per":"Ses Oliveres","Temps estimat de lectura":"3 minuts"},"schema":{"@context":"https:\/\/schema.org","@graph":[{"@type":"Article","@id":"https:\/\/sesoliveresportdesoller.com\/ca\/2025\/06\/27\/menu-per-a-dos-a-ses-oliveres-port-de-soller\/#article","isPartOf":{"@id":"https:\/\/sesoliveresportdesoller.com\/ca\/2025\/06\/27\/menu-per-a-dos-a-ses-oliveres-port-de-soller\/"},"author":{"name":"Ses Oliveres","@id":"https:\/\/sesoliveresportdesoller.com\/ca\/#\/schema\/person\/b5b7c42fb246e7a69985ce8133fca51e"},"headline":"Proposta de men\u00fa per a dos a Ses Oliveres: sabors per compartir vora la mar","datePublished":"2025-06-27T08:20:01+00:00","dateModified":"2025-06-27T08:20:04+00:00","mainEntityOfPage":{"@id":"https:\/\/sesoliveresportdesoller.com\/ca\/2025\/06\/27\/menu-per-a-dos-a-ses-oliveres-port-de-soller\/"},"wordCount":510,"commentCount":0,"publisher":{"@id":"https:\/\/sesoliveresportdesoller.com\/ca\/#organization"},"image":{"@id":"https:\/\/sesoliveresportdesoller.com\/ca\/2025\/06\/27\/menu-per-a-dos-a-ses-oliveres-port-de-soller\/#primaryimage"},"thumbnailUrl":"https:\/\/ses-oliveres-port-de-soller.fra1.digitaloceanspaces.com\/wp-content\/uploads\/2025\/06\/27101340\/Ven-a-disfrutar-a-Ses-Oliveres.png","keywords":["expositordepeix","peixfresc","vermut"],"articleSection":["Sin categorizar"],"inLanguage":"ca","potentialAction":[{"@type":"CommentAction","name":"Comment","target":["https:\/\/sesoliveresportdesoller.com\/ca\/2025\/06\/27\/menu-per-a-dos-a-ses-oliveres-port-de-soller\/#respond"]}]},{"@type":"WebPage","@id":"https:\/\/sesoliveresportdesoller.com\/ca\/2025\/06\/27\/menu-per-a-dos-a-ses-oliveres-port-de-soller\/","url":"https:\/\/sesoliveresportdesoller.com\/ca\/2025\/06\/27\/menu-per-a-dos-a-ses-oliveres-port-de-soller\/","name":"Men\u00fa per a dos a Ses Oliveres Port de S\u00f3ller","isPartOf":{"@id":"https:\/\/sesoliveresportdesoller.com\/ca\/#website"},"primaryImageOfPage":{"@id":"https:\/\/sesoliveresportdesoller.com\/ca\/2025\/06\/27\/menu-per-a-dos-a-ses-oliveres-port-de-soller\/#primaryimage"},"image":{"@id":"https:\/\/sesoliveresportdesoller.com\/ca\/2025\/06\/27\/menu-per-a-dos-a-ses-oliveres-port-de-soller\/#primaryimage"},"thumbnailUrl":"https:\/\/ses-oliveres-port-de-soller.fra1.digitaloceanspaces.com\/wp-content\/uploads\/2025\/06\/27101340\/Ven-a-disfrutar-a-Ses-Oliveres.png","datePublished":"2025-06-27T08:20:01+00:00","dateModified":"2025-06-27T08:20:04+00:00","description":"A Ses Oliveres Port de S\u00f3ller, et proposam un men\u00fa pensat per compartir, gaudir amb calma i assaborir l\u2019ess\u00e8ncia del Mediterrani","breadcrumb":{"@id":"https:\/\/sesoliveresportdesoller.com\/ca\/2025\/06\/27\/menu-per-a-dos-a-ses-oliveres-port-de-soller\/#breadcrumb"},"inLanguage":"ca","potentialAction":[{"@type":"ReadAction","target":["https:\/\/sesoliveresportdesoller.com\/ca\/2025\/06\/27\/menu-per-a-dos-a-ses-oliveres-port-de-soller\/"]}]},{"@type":"ImageObject","inLanguage":"ca","@id":"https:\/\/sesoliveresportdesoller.com\/ca\/2025\/06\/27\/menu-per-a-dos-a-ses-oliveres-port-de-soller\/#primaryimage","url":"https:\/\/ses-oliveres-port-de-soller.fra1.digitaloceanspaces.com\/wp-content\/uploads\/2025\/06\/27101340\/Ven-a-disfrutar-a-Ses-Oliveres.png","contentUrl":"https:\/\/ses-oliveres-port-de-soller.fra1.digitaloceanspaces.com\/wp-content\/uploads\/2025\/06\/27101340\/Ven-a-disfrutar-a-Ses-Oliveres.png","width":1600,"height":1066,"caption":"cazuela de arroz con productos del mar"},{"@type":"BreadcrumbList","@id":"https:\/\/sesoliveresportdesoller.com\/ca\/2025\/06\/27\/menu-per-a-dos-a-ses-oliveres-port-de-soller\/#breadcrumb","itemListElement":[{"@type":"ListItem","position":1,"name":"Portada","item":"https:\/\/sesoliveresportdesoller.com\/ca\/inici\/"},{"@type":"ListItem","position":2,"name":"Proposta de men\u00fa per a dos a Ses Oliveres: sabors per compartir vora la mar"}]},{"@type":"WebSite","@id":"https:\/\/sesoliveresportdesoller.com\/ca\/#website","url":"https:\/\/sesoliveresportdesoller.com\/ca\/","name":"Ses Oliveres Port de S\u00f3ller","description":"Ses Oliveres es un restaurante especializado en arroces, pescados y mariscos, situado en primera l\u00ednea del Port de S\u00f3ller.  Se trata de un concepto de cocina con productos frescos y \u201cdel mar a la mesa\u201d. Disponen de una vitrina con pescado fresco diario. Seg\u00fan sus rese\u00f1as en Google y otras plataformas como Tripadvisor, destacan por su ubicaci\u00f3n excepcional y por la calidad de sus platos.","publisher":{"@id":"https:\/\/sesoliveresportdesoller.com\/ca\/#organization"},"potentialAction":[{"@type":"SearchAction","target":{"@type":"EntryPoint","urlTemplate":"https:\/\/sesoliveresportdesoller.com\/ca\/?s={search_term_string}"},"query-input":{"@type":"PropertyValueSpecification","valueRequired":true,"valueName":"search_term_string"}}],"inLanguage":"ca"},{"@type":"Organization","@id":"https:\/\/sesoliveresportdesoller.com\/ca\/#organization","name":"Ses Oliveres Port de S\u00f3ller","url":"https:\/\/sesoliveresportdesoller.com\/ca\/","logo":{"@type":"ImageObject","inLanguage":"ca","@id":"https:\/\/sesoliveresportdesoller.com\/ca\/#\/schema\/logo\/image\/","url":"https:\/\/ses-oliveres-port-de-soller.fra1.digitaloceanspaces.com\/wp-content\/uploads\/2024\/06\/25123952\/logo.svg","contentUrl":"https:\/\/ses-oliveres-port-de-soller.fra1.digitaloceanspaces.com\/wp-content\/uploads\/2024\/06\/25123952\/logo.svg","width":128,"height":55,"caption":"Ses Oliveres Port de S\u00f3ller"},"image":{"@id":"https:\/\/sesoliveresportdesoller.com\/ca\/#\/schema\/logo\/image\/"}},{"@type":"Person","@id":"https:\/\/sesoliveresportdesoller.com\/ca\/#\/schema\/person\/b5b7c42fb246e7a69985ce8133fca51e","name":"Ses Oliveres","image":{"@type":"ImageObject","inLanguage":"ca","@id":"https:\/\/sesoliveresportdesoller.com\/ca\/#\/schema\/person\/image\/","url":"https:\/\/secure.gravatar.com\/avatar\/8090ef7ea57149f9049c2bb8b917c09dff08d3f14f396d4b00da77b3f23c5970?s=96&d=mm&r=g","contentUrl":"https:\/\/secure.gravatar.com\/avatar\/8090ef7ea57149f9049c2bb8b917c09dff08d3f14f396d4b00da77b3f23c5970?s=96&d=mm&r=g","caption":"Ses Oliveres"},"url":"https:\/\/sesoliveresportdesoller.com\/ca\/author\/sesoliveres\/"}]}},"_links":{"self":[{"href":"https:\/\/sesoliveresportdesoller.com\/ca\/wp-json\/wp\/v2\/posts\/1466","targetHints":{"allow":["GET"]}}],"collection":[{"href":"https:\/\/sesoliveresportdesoller.com\/ca\/wp-json\/wp\/v2\/posts"}],"about":[{"href":"https:\/\/sesoliveresportdesoller.com\/ca\/wp-json\/wp\/v2\/types\/post"}],"author":[{"embeddable":true,"href":"https:\/\/sesoliveresportdesoller.com\/ca\/wp-json\/wp\/v2\/users\/3"}],"replies":[{"embeddable":true,"href":"https:\/\/sesoliveresportdesoller.com\/ca\/wp-json\/wp\/v2\/comments?post=1466"}],"version-history":[{"count":1,"href":"https:\/\/sesoliveresportdesoller.com\/ca\/wp-json\/wp\/v2\/posts\/1466\/revisions"}],"predecessor-version":[{"id":1467,"href":"https:\/\/sesoliveresportdesoller.com\/ca\/wp-json\/wp\/v2\/posts\/1466\/revisions\/1467"}],"wp:featuredmedia":[{"embeddable":true,"href":"https:\/\/sesoliveresportdesoller.com\/ca\/wp-json\/wp\/v2\/media\/1463"}],"wp:attachment":[{"href":"https:\/\/sesoliveresportdesoller.com\/ca\/wp-json\/wp\/v2\/media?parent=1466"}],"wp:term":[{"taxonomy":"category","embeddable":true,"href":"https:\/\/sesoliveresportdesoller.com\/ca\/wp-json\/wp\/v2\/categories?post=1466"},{"taxonomy":"post_tag","embeddable":true,"href":"https:\/\/sesoliveresportdesoller.com\/ca\/wp-json\/wp\/v2\/tags?post=1466"}],"curies":[{"name":"wp","href":"https:\/\/api.w.org\/{rel}","templated":true}]}}