{"id":1566,"date":"2025-07-31T10:05:17","date_gmt":"2025-07-31T08:05:17","guid":{"rendered":"https:\/\/sesoliveresportdesoller.com\/?p=1566"},"modified":"2025-09-20T18:12:14","modified_gmt":"2025-09-20T16:12:14","slug":"menu-vega-al-costat-de-la-mar-ses-oliveres","status":"publish","type":"post","link":"https:\/\/sesoliveresportdesoller.com\/ca\/2025\/07\/31\/menu-vega-al-costat-de-la-mar-ses-oliveres\/","title":{"rendered":"Men\u00fa veg\u00e0 davant la mar: sabor mediterrani sense renunciar a res"},"content":{"rendered":"<p>Cada vegada m\u00e9s persones opten per una alimentaci\u00f3 basada en vegetals, per\u00f2 aix\u00f2 no vol dir renunciar al sabor ni a l&#8217;experi\u00e8ncia gastron\u00f2mica. A <strong>Ses Oliveres Port de S\u00f3ller<\/strong> apostam per una cuina inclusiva i saborosa, on el producte fresc i local \u00e9s el protagonista. Avui et presentam una proposta de <strong>men\u00fa veg\u00e0<\/strong> que et conquistar\u00e0 des de l primera mosegada, amb vistes a la mar i l\u2019aroma de la Tramuntana com a tel\u00f3 de fons.<\/p>\n<h2><strong>Entrant: amanida de quinoa amb hortalisses fresques<\/strong><\/h2>\n<p>Lleugera, refrescant i plena de color. La nostra <strong>amanida de quinoa<\/strong> \u00e9s l\u2019inici perfecte per a un dinar o sopar saludable. La preparam amb <strong>quinoa ecol\u00f2gica<\/strong>, <strong>verdures de temporada<\/strong> com carabass\u00f3, tom\u00e0tiga cherry i pebres rostits, i un toc d\u2019<strong>herbes fresques<\/strong>. Tot amanit amb una vinagreta c\u00edtrica que potencia els sabors sense amagar-los.<\/p>\n<p>Una proposta equilibrada, rica en prote\u00efnes vegetals, fibra i nutrients essencials.<\/p>\n<p>Descobreix m\u00e9s opcions fresques a la nostra <a href=\"https:\/\/sesoliveresportdesoller.com\/#carta\">carta online<\/a>.<\/p>\n<h2><strong>Plat principal: lassanya de verdures al forn<\/strong><\/h2>\n<p>La versi\u00f3 vegetal d\u2019un cl\u00e0ssic atemporal. La nostra <strong>lassanya de verdures<\/strong> s\u2019elabora capa a capa amb ingredients de l\u2019hort: <strong>alberg\u00ednies, carabassons, espinacs, tom\u00e0tiga i oli d\u2019oliva verge extra<\/strong>.<\/p>\n<p>El resultat: una lassanya sucosa, plena de sabor i textura, enfornada al moment i servida amb brots frescos. Perfecta per a qui cerca un \u00e0pat reconfortant, saludable i sense ingredients d\u2019origen animal.<\/p>\n<h2><strong>Per compartir o com a segon plat: arr\u00f2s sec de verdures de temporada<\/strong><\/h2>\n<p>L\u2019<strong>arr\u00f2s sec vegetal<\/strong> \u00e9s un dels grans protagonistes de la nostra cuina mediterr\u00e0nia. El preparam al moment, amb <strong>sofregit casol\u00e0<\/strong> i verdures de mercat que canvien segons l\u2019estaci\u00f3: <strong>carxofes, esp\u00e0rrecs, ceba morada, carabassa o bolets<\/strong>, segons el que ens ofereix l\u2019hort.<\/p>\n<p>Aquest plat, a m\u00e9s de ser 100% vegetal, conserva tot el sabor del foc lent i l\u2019amor pels detalls. Ideal per compartir o gaudir com a plat \u00fanic.<\/p>\n<h2><strong>Postres i herbes dolces mallorquines: un final amable<\/strong><\/h2>\n<p>Tot i que no tots els nostres postres s\u00f3n vegans, et podem oferir <strong>opcions adaptades<\/strong> o <strong>fruita de temporada<\/strong>, segons disponibilitat. I per acabar, per qu\u00e8 no fer un brindis amb una copeta d\u2019<strong>herbes dolces mallorquines<\/strong>? Una tradici\u00f3 que tamb\u00e9 pot formar part de la teva experiencia.<\/p>\n<h2><strong>Gastronomia conscient en un entorn privilegiat<\/strong><\/h2>\n<p>A <strong>Ses Oliveres<\/strong> creim que menjar b\u00e9 tamb\u00e9 \u00e9s menjar amb consci\u00e8ncia. Per aix\u00f2, apostam per <strong>ingredients locals, productes frescos i plats pensats per a tothom<\/strong>.<\/p>\n<p>Tot aix\u00f2, davant la mar, en un enclavament \u00fanic com \u00e9s el <strong>Port de S\u00f3ller<\/strong>, on la cuina es fon amb el paisatge. Un lloc per gaudir amb tots els sentits.<\/p>\n","protected":false},"excerpt":{"rendered":"<p>Cada vegada m\u00e9s persones opten per una alimentaci\u00f3 basada en vegetals, per\u00f2 aix\u00f2 no vol dir renunciar al sabor ni a l&#8217;experi\u00e8ncia gastron\u00f2mica. A Ses Oliveres Port de S\u00f3ller apostam per una cuina inclusiva i saborosa, on el producte fresc i local \u00e9s el protagonista. Avui et presentam una proposta de men\u00fa veg\u00e0 que et [&hellip;]<\/p>\n","protected":false},"author":3,"featured_media":1564,"comment_status":"open","ping_status":"open","sticky":false,"template":"","format":"standard","meta":{"footnotes":""},"categories":[1],"tags":[67,66,65],"class_list":["post-1566","post","type-post","status-publish","format-standard","has-post-thumbnail","hentry","category-sin-categorizar","tag-mediterraneo","tag-para-todos-los-gustos","tag-vegano"],"yoast_head":"<!-- This site is optimized with the Yoast SEO plugin v26.5 - https:\/\/yoast.com\/wordpress\/plugins\/seo\/ -->\n<title>Men\u00fa veg\u00e0 al costat de la mar a Ses Oliveres<\/title>\n<meta name=\"description\" content=\"Cada vegada m\u00e9s persones opten per una alimentaci\u00f3 basada en vegetals, per\u00f2 aix\u00f2 no vol dir renunciar al sabor ni a l&#039;experi\u00e8ncia\" \/>\n<meta name=\"robots\" content=\"index, follow, max-snippet:-1, max-image-preview:large, max-video-preview:-1\" \/>\n<link rel=\"canonical\" href=\"https:\/\/sesoliveresportdesoller.com\/ca\/2025\/07\/31\/menu-vega-al-costat-de-la-mar-ses-oliveres\/\" \/>\n<meta property=\"og:locale\" content=\"ca_ES\" \/>\n<meta property=\"og:type\" content=\"article\" \/>\n<meta property=\"og:title\" content=\"Men\u00fa veg\u00e0 al costat de la mar a Ses Oliveres\" \/>\n<meta property=\"og:description\" content=\"Cada vegada m\u00e9s persones opten per una alimentaci\u00f3 basada en vegetals, per\u00f2 aix\u00f2 no vol dir renunciar al sabor ni a l&#039;experi\u00e8ncia\" \/>\n<meta property=\"og:url\" content=\"https:\/\/sesoliveresportdesoller.com\/ca\/2025\/07\/31\/menu-vega-al-costat-de-la-mar-ses-oliveres\/\" \/>\n<meta property=\"og:site_name\" content=\"Ses Oliveres Port de S\u00f3ller\" \/>\n<meta property=\"article:published_time\" content=\"2025-07-31T08:05:17+00:00\" \/>\n<meta property=\"article:modified_time\" content=\"2025-09-20T16:12:14+00:00\" \/>\n<meta property=\"og:image\" content=\"https:\/\/ses-oliveres-port-de-soller.fra1.digitaloceanspaces.com\/wp-content\/uploads\/2025\/07\/31100138\/El-mejor-producto-en-Ses-Oliveres-6.png\" \/>\n\t<meta property=\"og:image:width\" content=\"1152\" \/>\n\t<meta property=\"og:image:height\" content=\"1536\" \/>\n\t<meta property=\"og:image:type\" content=\"image\/png\" \/>\n<meta name=\"author\" content=\"Ses Oliveres\" \/>\n<meta name=\"twitter:card\" content=\"summary_large_image\" \/>\n<meta name=\"twitter:label1\" content=\"Escrit per\" \/>\n\t<meta name=\"twitter:data1\" content=\"Ses Oliveres\" \/>\n\t<meta name=\"twitter:label2\" content=\"Temps estimat de lectura\" \/>\n\t<meta name=\"twitter:data2\" content=\"3 minuts\" \/>\n<script type=\"application\/ld+json\" class=\"yoast-schema-graph\">{\"@context\":\"https:\/\/schema.org\",\"@graph\":[{\"@type\":\"Article\",\"@id\":\"https:\/\/sesoliveresportdesoller.com\/ca\/2025\/07\/31\/menu-vega-al-costat-de-la-mar-ses-oliveres\/#article\",\"isPartOf\":{\"@id\":\"https:\/\/sesoliveresportdesoller.com\/ca\/2025\/07\/31\/menu-vega-al-costat-de-la-mar-ses-oliveres\/\"},\"author\":{\"name\":\"Ses Oliveres\",\"@id\":\"https:\/\/sesoliveresportdesoller.com\/ca\/#\/schema\/person\/b5b7c42fb246e7a69985ce8133fca51e\"},\"headline\":\"Men\u00fa veg\u00e0 davant la mar: sabor mediterrani sense renunciar a res\",\"datePublished\":\"2025-07-31T08:05:17+00:00\",\"dateModified\":\"2025-09-20T16:12:14+00:00\",\"mainEntityOfPage\":{\"@id\":\"https:\/\/sesoliveresportdesoller.com\/ca\/2025\/07\/31\/menu-vega-al-costat-de-la-mar-ses-oliveres\/\"},\"wordCount\":467,\"commentCount\":0,\"publisher\":{\"@id\":\"https:\/\/sesoliveresportdesoller.com\/ca\/#organization\"},\"image\":{\"@id\":\"https:\/\/sesoliveresportdesoller.com\/ca\/2025\/07\/31\/menu-vega-al-costat-de-la-mar-ses-oliveres\/#primaryimage\"},\"thumbnailUrl\":\"https:\/\/ses-oliveres-port-de-soller.fra1.digitaloceanspaces.com\/wp-content\/uploads\/2025\/07\/31100138\/El-mejor-producto-en-Ses-Oliveres-6.png\",\"keywords\":[\"mediterr\u00e1neo\",\"para todos los gustos\",\"vegano\"],\"articleSection\":[\"Sin categorizar\"],\"inLanguage\":\"ca\",\"potentialAction\":[{\"@type\":\"CommentAction\",\"name\":\"Comment\",\"target\":[\"https:\/\/sesoliveresportdesoller.com\/ca\/2025\/07\/31\/menu-vega-al-costat-de-la-mar-ses-oliveres\/#respond\"]}]},{\"@type\":\"WebPage\",\"@id\":\"https:\/\/sesoliveresportdesoller.com\/ca\/2025\/07\/31\/menu-vega-al-costat-de-la-mar-ses-oliveres\/\",\"url\":\"https:\/\/sesoliveresportdesoller.com\/ca\/2025\/07\/31\/menu-vega-al-costat-de-la-mar-ses-oliveres\/\",\"name\":\"Men\u00fa veg\u00e0 al costat de la mar a Ses Oliveres\",\"isPartOf\":{\"@id\":\"https:\/\/sesoliveresportdesoller.com\/ca\/#website\"},\"primaryImageOfPage\":{\"@id\":\"https:\/\/sesoliveresportdesoller.com\/ca\/2025\/07\/31\/menu-vega-al-costat-de-la-mar-ses-oliveres\/#primaryimage\"},\"image\":{\"@id\":\"https:\/\/sesoliveresportdesoller.com\/ca\/2025\/07\/31\/menu-vega-al-costat-de-la-mar-ses-oliveres\/#primaryimage\"},\"thumbnailUrl\":\"https:\/\/ses-oliveres-port-de-soller.fra1.digitaloceanspaces.com\/wp-content\/uploads\/2025\/07\/31100138\/El-mejor-producto-en-Ses-Oliveres-6.png\",\"datePublished\":\"2025-07-31T08:05:17+00:00\",\"dateModified\":\"2025-09-20T16:12:14+00:00\",\"description\":\"Cada vegada m\u00e9s persones opten per una alimentaci\u00f3 basada en vegetals, per\u00f2 aix\u00f2 no vol dir renunciar al sabor ni a l'experi\u00e8ncia\",\"breadcrumb\":{\"@id\":\"https:\/\/sesoliveresportdesoller.com\/ca\/2025\/07\/31\/menu-vega-al-costat-de-la-mar-ses-oliveres\/#breadcrumb\"},\"inLanguage\":\"ca\",\"potentialAction\":[{\"@type\":\"ReadAction\",\"target\":[\"https:\/\/sesoliveresportdesoller.com\/ca\/2025\/07\/31\/menu-vega-al-costat-de-la-mar-ses-oliveres\/\"]}]},{\"@type\":\"ImageObject\",\"inLanguage\":\"ca\",\"@id\":\"https:\/\/sesoliveresportdesoller.com\/ca\/2025\/07\/31\/menu-vega-al-costat-de-la-mar-ses-oliveres\/#primaryimage\",\"url\":\"https:\/\/ses-oliveres-port-de-soller.fra1.digitaloceanspaces.com\/wp-content\/uploads\/2025\/07\/31100138\/El-mejor-producto-en-Ses-Oliveres-6.png\",\"contentUrl\":\"https:\/\/ses-oliveres-port-de-soller.fra1.digitaloceanspaces.com\/wp-content\/uploads\/2025\/07\/31100138\/El-mejor-producto-en-Ses-Oliveres-6.png\",\"width\":1152,\"height\":1536},{\"@type\":\"BreadcrumbList\",\"@id\":\"https:\/\/sesoliveresportdesoller.com\/ca\/2025\/07\/31\/menu-vega-al-costat-de-la-mar-ses-oliveres\/#breadcrumb\",\"itemListElement\":[{\"@type\":\"ListItem\",\"position\":1,\"name\":\"Portada\",\"item\":\"https:\/\/sesoliveresportdesoller.com\/ca\/inici\/\"},{\"@type\":\"ListItem\",\"position\":2,\"name\":\"Men\u00fa veg\u00e0 davant la mar: sabor mediterrani sense renunciar a res\"}]},{\"@type\":\"WebSite\",\"@id\":\"https:\/\/sesoliveresportdesoller.com\/ca\/#website\",\"url\":\"https:\/\/sesoliveresportdesoller.com\/ca\/\",\"name\":\"Ses Oliveres Port de S\u00f3ller\",\"description\":\"Ses Oliveres es un restaurante especializado en arroces, pescados y mariscos, situado en primera l\u00ednea del Port de S\u00f3ller.  Se trata de un concepto de cocina con productos frescos y \u201cdel mar a la mesa\u201d. Disponen de una vitrina con pescado fresco diario. Seg\u00fan sus rese\u00f1as en Google y otras plataformas como Tripadvisor, destacan por su ubicaci\u00f3n excepcional y por la calidad de sus platos.\",\"publisher\":{\"@id\":\"https:\/\/sesoliveresportdesoller.com\/ca\/#organization\"},\"potentialAction\":[{\"@type\":\"SearchAction\",\"target\":{\"@type\":\"EntryPoint\",\"urlTemplate\":\"https:\/\/sesoliveresportdesoller.com\/ca\/?s={search_term_string}\"},\"query-input\":{\"@type\":\"PropertyValueSpecification\",\"valueRequired\":true,\"valueName\":\"search_term_string\"}}],\"inLanguage\":\"ca\"},{\"@type\":\"Organization\",\"@id\":\"https:\/\/sesoliveresportdesoller.com\/ca\/#organization\",\"name\":\"Ses Oliveres Port de S\u00f3ller\",\"url\":\"https:\/\/sesoliveresportdesoller.com\/ca\/\",\"logo\":{\"@type\":\"ImageObject\",\"inLanguage\":\"ca\",\"@id\":\"https:\/\/sesoliveresportdesoller.com\/ca\/#\/schema\/logo\/image\/\",\"url\":\"https:\/\/ses-oliveres-port-de-soller.fra1.digitaloceanspaces.com\/wp-content\/uploads\/2024\/06\/25123952\/logo.svg\",\"contentUrl\":\"https:\/\/ses-oliveres-port-de-soller.fra1.digitaloceanspaces.com\/wp-content\/uploads\/2024\/06\/25123952\/logo.svg\",\"width\":128,\"height\":55,\"caption\":\"Ses Oliveres Port de S\u00f3ller\"},\"image\":{\"@id\":\"https:\/\/sesoliveresportdesoller.com\/ca\/#\/schema\/logo\/image\/\"}},{\"@type\":\"Person\",\"@id\":\"https:\/\/sesoliveresportdesoller.com\/ca\/#\/schema\/person\/b5b7c42fb246e7a69985ce8133fca51e\",\"name\":\"Ses Oliveres\",\"image\":{\"@type\":\"ImageObject\",\"inLanguage\":\"ca\",\"@id\":\"https:\/\/sesoliveresportdesoller.com\/ca\/#\/schema\/person\/image\/\",\"url\":\"https:\/\/secure.gravatar.com\/avatar\/8090ef7ea57149f9049c2bb8b917c09dff08d3f14f396d4b00da77b3f23c5970?s=96&d=mm&r=g\",\"contentUrl\":\"https:\/\/secure.gravatar.com\/avatar\/8090ef7ea57149f9049c2bb8b917c09dff08d3f14f396d4b00da77b3f23c5970?s=96&d=mm&r=g\",\"caption\":\"Ses Oliveres\"},\"url\":\"https:\/\/sesoliveresportdesoller.com\/ca\/author\/sesoliveres\/\"}]}<\/script>\n<!-- \/ Yoast SEO plugin. -->","yoast_head_json":{"title":"Men\u00fa veg\u00e0 al costat de la mar a Ses Oliveres","description":"Cada vegada m\u00e9s persones opten per una alimentaci\u00f3 basada en vegetals, per\u00f2 aix\u00f2 no vol dir renunciar al sabor ni a l'experi\u00e8ncia","robots":{"index":"index","follow":"follow","max-snippet":"max-snippet:-1","max-image-preview":"max-image-preview:large","max-video-preview":"max-video-preview:-1"},"canonical":"https:\/\/sesoliveresportdesoller.com\/ca\/2025\/07\/31\/menu-vega-al-costat-de-la-mar-ses-oliveres\/","og_locale":"ca_ES","og_type":"article","og_title":"Men\u00fa veg\u00e0 al costat de la mar a Ses Oliveres","og_description":"Cada vegada m\u00e9s persones opten per una alimentaci\u00f3 basada en vegetals, per\u00f2 aix\u00f2 no vol dir renunciar al sabor ni a l'experi\u00e8ncia","og_url":"https:\/\/sesoliveresportdesoller.com\/ca\/2025\/07\/31\/menu-vega-al-costat-de-la-mar-ses-oliveres\/","og_site_name":"Ses Oliveres Port de S\u00f3ller","article_published_time":"2025-07-31T08:05:17+00:00","article_modified_time":"2025-09-20T16:12:14+00:00","og_image":[{"width":1152,"height":1536,"url":"https:\/\/ses-oliveres-port-de-soller.fra1.digitaloceanspaces.com\/wp-content\/uploads\/2025\/07\/31100138\/El-mejor-producto-en-Ses-Oliveres-6.png","type":"image\/png"}],"author":"Ses Oliveres","twitter_card":"summary_large_image","twitter_misc":{"Escrit per":"Ses Oliveres","Temps estimat de lectura":"3 minuts"},"schema":{"@context":"https:\/\/schema.org","@graph":[{"@type":"Article","@id":"https:\/\/sesoliveresportdesoller.com\/ca\/2025\/07\/31\/menu-vega-al-costat-de-la-mar-ses-oliveres\/#article","isPartOf":{"@id":"https:\/\/sesoliveresportdesoller.com\/ca\/2025\/07\/31\/menu-vega-al-costat-de-la-mar-ses-oliveres\/"},"author":{"name":"Ses Oliveres","@id":"https:\/\/sesoliveresportdesoller.com\/ca\/#\/schema\/person\/b5b7c42fb246e7a69985ce8133fca51e"},"headline":"Men\u00fa veg\u00e0 davant la mar: sabor mediterrani sense renunciar a res","datePublished":"2025-07-31T08:05:17+00:00","dateModified":"2025-09-20T16:12:14+00:00","mainEntityOfPage":{"@id":"https:\/\/sesoliveresportdesoller.com\/ca\/2025\/07\/31\/menu-vega-al-costat-de-la-mar-ses-oliveres\/"},"wordCount":467,"commentCount":0,"publisher":{"@id":"https:\/\/sesoliveresportdesoller.com\/ca\/#organization"},"image":{"@id":"https:\/\/sesoliveresportdesoller.com\/ca\/2025\/07\/31\/menu-vega-al-costat-de-la-mar-ses-oliveres\/#primaryimage"},"thumbnailUrl":"https:\/\/ses-oliveres-port-de-soller.fra1.digitaloceanspaces.com\/wp-content\/uploads\/2025\/07\/31100138\/El-mejor-producto-en-Ses-Oliveres-6.png","keywords":["mediterr\u00e1neo","para todos los gustos","vegano"],"articleSection":["Sin categorizar"],"inLanguage":"ca","potentialAction":[{"@type":"CommentAction","name":"Comment","target":["https:\/\/sesoliveresportdesoller.com\/ca\/2025\/07\/31\/menu-vega-al-costat-de-la-mar-ses-oliveres\/#respond"]}]},{"@type":"WebPage","@id":"https:\/\/sesoliveresportdesoller.com\/ca\/2025\/07\/31\/menu-vega-al-costat-de-la-mar-ses-oliveres\/","url":"https:\/\/sesoliveresportdesoller.com\/ca\/2025\/07\/31\/menu-vega-al-costat-de-la-mar-ses-oliveres\/","name":"Men\u00fa veg\u00e0 al costat de la mar a Ses Oliveres","isPartOf":{"@id":"https:\/\/sesoliveresportdesoller.com\/ca\/#website"},"primaryImageOfPage":{"@id":"https:\/\/sesoliveresportdesoller.com\/ca\/2025\/07\/31\/menu-vega-al-costat-de-la-mar-ses-oliveres\/#primaryimage"},"image":{"@id":"https:\/\/sesoliveresportdesoller.com\/ca\/2025\/07\/31\/menu-vega-al-costat-de-la-mar-ses-oliveres\/#primaryimage"},"thumbnailUrl":"https:\/\/ses-oliveres-port-de-soller.fra1.digitaloceanspaces.com\/wp-content\/uploads\/2025\/07\/31100138\/El-mejor-producto-en-Ses-Oliveres-6.png","datePublished":"2025-07-31T08:05:17+00:00","dateModified":"2025-09-20T16:12:14+00:00","description":"Cada vegada m\u00e9s persones opten per una alimentaci\u00f3 basada en vegetals, per\u00f2 aix\u00f2 no vol dir renunciar al sabor ni a l'experi\u00e8ncia","breadcrumb":{"@id":"https:\/\/sesoliveresportdesoller.com\/ca\/2025\/07\/31\/menu-vega-al-costat-de-la-mar-ses-oliveres\/#breadcrumb"},"inLanguage":"ca","potentialAction":[{"@type":"ReadAction","target":["https:\/\/sesoliveresportdesoller.com\/ca\/2025\/07\/31\/menu-vega-al-costat-de-la-mar-ses-oliveres\/"]}]},{"@type":"ImageObject","inLanguage":"ca","@id":"https:\/\/sesoliveresportdesoller.com\/ca\/2025\/07\/31\/menu-vega-al-costat-de-la-mar-ses-oliveres\/#primaryimage","url":"https:\/\/ses-oliveres-port-de-soller.fra1.digitaloceanspaces.com\/wp-content\/uploads\/2025\/07\/31100138\/El-mejor-producto-en-Ses-Oliveres-6.png","contentUrl":"https:\/\/ses-oliveres-port-de-soller.fra1.digitaloceanspaces.com\/wp-content\/uploads\/2025\/07\/31100138\/El-mejor-producto-en-Ses-Oliveres-6.png","width":1152,"height":1536},{"@type":"BreadcrumbList","@id":"https:\/\/sesoliveresportdesoller.com\/ca\/2025\/07\/31\/menu-vega-al-costat-de-la-mar-ses-oliveres\/#breadcrumb","itemListElement":[{"@type":"ListItem","position":1,"name":"Portada","item":"https:\/\/sesoliveresportdesoller.com\/ca\/inici\/"},{"@type":"ListItem","position":2,"name":"Men\u00fa veg\u00e0 davant la mar: sabor mediterrani sense renunciar a res"}]},{"@type":"WebSite","@id":"https:\/\/sesoliveresportdesoller.com\/ca\/#website","url":"https:\/\/sesoliveresportdesoller.com\/ca\/","name":"Ses Oliveres Port de S\u00f3ller","description":"Ses Oliveres es un restaurante especializado en arroces, pescados y mariscos, situado en primera l\u00ednea del Port de S\u00f3ller.  Se trata de un concepto de cocina con productos frescos y \u201cdel mar a la mesa\u201d. Disponen de una vitrina con pescado fresco diario. Seg\u00fan sus rese\u00f1as en Google y otras plataformas como Tripadvisor, destacan por su ubicaci\u00f3n excepcional y por la calidad de sus platos.","publisher":{"@id":"https:\/\/sesoliveresportdesoller.com\/ca\/#organization"},"potentialAction":[{"@type":"SearchAction","target":{"@type":"EntryPoint","urlTemplate":"https:\/\/sesoliveresportdesoller.com\/ca\/?s={search_term_string}"},"query-input":{"@type":"PropertyValueSpecification","valueRequired":true,"valueName":"search_term_string"}}],"inLanguage":"ca"},{"@type":"Organization","@id":"https:\/\/sesoliveresportdesoller.com\/ca\/#organization","name":"Ses Oliveres Port de S\u00f3ller","url":"https:\/\/sesoliveresportdesoller.com\/ca\/","logo":{"@type":"ImageObject","inLanguage":"ca","@id":"https:\/\/sesoliveresportdesoller.com\/ca\/#\/schema\/logo\/image\/","url":"https:\/\/ses-oliveres-port-de-soller.fra1.digitaloceanspaces.com\/wp-content\/uploads\/2024\/06\/25123952\/logo.svg","contentUrl":"https:\/\/ses-oliveres-port-de-soller.fra1.digitaloceanspaces.com\/wp-content\/uploads\/2024\/06\/25123952\/logo.svg","width":128,"height":55,"caption":"Ses Oliveres Port de S\u00f3ller"},"image":{"@id":"https:\/\/sesoliveresportdesoller.com\/ca\/#\/schema\/logo\/image\/"}},{"@type":"Person","@id":"https:\/\/sesoliveresportdesoller.com\/ca\/#\/schema\/person\/b5b7c42fb246e7a69985ce8133fca51e","name":"Ses Oliveres","image":{"@type":"ImageObject","inLanguage":"ca","@id":"https:\/\/sesoliveresportdesoller.com\/ca\/#\/schema\/person\/image\/","url":"https:\/\/secure.gravatar.com\/avatar\/8090ef7ea57149f9049c2bb8b917c09dff08d3f14f396d4b00da77b3f23c5970?s=96&d=mm&r=g","contentUrl":"https:\/\/secure.gravatar.com\/avatar\/8090ef7ea57149f9049c2bb8b917c09dff08d3f14f396d4b00da77b3f23c5970?s=96&d=mm&r=g","caption":"Ses Oliveres"},"url":"https:\/\/sesoliveresportdesoller.com\/ca\/author\/sesoliveres\/"}]}},"_links":{"self":[{"href":"https:\/\/sesoliveresportdesoller.com\/ca\/wp-json\/wp\/v2\/posts\/1566","targetHints":{"allow":["GET"]}}],"collection":[{"href":"https:\/\/sesoliveresportdesoller.com\/ca\/wp-json\/wp\/v2\/posts"}],"about":[{"href":"https:\/\/sesoliveresportdesoller.com\/ca\/wp-json\/wp\/v2\/types\/post"}],"author":[{"embeddable":true,"href":"https:\/\/sesoliveresportdesoller.com\/ca\/wp-json\/wp\/v2\/users\/3"}],"replies":[{"embeddable":true,"href":"https:\/\/sesoliveresportdesoller.com\/ca\/wp-json\/wp\/v2\/comments?post=1566"}],"version-history":[{"count":1,"href":"https:\/\/sesoliveresportdesoller.com\/ca\/wp-json\/wp\/v2\/posts\/1566\/revisions"}],"predecessor-version":[{"id":1567,"href":"https:\/\/sesoliveresportdesoller.com\/ca\/wp-json\/wp\/v2\/posts\/1566\/revisions\/1567"}],"wp:featuredmedia":[{"embeddable":true,"href":"https:\/\/sesoliveresportdesoller.com\/ca\/wp-json\/wp\/v2\/media\/1564"}],"wp:attachment":[{"href":"https:\/\/sesoliveresportdesoller.com\/ca\/wp-json\/wp\/v2\/media?parent=1566"}],"wp:term":[{"taxonomy":"category","embeddable":true,"href":"https:\/\/sesoliveresportdesoller.com\/ca\/wp-json\/wp\/v2\/categories?post=1566"},{"taxonomy":"post_tag","embeddable":true,"href":"https:\/\/sesoliveresportdesoller.com\/ca\/wp-json\/wp\/v2\/tags?post=1566"}],"curies":[{"name":"wp","href":"https:\/\/api.w.org\/{rel}","templated":true}]}}