{"id":1581,"date":"2025-08-15T09:54:49","date_gmt":"2025-08-15T07:54:49","guid":{"rendered":"https:\/\/sesoliveresportdesoller.com\/?p=1581"},"modified":"2025-09-20T18:13:35","modified_gmt":"2025-09-20T16:13:35","slug":"coctels-dolcos-i-brisa-marina-a-ses-oliveres","status":"publish","type":"post","link":"https:\/\/sesoliveresportdesoller.com\/ca\/2025\/08\/15\/coctels-dolcos-i-brisa-marina-a-ses-oliveres\/","title":{"rendered":"C\u00f2ctels, dol\u00e7os i brisa marina: l\u2019estiu t\u00e9 millor gust a Ses Oliveres"},"content":{"rendered":"\n<p>Al cor del <a href=\"https:\/\/www.google.com\/search?q=puerto+de+soller&amp;rlz=1C1JZAP_esES843ES843&amp;oq=puerto+de+soller&amp;gs_lcrp=EgZjaHJvbWUyBggAEEUYOTIKCAEQLhixAxiABDIGCAIQIxgnMgcIAxAAGIAEMgcIBBAAGIAEMgcIBRAAGIAEMgcIBhAAGIAEMgcIBxAAGIAEMgcICBAAGIAEMgcICRAAGIAE0gEIMjExNmowajeoAgiwAgHxBbwU28-pYAfC&amp;sourceid=chrome&amp;ie=UTF-8\">Port de S\u00f3ller<\/a>, <strong>Ses Oliveres<\/strong> \u00e9s molt m\u00e9s que un lloc on menjar b\u00e9: \u00e9s un rac\u00f3 on el temps s\u2019atura. A l\u2019agost, amb els seus dies llargs i c\u00e0lids, convida a gaudir sense presses, a allargar la sobretaula davant la mar i a deixar-se embolcallar per la brisa mediterr\u00e0nia. Aqu\u00ed, el moment posterior a l\u2019\u00e0pat es converteix en un aut\u00e8ntic ritual d\u2019estiu.<\/p>\n\n\n\n<h2 class=\"wp-block-heading\"><strong>La copa que posa el punt final perfecte<\/strong><\/h2>\n\n\n\n<p>A Mallorca, existeix un costum molt arrelat: tancar l\u2019\u00e0pat amb una copa de licor local. A Ses Oliveres, aquesta tradici\u00f3 es mant\u00e9 viva amb opcions com les <strong>herbes mallorquines<\/strong>, un licor arom\u00e0tic elaborat amb una acurada mescla d\u2019herbes mediterr\u00e0nies. Servida ben freda, aquesta copa es converteix en el complement ideal per acomiadar un \u00e0pat, relaxar-se i gaudir del moment sense presses.<\/p>\n\n\n\n<blockquote class=\"wp-block-quote is-layout-flow wp-block-quote-is-layout-flow\">\n<p>Les herbes mallorquines combinen notes dolces, seques i arom\u00e0tiques, i formen part del patrimoni gastron\u00f2mic de l\u2019illa des de fa segles.<\/p>\n<\/blockquote>\n\n\n\n<h2 class=\"wp-block-heading\"><strong>Sobretables amb gust de mar<\/strong><\/h2>\n\n\n\n<p>Seure a la <strong>terrassa davant la mar<\/strong> de Ses Oliveres \u00e9s, per si mateix, un plaer. Amb vistes a la badia i al vaiv\u00e9 de les barques, la sobretaula es transforma en una experi\u00e8ncia sensorial: l\u2019aroma salina, la calor suau del sol i el so de les ones acompanyen cada glop o mos. Aquest escenari \u00fanic converteix l\u2019agost en el mes ideal per gaudir de llargues converses i petits plaers.<\/p>\n\n\n\n<h2 class=\"wp-block-heading\"><strong>Dol\u00e7os que enamoren<\/strong><\/h2>\n\n\n\n<p>Les ressenyes de clients en portals com <a>Tripadvisor<\/a> coincideixen: <strong>les postres de Ses Oliveres mereixen un lloc especial a la visita<\/strong>. Sorbets refrescants, coques casolanes o creacions amb fruita de temporada s\u00f3n algunes de les opcions que s\u2019hi poden trobar, sempre amb la qualitat i frescor que caracteritzen la casa. Un final dol\u00e7 que, juntament amb la copa tradicional, completa l\u2019experi\u00e8ncia.<\/p>\n\n\n\n<h2 class=\"wp-block-heading\"><strong>Un pla 100% agost<\/strong><\/h2>\n\n\n\n<p>En un mes en qu\u00e8 la Mediterr\u00e0nia es viu amb intensitat, Ses Oliveres ofereix l\u2019oportunitat de gaudir de l\u2019estiu amb calma. La combinaci\u00f3 d\u2019un bon dinar o sopar, unes postres fresques, una copa local i una sobretaula davant la mar \u00e9s, sens dubte, una de les maneres m\u00e9s aut\u00e8ntiques d\u2019assaborir el Port de S\u00f3ller.<\/p>\n\n\n\n<p><strong>Reserva la teva taula<\/strong> i viu l\u2019estiu amb tots els sentits:<br><a class=\"\" href=\"https:\/\/sesoliveresportdesoller.com\/\">Ses Oliveres Port de S\u00f3ller \u2013 Carta i reserves<\/a><\/p>\n\n\n\n<p><\/p>\n","protected":false},"excerpt":{"rendered":"<p>Al cor del Port de S\u00f3ller, Ses Oliveres \u00e9s molt m\u00e9s que un lloc on menjar b\u00e9: \u00e9s un rac\u00f3 on el temps s\u2019atura. A l\u2019agost, amb els seus dies llargs i c\u00e0lids, convida a gaudir sense presses, a allargar la sobretaula davant la mar i a deixar-se embolcallar per la brisa mediterr\u00e0nia. Aqu\u00ed, el [&hellip;]<\/p>\n","protected":false},"author":3,"featured_media":1577,"comment_status":"open","ping_status":"open","sticky":false,"template":"","format":"standard","meta":{"footnotes":""},"categories":[1],"tags":[68,69,44],"class_list":["post-1581","post","type-post","status-publish","format-standard","has-post-thumbnail","hentry","category-sin-categorizar","tag-coctels","tag-estiu","tag-postres"],"yoast_head":"<!-- This site is optimized with the Yoast SEO plugin v26.5 - https:\/\/yoast.com\/wordpress\/plugins\/seo\/ -->\n<title>C\u00f2ctels, dol\u00e7os i brisa marina: l\u2019estiu t\u00e9 millor gust a Ses Oliveres - Ses Oliveres Port de S\u00f3ller<\/title>\n<meta name=\"description\" content=\"Al cor del Port de S\u00f3ller, Ses Oliveres \u00e9s molt m\u00e9s que un lloc on menjar b\u00e9: \u00e9s un rac\u00f3 on el temps s\u2019atura.\" \/>\n<meta name=\"robots\" content=\"index, follow, max-snippet:-1, max-image-preview:large, max-video-preview:-1\" \/>\n<link rel=\"canonical\" href=\"https:\/\/sesoliveresportdesoller.com\/ca\/2025\/08\/15\/coctels-dolcos-i-brisa-marina-a-ses-oliveres\/\" \/>\n<meta property=\"og:locale\" content=\"ca_ES\" \/>\n<meta property=\"og:type\" content=\"article\" \/>\n<meta property=\"og:title\" content=\"C\u00f2ctels, dol\u00e7os i brisa marina: l\u2019estiu t\u00e9 millor gust a Ses Oliveres - Ses Oliveres Port de S\u00f3ller\" \/>\n<meta property=\"og:description\" content=\"Al cor del Port de S\u00f3ller, Ses Oliveres \u00e9s molt m\u00e9s que un lloc on menjar b\u00e9: \u00e9s un rac\u00f3 on el temps s\u2019atura.\" \/>\n<meta property=\"og:url\" content=\"https:\/\/sesoliveresportdesoller.com\/ca\/2025\/08\/15\/coctels-dolcos-i-brisa-marina-a-ses-oliveres\/\" \/>\n<meta property=\"og:site_name\" content=\"Ses Oliveres Port de S\u00f3ller\" \/>\n<meta property=\"article:published_time\" content=\"2025-08-15T07:54:49+00:00\" \/>\n<meta property=\"article:modified_time\" content=\"2025-09-20T16:13:35+00:00\" \/>\n<meta property=\"og:image\" content=\"https:\/\/ses-oliveres-port-de-soller.fra1.digitaloceanspaces.com\/wp-content\/uploads\/2025\/08\/15094837\/WhatsApp-Image-2025-08-13-at-17.40.00.jpeg\" \/>\n\t<meta property=\"og:image:width\" content=\"2048\" \/>\n\t<meta property=\"og:image:height\" content=\"1365\" \/>\n\t<meta property=\"og:image:type\" content=\"image\/jpeg\" \/>\n<meta name=\"author\" content=\"Ses Oliveres\" \/>\n<meta name=\"twitter:card\" content=\"summary_large_image\" \/>\n<meta name=\"twitter:label1\" content=\"Escrit per\" \/>\n\t<meta name=\"twitter:data1\" content=\"Ses Oliveres\" \/>\n\t<meta name=\"twitter:label2\" content=\"Temps estimat de lectura\" \/>\n\t<meta name=\"twitter:data2\" content=\"2 minuts\" \/>\n<script type=\"application\/ld+json\" class=\"yoast-schema-graph\">{\"@context\":\"https:\/\/schema.org\",\"@graph\":[{\"@type\":\"Article\",\"@id\":\"https:\/\/sesoliveresportdesoller.com\/ca\/2025\/08\/15\/coctels-dolcos-i-brisa-marina-a-ses-oliveres\/#article\",\"isPartOf\":{\"@id\":\"https:\/\/sesoliveresportdesoller.com\/ca\/2025\/08\/15\/coctels-dolcos-i-brisa-marina-a-ses-oliveres\/\"},\"author\":{\"name\":\"Ses Oliveres\",\"@id\":\"https:\/\/sesoliveresportdesoller.com\/ca\/#\/schema\/person\/b5b7c42fb246e7a69985ce8133fca51e\"},\"headline\":\"C\u00f2ctels, dol\u00e7os i brisa marina: l\u2019estiu t\u00e9 millor gust a Ses Oliveres\",\"datePublished\":\"2025-08-15T07:54:49+00:00\",\"dateModified\":\"2025-09-20T16:13:35+00:00\",\"mainEntityOfPage\":{\"@id\":\"https:\/\/sesoliveresportdesoller.com\/ca\/2025\/08\/15\/coctels-dolcos-i-brisa-marina-a-ses-oliveres\/\"},\"wordCount\":420,\"commentCount\":0,\"publisher\":{\"@id\":\"https:\/\/sesoliveresportdesoller.com\/ca\/#organization\"},\"image\":{\"@id\":\"https:\/\/sesoliveresportdesoller.com\/ca\/2025\/08\/15\/coctels-dolcos-i-brisa-marina-a-ses-oliveres\/#primaryimage\"},\"thumbnailUrl\":\"https:\/\/ses-oliveres-port-de-soller.fra1.digitaloceanspaces.com\/wp-content\/uploads\/2025\/08\/15094837\/WhatsApp-Image-2025-08-13-at-17.40.00.jpeg\",\"keywords\":[\"c\u00f2ctels\",\"estiu\",\"postres\"],\"articleSection\":[\"Sin categorizar\"],\"inLanguage\":\"ca\",\"potentialAction\":[{\"@type\":\"CommentAction\",\"name\":\"Comment\",\"target\":[\"https:\/\/sesoliveresportdesoller.com\/ca\/2025\/08\/15\/coctels-dolcos-i-brisa-marina-a-ses-oliveres\/#respond\"]}]},{\"@type\":\"WebPage\",\"@id\":\"https:\/\/sesoliveresportdesoller.com\/ca\/2025\/08\/15\/coctels-dolcos-i-brisa-marina-a-ses-oliveres\/\",\"url\":\"https:\/\/sesoliveresportdesoller.com\/ca\/2025\/08\/15\/coctels-dolcos-i-brisa-marina-a-ses-oliveres\/\",\"name\":\"C\u00f2ctels, dol\u00e7os i brisa marina: l\u2019estiu t\u00e9 millor gust a Ses Oliveres - Ses Oliveres Port de S\u00f3ller\",\"isPartOf\":{\"@id\":\"https:\/\/sesoliveresportdesoller.com\/ca\/#website\"},\"primaryImageOfPage\":{\"@id\":\"https:\/\/sesoliveresportdesoller.com\/ca\/2025\/08\/15\/coctels-dolcos-i-brisa-marina-a-ses-oliveres\/#primaryimage\"},\"image\":{\"@id\":\"https:\/\/sesoliveresportdesoller.com\/ca\/2025\/08\/15\/coctels-dolcos-i-brisa-marina-a-ses-oliveres\/#primaryimage\"},\"thumbnailUrl\":\"https:\/\/ses-oliveres-port-de-soller.fra1.digitaloceanspaces.com\/wp-content\/uploads\/2025\/08\/15094837\/WhatsApp-Image-2025-08-13-at-17.40.00.jpeg\",\"datePublished\":\"2025-08-15T07:54:49+00:00\",\"dateModified\":\"2025-09-20T16:13:35+00:00\",\"description\":\"Al cor del Port de S\u00f3ller, Ses Oliveres \u00e9s molt m\u00e9s que un lloc on menjar b\u00e9: \u00e9s un rac\u00f3 on el temps s\u2019atura.\",\"breadcrumb\":{\"@id\":\"https:\/\/sesoliveresportdesoller.com\/ca\/2025\/08\/15\/coctels-dolcos-i-brisa-marina-a-ses-oliveres\/#breadcrumb\"},\"inLanguage\":\"ca\",\"potentialAction\":[{\"@type\":\"ReadAction\",\"target\":[\"https:\/\/sesoliveresportdesoller.com\/ca\/2025\/08\/15\/coctels-dolcos-i-brisa-marina-a-ses-oliveres\/\"]}]},{\"@type\":\"ImageObject\",\"inLanguage\":\"ca\",\"@id\":\"https:\/\/sesoliveresportdesoller.com\/ca\/2025\/08\/15\/coctels-dolcos-i-brisa-marina-a-ses-oliveres\/#primaryimage\",\"url\":\"https:\/\/ses-oliveres-port-de-soller.fra1.digitaloceanspaces.com\/wp-content\/uploads\/2025\/08\/15094837\/WhatsApp-Image-2025-08-13-at-17.40.00.jpeg\",\"contentUrl\":\"https:\/\/ses-oliveres-port-de-soller.fra1.digitaloceanspaces.com\/wp-content\/uploads\/2025\/08\/15094837\/WhatsApp-Image-2025-08-13-at-17.40.00.jpeg\",\"width\":2048,\"height\":1365,\"caption\":\"terraza al atardecer con mesas y comensales disfrutando de la velada\"},{\"@type\":\"BreadcrumbList\",\"@id\":\"https:\/\/sesoliveresportdesoller.com\/ca\/2025\/08\/15\/coctels-dolcos-i-brisa-marina-a-ses-oliveres\/#breadcrumb\",\"itemListElement\":[{\"@type\":\"ListItem\",\"position\":1,\"name\":\"Portada\",\"item\":\"https:\/\/sesoliveresportdesoller.com\/ca\/inici\/\"},{\"@type\":\"ListItem\",\"position\":2,\"name\":\"C\u00f2ctels, dol\u00e7os i brisa marina: l\u2019estiu t\u00e9 millor gust a Ses Oliveres\"}]},{\"@type\":\"WebSite\",\"@id\":\"https:\/\/sesoliveresportdesoller.com\/ca\/#website\",\"url\":\"https:\/\/sesoliveresportdesoller.com\/ca\/\",\"name\":\"Ses Oliveres Port de S\u00f3ller\",\"description\":\"Ses Oliveres es un restaurante especializado en arroces, pescados y mariscos, situado en primera l\u00ednea del Port de S\u00f3ller.  Se trata de un concepto de cocina con productos frescos y \u201cdel mar a la mesa\u201d. Disponen de una vitrina con pescado fresco diario. Seg\u00fan sus rese\u00f1as en Google y otras plataformas como Tripadvisor, destacan por su ubicaci\u00f3n excepcional y por la calidad de sus platos.\",\"publisher\":{\"@id\":\"https:\/\/sesoliveresportdesoller.com\/ca\/#organization\"},\"potentialAction\":[{\"@type\":\"SearchAction\",\"target\":{\"@type\":\"EntryPoint\",\"urlTemplate\":\"https:\/\/sesoliveresportdesoller.com\/ca\/?s={search_term_string}\"},\"query-input\":{\"@type\":\"PropertyValueSpecification\",\"valueRequired\":true,\"valueName\":\"search_term_string\"}}],\"inLanguage\":\"ca\"},{\"@type\":\"Organization\",\"@id\":\"https:\/\/sesoliveresportdesoller.com\/ca\/#organization\",\"name\":\"Ses Oliveres Port de S\u00f3ller\",\"url\":\"https:\/\/sesoliveresportdesoller.com\/ca\/\",\"logo\":{\"@type\":\"ImageObject\",\"inLanguage\":\"ca\",\"@id\":\"https:\/\/sesoliveresportdesoller.com\/ca\/#\/schema\/logo\/image\/\",\"url\":\"https:\/\/ses-oliveres-port-de-soller.fra1.digitaloceanspaces.com\/wp-content\/uploads\/2024\/06\/25123952\/logo.svg\",\"contentUrl\":\"https:\/\/ses-oliveres-port-de-soller.fra1.digitaloceanspaces.com\/wp-content\/uploads\/2024\/06\/25123952\/logo.svg\",\"width\":128,\"height\":55,\"caption\":\"Ses Oliveres Port de S\u00f3ller\"},\"image\":{\"@id\":\"https:\/\/sesoliveresportdesoller.com\/ca\/#\/schema\/logo\/image\/\"}},{\"@type\":\"Person\",\"@id\":\"https:\/\/sesoliveresportdesoller.com\/ca\/#\/schema\/person\/b5b7c42fb246e7a69985ce8133fca51e\",\"name\":\"Ses Oliveres\",\"image\":{\"@type\":\"ImageObject\",\"inLanguage\":\"ca\",\"@id\":\"https:\/\/sesoliveresportdesoller.com\/ca\/#\/schema\/person\/image\/\",\"url\":\"https:\/\/secure.gravatar.com\/avatar\/8090ef7ea57149f9049c2bb8b917c09dff08d3f14f396d4b00da77b3f23c5970?s=96&d=mm&r=g\",\"contentUrl\":\"https:\/\/secure.gravatar.com\/avatar\/8090ef7ea57149f9049c2bb8b917c09dff08d3f14f396d4b00da77b3f23c5970?s=96&d=mm&r=g\",\"caption\":\"Ses Oliveres\"},\"url\":\"https:\/\/sesoliveresportdesoller.com\/ca\/author\/sesoliveres\/\"}]}<\/script>\n<!-- \/ Yoast SEO plugin. -->","yoast_head_json":{"title":"C\u00f2ctels, dol\u00e7os i brisa marina: l\u2019estiu t\u00e9 millor gust a Ses Oliveres - Ses Oliveres Port de S\u00f3ller","description":"Al cor del Port de S\u00f3ller, Ses Oliveres \u00e9s molt m\u00e9s que un lloc on menjar b\u00e9: \u00e9s un rac\u00f3 on el temps s\u2019atura.","robots":{"index":"index","follow":"follow","max-snippet":"max-snippet:-1","max-image-preview":"max-image-preview:large","max-video-preview":"max-video-preview:-1"},"canonical":"https:\/\/sesoliveresportdesoller.com\/ca\/2025\/08\/15\/coctels-dolcos-i-brisa-marina-a-ses-oliveres\/","og_locale":"ca_ES","og_type":"article","og_title":"C\u00f2ctels, dol\u00e7os i brisa marina: l\u2019estiu t\u00e9 millor gust a Ses Oliveres - Ses Oliveres Port de S\u00f3ller","og_description":"Al cor del Port de S\u00f3ller, Ses Oliveres \u00e9s molt m\u00e9s que un lloc on menjar b\u00e9: \u00e9s un rac\u00f3 on el temps s\u2019atura.","og_url":"https:\/\/sesoliveresportdesoller.com\/ca\/2025\/08\/15\/coctels-dolcos-i-brisa-marina-a-ses-oliveres\/","og_site_name":"Ses Oliveres Port de S\u00f3ller","article_published_time":"2025-08-15T07:54:49+00:00","article_modified_time":"2025-09-20T16:13:35+00:00","og_image":[{"width":2048,"height":1365,"url":"https:\/\/ses-oliveres-port-de-soller.fra1.digitaloceanspaces.com\/wp-content\/uploads\/2025\/08\/15094837\/WhatsApp-Image-2025-08-13-at-17.40.00.jpeg","type":"image\/jpeg"}],"author":"Ses Oliveres","twitter_card":"summary_large_image","twitter_misc":{"Escrit per":"Ses Oliveres","Temps estimat de lectura":"2 minuts"},"schema":{"@context":"https:\/\/schema.org","@graph":[{"@type":"Article","@id":"https:\/\/sesoliveresportdesoller.com\/ca\/2025\/08\/15\/coctels-dolcos-i-brisa-marina-a-ses-oliveres\/#article","isPartOf":{"@id":"https:\/\/sesoliveresportdesoller.com\/ca\/2025\/08\/15\/coctels-dolcos-i-brisa-marina-a-ses-oliveres\/"},"author":{"name":"Ses Oliveres","@id":"https:\/\/sesoliveresportdesoller.com\/ca\/#\/schema\/person\/b5b7c42fb246e7a69985ce8133fca51e"},"headline":"C\u00f2ctels, dol\u00e7os i brisa marina: l\u2019estiu t\u00e9 millor gust a Ses Oliveres","datePublished":"2025-08-15T07:54:49+00:00","dateModified":"2025-09-20T16:13:35+00:00","mainEntityOfPage":{"@id":"https:\/\/sesoliveresportdesoller.com\/ca\/2025\/08\/15\/coctels-dolcos-i-brisa-marina-a-ses-oliveres\/"},"wordCount":420,"commentCount":0,"publisher":{"@id":"https:\/\/sesoliveresportdesoller.com\/ca\/#organization"},"image":{"@id":"https:\/\/sesoliveresportdesoller.com\/ca\/2025\/08\/15\/coctels-dolcos-i-brisa-marina-a-ses-oliveres\/#primaryimage"},"thumbnailUrl":"https:\/\/ses-oliveres-port-de-soller.fra1.digitaloceanspaces.com\/wp-content\/uploads\/2025\/08\/15094837\/WhatsApp-Image-2025-08-13-at-17.40.00.jpeg","keywords":["c\u00f2ctels","estiu","postres"],"articleSection":["Sin categorizar"],"inLanguage":"ca","potentialAction":[{"@type":"CommentAction","name":"Comment","target":["https:\/\/sesoliveresportdesoller.com\/ca\/2025\/08\/15\/coctels-dolcos-i-brisa-marina-a-ses-oliveres\/#respond"]}]},{"@type":"WebPage","@id":"https:\/\/sesoliveresportdesoller.com\/ca\/2025\/08\/15\/coctels-dolcos-i-brisa-marina-a-ses-oliveres\/","url":"https:\/\/sesoliveresportdesoller.com\/ca\/2025\/08\/15\/coctels-dolcos-i-brisa-marina-a-ses-oliveres\/","name":"C\u00f2ctels, dol\u00e7os i brisa marina: l\u2019estiu t\u00e9 millor gust a Ses Oliveres - Ses Oliveres Port de S\u00f3ller","isPartOf":{"@id":"https:\/\/sesoliveresportdesoller.com\/ca\/#website"},"primaryImageOfPage":{"@id":"https:\/\/sesoliveresportdesoller.com\/ca\/2025\/08\/15\/coctels-dolcos-i-brisa-marina-a-ses-oliveres\/#primaryimage"},"image":{"@id":"https:\/\/sesoliveresportdesoller.com\/ca\/2025\/08\/15\/coctels-dolcos-i-brisa-marina-a-ses-oliveres\/#primaryimage"},"thumbnailUrl":"https:\/\/ses-oliveres-port-de-soller.fra1.digitaloceanspaces.com\/wp-content\/uploads\/2025\/08\/15094837\/WhatsApp-Image-2025-08-13-at-17.40.00.jpeg","datePublished":"2025-08-15T07:54:49+00:00","dateModified":"2025-09-20T16:13:35+00:00","description":"Al cor del Port de S\u00f3ller, Ses Oliveres \u00e9s molt m\u00e9s que un lloc on menjar b\u00e9: \u00e9s un rac\u00f3 on el temps s\u2019atura.","breadcrumb":{"@id":"https:\/\/sesoliveresportdesoller.com\/ca\/2025\/08\/15\/coctels-dolcos-i-brisa-marina-a-ses-oliveres\/#breadcrumb"},"inLanguage":"ca","potentialAction":[{"@type":"ReadAction","target":["https:\/\/sesoliveresportdesoller.com\/ca\/2025\/08\/15\/coctels-dolcos-i-brisa-marina-a-ses-oliveres\/"]}]},{"@type":"ImageObject","inLanguage":"ca","@id":"https:\/\/sesoliveresportdesoller.com\/ca\/2025\/08\/15\/coctels-dolcos-i-brisa-marina-a-ses-oliveres\/#primaryimage","url":"https:\/\/ses-oliveres-port-de-soller.fra1.digitaloceanspaces.com\/wp-content\/uploads\/2025\/08\/15094837\/WhatsApp-Image-2025-08-13-at-17.40.00.jpeg","contentUrl":"https:\/\/ses-oliveres-port-de-soller.fra1.digitaloceanspaces.com\/wp-content\/uploads\/2025\/08\/15094837\/WhatsApp-Image-2025-08-13-at-17.40.00.jpeg","width":2048,"height":1365,"caption":"terraza al atardecer con mesas y comensales disfrutando de la velada"},{"@type":"BreadcrumbList","@id":"https:\/\/sesoliveresportdesoller.com\/ca\/2025\/08\/15\/coctels-dolcos-i-brisa-marina-a-ses-oliveres\/#breadcrumb","itemListElement":[{"@type":"ListItem","position":1,"name":"Portada","item":"https:\/\/sesoliveresportdesoller.com\/ca\/inici\/"},{"@type":"ListItem","position":2,"name":"C\u00f2ctels, dol\u00e7os i brisa marina: l\u2019estiu t\u00e9 millor gust a Ses Oliveres"}]},{"@type":"WebSite","@id":"https:\/\/sesoliveresportdesoller.com\/ca\/#website","url":"https:\/\/sesoliveresportdesoller.com\/ca\/","name":"Ses Oliveres Port de S\u00f3ller","description":"Ses Oliveres es un restaurante especializado en arroces, pescados y mariscos, situado en primera l\u00ednea del Port de S\u00f3ller.  Se trata de un concepto de cocina con productos frescos y \u201cdel mar a la mesa\u201d. Disponen de una vitrina con pescado fresco diario. Seg\u00fan sus rese\u00f1as en Google y otras plataformas como Tripadvisor, destacan por su ubicaci\u00f3n excepcional y por la calidad de sus platos.","publisher":{"@id":"https:\/\/sesoliveresportdesoller.com\/ca\/#organization"},"potentialAction":[{"@type":"SearchAction","target":{"@type":"EntryPoint","urlTemplate":"https:\/\/sesoliveresportdesoller.com\/ca\/?s={search_term_string}"},"query-input":{"@type":"PropertyValueSpecification","valueRequired":true,"valueName":"search_term_string"}}],"inLanguage":"ca"},{"@type":"Organization","@id":"https:\/\/sesoliveresportdesoller.com\/ca\/#organization","name":"Ses Oliveres Port de S\u00f3ller","url":"https:\/\/sesoliveresportdesoller.com\/ca\/","logo":{"@type":"ImageObject","inLanguage":"ca","@id":"https:\/\/sesoliveresportdesoller.com\/ca\/#\/schema\/logo\/image\/","url":"https:\/\/ses-oliveres-port-de-soller.fra1.digitaloceanspaces.com\/wp-content\/uploads\/2024\/06\/25123952\/logo.svg","contentUrl":"https:\/\/ses-oliveres-port-de-soller.fra1.digitaloceanspaces.com\/wp-content\/uploads\/2024\/06\/25123952\/logo.svg","width":128,"height":55,"caption":"Ses Oliveres Port de S\u00f3ller"},"image":{"@id":"https:\/\/sesoliveresportdesoller.com\/ca\/#\/schema\/logo\/image\/"}},{"@type":"Person","@id":"https:\/\/sesoliveresportdesoller.com\/ca\/#\/schema\/person\/b5b7c42fb246e7a69985ce8133fca51e","name":"Ses Oliveres","image":{"@type":"ImageObject","inLanguage":"ca","@id":"https:\/\/sesoliveresportdesoller.com\/ca\/#\/schema\/person\/image\/","url":"https:\/\/secure.gravatar.com\/avatar\/8090ef7ea57149f9049c2bb8b917c09dff08d3f14f396d4b00da77b3f23c5970?s=96&d=mm&r=g","contentUrl":"https:\/\/secure.gravatar.com\/avatar\/8090ef7ea57149f9049c2bb8b917c09dff08d3f14f396d4b00da77b3f23c5970?s=96&d=mm&r=g","caption":"Ses Oliveres"},"url":"https:\/\/sesoliveresportdesoller.com\/ca\/author\/sesoliveres\/"}]}},"_links":{"self":[{"href":"https:\/\/sesoliveresportdesoller.com\/ca\/wp-json\/wp\/v2\/posts\/1581","targetHints":{"allow":["GET"]}}],"collection":[{"href":"https:\/\/sesoliveresportdesoller.com\/ca\/wp-json\/wp\/v2\/posts"}],"about":[{"href":"https:\/\/sesoliveresportdesoller.com\/ca\/wp-json\/wp\/v2\/types\/post"}],"author":[{"embeddable":true,"href":"https:\/\/sesoliveresportdesoller.com\/ca\/wp-json\/wp\/v2\/users\/3"}],"replies":[{"embeddable":true,"href":"https:\/\/sesoliveresportdesoller.com\/ca\/wp-json\/wp\/v2\/comments?post=1581"}],"version-history":[{"count":1,"href":"https:\/\/sesoliveresportdesoller.com\/ca\/wp-json\/wp\/v2\/posts\/1581\/revisions"}],"predecessor-version":[{"id":1582,"href":"https:\/\/sesoliveresportdesoller.com\/ca\/wp-json\/wp\/v2\/posts\/1581\/revisions\/1582"}],"wp:featuredmedia":[{"embeddable":true,"href":"https:\/\/sesoliveresportdesoller.com\/ca\/wp-json\/wp\/v2\/media\/1577"}],"wp:attachment":[{"href":"https:\/\/sesoliveresportdesoller.com\/ca\/wp-json\/wp\/v2\/media?parent=1581"}],"wp:term":[{"taxonomy":"category","embeddable":true,"href":"https:\/\/sesoliveresportdesoller.com\/ca\/wp-json\/wp\/v2\/categories?post=1581"},{"taxonomy":"post_tag","embeddable":true,"href":"https:\/\/sesoliveresportdesoller.com\/ca\/wp-json\/wp\/v2\/tags?post=1581"}],"curies":[{"name":"wp","href":"https:\/\/api.w.org\/{rel}","templated":true}]}}