{"id":1622,"date":"2025-09-15T18:18:23","date_gmt":"2025-09-15T16:18:23","guid":{"rendered":"https:\/\/sesoliveresportdesoller.com\/?p=1622"},"modified":"2025-09-20T18:27:23","modified_gmt":"2025-09-20T16:27:23","slug":"setembre-port-de-soller-ses-oliveres","status":"publish","type":"post","link":"https:\/\/sesoliveresportdesoller.com\/ca\/2025\/09\/15\/setembre-port-de-soller-ses-oliveres\/","title":{"rendered":"Setembre al Port de S\u00f3ller: calma, mar i taula a Ses Oliveres"},"content":{"rendered":"<p data-start=\"51\" data-end=\"311\">El setembre baixa el ritme al Port de S\u00f3ller: menys presses, llum daurada i aquella brisa que convida a allargar la sobretaula davant la mar. A Ses Oliveres, aquesta calma se celebra amb una carta mediterr\u00e0nia pensada per compartir i assaborir sense presses.<\/p>\n<p data-start=\"313\" data-end=\"558\">Per obrir boca, triomfen els cl\u00e0ssics de la casa: les croquetes casolanes del dia (6 uds.), el carpaccio de gamba de S\u00f3ller, els calamars \u201ca l\u2019andalusa\u201d, les clo\u00efsses gallegues, els seitons fregits, o un pa de coca amb tom\u00e0tiga per acompanyar.<\/p>\n<p data-start=\"560\" data-end=\"790\">Si et ve de gust quelcom fresc, apunta l\u2019amanida t\u00e8bia de quinoa o la tom\u00e0tiga de temporada amb burrata; i per als amants del producte ib\u00e8ric, el pernil de gla \u00e9s un encert segur. (Carta vigent: entrants i suggeriments del dia).<\/p>\n<h2 data-start=\"792\" data-end=\"823\">Per compartir, principals<\/h2>\n<p data-start=\"824\" data-end=\"1298\">Quan arriba el moment de compartir, el setembre demana arr\u00f2s o fideu\u00e0. A la carta hi trobar\u00e0s la paella de verdures de temporada (m\u00edn. 2 pers.), la paella de peix i marisc del dia, la fideu\u00e0 negra amb gamba de S\u00f3ller i tinta de calamar, l\u2019arr\u00f2s crem\u00f3s de gamba vermella de S\u00f3ller i calamar, i la paella de gamba de S\u00f3ller i s\u00edpia. Tamb\u00e9 pots optar per la lasanya de verdures casolana si cerques una alternativa sense arr\u00f2s. Tots es preparen al moment: val la pena esperar.<\/p>\n<h2 data-start=\"1350\" data-end=\"1650\"><br data-start=\"1402\" data-end=\"1405\" \/><strong data-start=\"1405\" data-end=\"1421\">Carn o peix?<\/strong><\/h2>\n<figure id=\"attachment_1617\" aria-describedby=\"caption-attachment-1617\" style=\"width: 1152px\" class=\"wp-caption alignnone\"><img fetchpriority=\"high\" decoding=\"async\" class=\"size-full wp-image-1617\" src=\"https:\/\/ses-oliveres-port-de-soller.fra1.digitaloceanspaces.com\/wp-content\/uploads\/2025\/09\/20180526\/El-mejor-producto-en-Ses-Oliveres-7.png\" alt=\"plato de pescado a la plancha  con fritada de ajos\" width=\"1152\" height=\"1536\" srcset=\"https:\/\/ses-oliveres-port-de-soller.fra1.digitaloceanspaces.com\/wp-content\/uploads\/2025\/09\/20180526\/El-mejor-producto-en-Ses-Oliveres-7.png 1152w, https:\/\/ses-oliveres-port-de-soller.fra1.digitaloceanspaces.com\/wp-content\/uploads\/2025\/09\/20180526\/El-mejor-producto-en-Ses-Oliveres-7-225x300.png 225w, https:\/\/ses-oliveres-port-de-soller.fra1.digitaloceanspaces.com\/wp-content\/uploads\/2025\/09\/20180526\/El-mejor-producto-en-Ses-Oliveres-7-768x1024.png 768w\" sizes=\"(max-width: 1152px) 100vw, 1152px\" \/><figcaption id=\"caption-attachment-1617\" class=\"wp-caption-text\">El millor producte a Ses Oliveres Port de S\u00f3ller<\/figcaption><\/figure>\n<p data-start=\"1350\" data-end=\"1650\"><br data-start=\"1421\" data-end=\"1424\" \/>Si prefereixes un principal, la carta ofereix el bacall\u00e0 gratinat amb allioli i la galta de vedella, que pots completar amb guarnicions com patata a la graella o fregida, verdures, amanida de tom\u00e0tiga i ceba o cors d\u2019enciam.<\/p>\n<p data-start=\"1652\" data-end=\"2051\">Una altra opci\u00f3 molt nostra: triar a la vitrina refrigerada el peix o marisc del dia (i tamb\u00e9 carns), que es pesen i es coticen abans de cuinar-los: aix\u00ed saps exactament qu\u00e8 gaudir\u00e0s i a quin preu. Per acabar, tria entre gat\u00f3 amb gelat d\u2019ametlla, Cardenal de Lloseta, brownie amb gelat, past\u00eds de formatge basc, maduixes amb nata casolana, trufes de xocolata amb mascarpone o bola de gelat casol\u00e0.<\/p>\n<p data-start=\"2053\" data-end=\"2224\">El setembre \u00e9s, en definitiva, el mes perfecte per assaborir la Mediterr\u00e0nia amb calma: plats de producte, receptes que respecten el sabor i el tel\u00f3 de fons de la badia.<\/p>\n<p data-start=\"2226\" data-end=\"2447\" data-is-last-node=\"\" data-is-only-node=\"\">\ud83d\udc49 <a class=\"decorated-link\" href=\"https:\/\/sesoliveresportdesoller.com\/?utm_source=chatgpt.com\" target=\"_new\" rel=\"noopener\" data-start=\"2229\" data-end=\"2302\">Veure la carta i detalls complets<\/a> \u2013 Ses Oliveres Port de S\u00f3ller<br data-start=\"2332\" data-end=\"2335\" \/>\ud83d\udc49 <a class=\"decorated-link cursor-pointer\" target=\"_new\" rel=\"noopener\" data-start=\"2338\" data-end=\"2395\">Reservar taula online<\/a> (obert 13:00\u201322:30) \u2013 Ses Oliveres Port de S\u00f3ller<\/p>\n","protected":false},"excerpt":{"rendered":"<p>El setembre baixa el ritme al Port de S\u00f3ller: menys presses, llum daurada i aquella brisa que convida a allargar la sobretaula davant la mar. A Ses Oliveres, aquesta calma se celebra amb una carta mediterr\u00e0nia pensada per compartir i assaborir sense presses. Per obrir boca, triomfen els cl\u00e0ssics de la casa: les croquetes casolanes [&hellip;]<\/p>\n","protected":false},"author":3,"featured_media":1614,"comment_status":"open","ping_status":"open","sticky":false,"template":"","format":"standard","meta":{"footnotes":""},"categories":[1],"tags":[71,70,73,72],"class_list":["post-1622","post","type-post","status-publish","format-standard","has-post-thumbnail","hentry","category-sin-categorizar","tag-carn","tag-peix","tag-port-de-soller","tag-setembre"],"yoast_head":"<!-- This site is optimized with the Yoast SEO plugin v26.5 - https:\/\/yoast.com\/wordpress\/plugins\/seo\/ -->\n<title>Setembre al port de S\u00f3ller, calma, mar i taula a Ses Oliveres<\/title>\n<meta name=\"description\" content=\"A Ses Oliveres, aquesta calma se celebra amb una carta mediterr\u00e0nia pensada per compartir i assaborir sense presses.\" \/>\n<meta name=\"robots\" content=\"index, follow, max-snippet:-1, max-image-preview:large, max-video-preview:-1\" \/>\n<link rel=\"canonical\" href=\"https:\/\/sesoliveresportdesoller.com\/ca\/2025\/09\/15\/setembre-port-de-soller-ses-oliveres\/\" \/>\n<meta property=\"og:locale\" content=\"ca_ES\" \/>\n<meta property=\"og:type\" content=\"article\" \/>\n<meta property=\"og:title\" content=\"Setembre al port de S\u00f3ller, calma, mar i taula a Ses Oliveres\" \/>\n<meta property=\"og:description\" content=\"A Ses Oliveres, aquesta calma se celebra amb una carta mediterr\u00e0nia pensada per compartir i assaborir sense presses.\" \/>\n<meta property=\"og:url\" content=\"https:\/\/sesoliveresportdesoller.com\/ca\/2025\/09\/15\/setembre-port-de-soller-ses-oliveres\/\" \/>\n<meta property=\"og:site_name\" content=\"Ses Oliveres Port de S\u00f3ller\" \/>\n<meta property=\"article:published_time\" content=\"2025-09-15T16:18:23+00:00\" \/>\n<meta property=\"article:modified_time\" content=\"2025-09-20T16:27:23+00:00\" \/>\n<meta property=\"og:image\" content=\"https:\/\/ses-oliveres-port-de-soller.fra1.digitaloceanspaces.com\/wp-content\/uploads\/2025\/09\/20180406\/El-mejor-producto-en-Ses-Oliveres-9-768x1024.png\" \/>\n\t<meta property=\"og:image:width\" content=\"768\" \/>\n\t<meta property=\"og:image:height\" content=\"1024\" \/>\n\t<meta property=\"og:image:type\" content=\"image\/png\" \/>\n<meta name=\"author\" content=\"Ses Oliveres\" \/>\n<meta name=\"twitter:card\" content=\"summary_large_image\" \/>\n<meta name=\"twitter:label1\" content=\"Escrit per\" \/>\n\t<meta name=\"twitter:data1\" content=\"Ses Oliveres\" \/>\n\t<meta name=\"twitter:label2\" content=\"Temps estimat de lectura\" \/>\n\t<meta name=\"twitter:data2\" content=\"3 minuts\" \/>\n<script type=\"application\/ld+json\" class=\"yoast-schema-graph\">{\"@context\":\"https:\/\/schema.org\",\"@graph\":[{\"@type\":\"Article\",\"@id\":\"https:\/\/sesoliveresportdesoller.com\/ca\/2025\/09\/15\/setembre-port-de-soller-ses-oliveres\/#article\",\"isPartOf\":{\"@id\":\"https:\/\/sesoliveresportdesoller.com\/ca\/2025\/09\/15\/setembre-port-de-soller-ses-oliveres\/\"},\"author\":{\"name\":\"Ses Oliveres\",\"@id\":\"https:\/\/sesoliveresportdesoller.com\/ca\/#\/schema\/person\/b5b7c42fb246e7a69985ce8133fca51e\"},\"headline\":\"Setembre al Port de S\u00f3ller: calma, mar i taula a Ses Oliveres\",\"datePublished\":\"2025-09-15T16:18:23+00:00\",\"dateModified\":\"2025-09-20T16:27:23+00:00\",\"mainEntityOfPage\":{\"@id\":\"https:\/\/sesoliveresportdesoller.com\/ca\/2025\/09\/15\/setembre-port-de-soller-ses-oliveres\/\"},\"wordCount\":433,\"commentCount\":0,\"publisher\":{\"@id\":\"https:\/\/sesoliveresportdesoller.com\/ca\/#organization\"},\"image\":{\"@id\":\"https:\/\/sesoliveresportdesoller.com\/ca\/2025\/09\/15\/setembre-port-de-soller-ses-oliveres\/#primaryimage\"},\"thumbnailUrl\":\"https:\/\/ses-oliveres-port-de-soller.fra1.digitaloceanspaces.com\/wp-content\/uploads\/2025\/09\/20180406\/El-mejor-producto-en-Ses-Oliveres-9.png\",\"keywords\":[\"carn\",\"peix\",\"port de S\u00f3ller\",\"setembre\"],\"articleSection\":[\"Sin categorizar\"],\"inLanguage\":\"ca\",\"potentialAction\":[{\"@type\":\"CommentAction\",\"name\":\"Comment\",\"target\":[\"https:\/\/sesoliveresportdesoller.com\/ca\/2025\/09\/15\/setembre-port-de-soller-ses-oliveres\/#respond\"]}]},{\"@type\":\"WebPage\",\"@id\":\"https:\/\/sesoliveresportdesoller.com\/ca\/2025\/09\/15\/setembre-port-de-soller-ses-oliveres\/\",\"url\":\"https:\/\/sesoliveresportdesoller.com\/ca\/2025\/09\/15\/setembre-port-de-soller-ses-oliveres\/\",\"name\":\"Setembre al port de S\u00f3ller, calma, mar i taula a Ses Oliveres\",\"isPartOf\":{\"@id\":\"https:\/\/sesoliveresportdesoller.com\/ca\/#website\"},\"primaryImageOfPage\":{\"@id\":\"https:\/\/sesoliveresportdesoller.com\/ca\/2025\/09\/15\/setembre-port-de-soller-ses-oliveres\/#primaryimage\"},\"image\":{\"@id\":\"https:\/\/sesoliveresportdesoller.com\/ca\/2025\/09\/15\/setembre-port-de-soller-ses-oliveres\/#primaryimage\"},\"thumbnailUrl\":\"https:\/\/ses-oliveres-port-de-soller.fra1.digitaloceanspaces.com\/wp-content\/uploads\/2025\/09\/20180406\/El-mejor-producto-en-Ses-Oliveres-9.png\",\"datePublished\":\"2025-09-15T16:18:23+00:00\",\"dateModified\":\"2025-09-20T16:27:23+00:00\",\"description\":\"A Ses Oliveres, aquesta calma se celebra amb una carta mediterr\u00e0nia pensada per compartir i assaborir sense presses.\",\"breadcrumb\":{\"@id\":\"https:\/\/sesoliveresportdesoller.com\/ca\/2025\/09\/15\/setembre-port-de-soller-ses-oliveres\/#breadcrumb\"},\"inLanguage\":\"ca\",\"potentialAction\":[{\"@type\":\"ReadAction\",\"target\":[\"https:\/\/sesoliveresportdesoller.com\/ca\/2025\/09\/15\/setembre-port-de-soller-ses-oliveres\/\"]}]},{\"@type\":\"ImageObject\",\"inLanguage\":\"ca\",\"@id\":\"https:\/\/sesoliveresportdesoller.com\/ca\/2025\/09\/15\/setembre-port-de-soller-ses-oliveres\/#primaryimage\",\"url\":\"https:\/\/ses-oliveres-port-de-soller.fra1.digitaloceanspaces.com\/wp-content\/uploads\/2025\/09\/20180406\/El-mejor-producto-en-Ses-Oliveres-9.png\",\"contentUrl\":\"https:\/\/ses-oliveres-port-de-soller.fra1.digitaloceanspaces.com\/wp-content\/uploads\/2025\/09\/20180406\/El-mejor-producto-en-Ses-Oliveres-9.png\",\"width\":1152,\"height\":1536,\"caption\":\"mesa preparada en Ses Oliveres Port de S\u00f3ller\"},{\"@type\":\"BreadcrumbList\",\"@id\":\"https:\/\/sesoliveresportdesoller.com\/ca\/2025\/09\/15\/setembre-port-de-soller-ses-oliveres\/#breadcrumb\",\"itemListElement\":[{\"@type\":\"ListItem\",\"position\":1,\"name\":\"Portada\",\"item\":\"https:\/\/sesoliveresportdesoller.com\/ca\/inici\/\"},{\"@type\":\"ListItem\",\"position\":2,\"name\":\"Setembre al Port de S\u00f3ller: calma, mar i taula a Ses Oliveres\"}]},{\"@type\":\"WebSite\",\"@id\":\"https:\/\/sesoliveresportdesoller.com\/ca\/#website\",\"url\":\"https:\/\/sesoliveresportdesoller.com\/ca\/\",\"name\":\"Ses Oliveres Port de S\u00f3ller\",\"description\":\"Ses Oliveres es un restaurante especializado en arroces, pescados y mariscos, situado en primera l\u00ednea del Port de S\u00f3ller.  Se trata de un concepto de cocina con productos frescos y \u201cdel mar a la mesa\u201d. Disponen de una vitrina con pescado fresco diario. Seg\u00fan sus rese\u00f1as en Google y otras plataformas como Tripadvisor, destacan por su ubicaci\u00f3n excepcional y por la calidad de sus platos.\",\"publisher\":{\"@id\":\"https:\/\/sesoliveresportdesoller.com\/ca\/#organization\"},\"potentialAction\":[{\"@type\":\"SearchAction\",\"target\":{\"@type\":\"EntryPoint\",\"urlTemplate\":\"https:\/\/sesoliveresportdesoller.com\/ca\/?s={search_term_string}\"},\"query-input\":{\"@type\":\"PropertyValueSpecification\",\"valueRequired\":true,\"valueName\":\"search_term_string\"}}],\"inLanguage\":\"ca\"},{\"@type\":\"Organization\",\"@id\":\"https:\/\/sesoliveresportdesoller.com\/ca\/#organization\",\"name\":\"Ses Oliveres Port de S\u00f3ller\",\"url\":\"https:\/\/sesoliveresportdesoller.com\/ca\/\",\"logo\":{\"@type\":\"ImageObject\",\"inLanguage\":\"ca\",\"@id\":\"https:\/\/sesoliveresportdesoller.com\/ca\/#\/schema\/logo\/image\/\",\"url\":\"https:\/\/ses-oliveres-port-de-soller.fra1.digitaloceanspaces.com\/wp-content\/uploads\/2024\/06\/25123952\/logo.svg\",\"contentUrl\":\"https:\/\/ses-oliveres-port-de-soller.fra1.digitaloceanspaces.com\/wp-content\/uploads\/2024\/06\/25123952\/logo.svg\",\"width\":128,\"height\":55,\"caption\":\"Ses Oliveres Port de S\u00f3ller\"},\"image\":{\"@id\":\"https:\/\/sesoliveresportdesoller.com\/ca\/#\/schema\/logo\/image\/\"}},{\"@type\":\"Person\",\"@id\":\"https:\/\/sesoliveresportdesoller.com\/ca\/#\/schema\/person\/b5b7c42fb246e7a69985ce8133fca51e\",\"name\":\"Ses Oliveres\",\"image\":{\"@type\":\"ImageObject\",\"inLanguage\":\"ca\",\"@id\":\"https:\/\/sesoliveresportdesoller.com\/ca\/#\/schema\/person\/image\/\",\"url\":\"https:\/\/secure.gravatar.com\/avatar\/8090ef7ea57149f9049c2bb8b917c09dff08d3f14f396d4b00da77b3f23c5970?s=96&d=mm&r=g\",\"contentUrl\":\"https:\/\/secure.gravatar.com\/avatar\/8090ef7ea57149f9049c2bb8b917c09dff08d3f14f396d4b00da77b3f23c5970?s=96&d=mm&r=g\",\"caption\":\"Ses Oliveres\"},\"url\":\"https:\/\/sesoliveresportdesoller.com\/ca\/author\/sesoliveres\/\"}]}<\/script>\n<!-- \/ Yoast SEO plugin. -->","yoast_head_json":{"title":"Setembre al port de S\u00f3ller, calma, mar i taula a Ses Oliveres","description":"A Ses Oliveres, aquesta calma se celebra amb una carta mediterr\u00e0nia pensada per compartir i assaborir sense presses.","robots":{"index":"index","follow":"follow","max-snippet":"max-snippet:-1","max-image-preview":"max-image-preview:large","max-video-preview":"max-video-preview:-1"},"canonical":"https:\/\/sesoliveresportdesoller.com\/ca\/2025\/09\/15\/setembre-port-de-soller-ses-oliveres\/","og_locale":"ca_ES","og_type":"article","og_title":"Setembre al port de S\u00f3ller, calma, mar i taula a Ses Oliveres","og_description":"A Ses Oliveres, aquesta calma se celebra amb una carta mediterr\u00e0nia pensada per compartir i assaborir sense presses.","og_url":"https:\/\/sesoliveresportdesoller.com\/ca\/2025\/09\/15\/setembre-port-de-soller-ses-oliveres\/","og_site_name":"Ses Oliveres Port de S\u00f3ller","article_published_time":"2025-09-15T16:18:23+00:00","article_modified_time":"2025-09-20T16:27:23+00:00","og_image":[{"width":768,"height":1024,"url":"https:\/\/ses-oliveres-port-de-soller.fra1.digitaloceanspaces.com\/wp-content\/uploads\/2025\/09\/20180406\/El-mejor-producto-en-Ses-Oliveres-9-768x1024.png","type":"image\/png"}],"author":"Ses Oliveres","twitter_card":"summary_large_image","twitter_misc":{"Escrit per":"Ses Oliveres","Temps estimat de lectura":"3 minuts"},"schema":{"@context":"https:\/\/schema.org","@graph":[{"@type":"Article","@id":"https:\/\/sesoliveresportdesoller.com\/ca\/2025\/09\/15\/setembre-port-de-soller-ses-oliveres\/#article","isPartOf":{"@id":"https:\/\/sesoliveresportdesoller.com\/ca\/2025\/09\/15\/setembre-port-de-soller-ses-oliveres\/"},"author":{"name":"Ses Oliveres","@id":"https:\/\/sesoliveresportdesoller.com\/ca\/#\/schema\/person\/b5b7c42fb246e7a69985ce8133fca51e"},"headline":"Setembre al Port de S\u00f3ller: calma, mar i taula a Ses Oliveres","datePublished":"2025-09-15T16:18:23+00:00","dateModified":"2025-09-20T16:27:23+00:00","mainEntityOfPage":{"@id":"https:\/\/sesoliveresportdesoller.com\/ca\/2025\/09\/15\/setembre-port-de-soller-ses-oliveres\/"},"wordCount":433,"commentCount":0,"publisher":{"@id":"https:\/\/sesoliveresportdesoller.com\/ca\/#organization"},"image":{"@id":"https:\/\/sesoliveresportdesoller.com\/ca\/2025\/09\/15\/setembre-port-de-soller-ses-oliveres\/#primaryimage"},"thumbnailUrl":"https:\/\/ses-oliveres-port-de-soller.fra1.digitaloceanspaces.com\/wp-content\/uploads\/2025\/09\/20180406\/El-mejor-producto-en-Ses-Oliveres-9.png","keywords":["carn","peix","port de S\u00f3ller","setembre"],"articleSection":["Sin categorizar"],"inLanguage":"ca","potentialAction":[{"@type":"CommentAction","name":"Comment","target":["https:\/\/sesoliveresportdesoller.com\/ca\/2025\/09\/15\/setembre-port-de-soller-ses-oliveres\/#respond"]}]},{"@type":"WebPage","@id":"https:\/\/sesoliveresportdesoller.com\/ca\/2025\/09\/15\/setembre-port-de-soller-ses-oliveres\/","url":"https:\/\/sesoliveresportdesoller.com\/ca\/2025\/09\/15\/setembre-port-de-soller-ses-oliveres\/","name":"Setembre al port de S\u00f3ller, calma, mar i taula a Ses Oliveres","isPartOf":{"@id":"https:\/\/sesoliveresportdesoller.com\/ca\/#website"},"primaryImageOfPage":{"@id":"https:\/\/sesoliveresportdesoller.com\/ca\/2025\/09\/15\/setembre-port-de-soller-ses-oliveres\/#primaryimage"},"image":{"@id":"https:\/\/sesoliveresportdesoller.com\/ca\/2025\/09\/15\/setembre-port-de-soller-ses-oliveres\/#primaryimage"},"thumbnailUrl":"https:\/\/ses-oliveres-port-de-soller.fra1.digitaloceanspaces.com\/wp-content\/uploads\/2025\/09\/20180406\/El-mejor-producto-en-Ses-Oliveres-9.png","datePublished":"2025-09-15T16:18:23+00:00","dateModified":"2025-09-20T16:27:23+00:00","description":"A Ses Oliveres, aquesta calma se celebra amb una carta mediterr\u00e0nia pensada per compartir i assaborir sense presses.","breadcrumb":{"@id":"https:\/\/sesoliveresportdesoller.com\/ca\/2025\/09\/15\/setembre-port-de-soller-ses-oliveres\/#breadcrumb"},"inLanguage":"ca","potentialAction":[{"@type":"ReadAction","target":["https:\/\/sesoliveresportdesoller.com\/ca\/2025\/09\/15\/setembre-port-de-soller-ses-oliveres\/"]}]},{"@type":"ImageObject","inLanguage":"ca","@id":"https:\/\/sesoliveresportdesoller.com\/ca\/2025\/09\/15\/setembre-port-de-soller-ses-oliveres\/#primaryimage","url":"https:\/\/ses-oliveres-port-de-soller.fra1.digitaloceanspaces.com\/wp-content\/uploads\/2025\/09\/20180406\/El-mejor-producto-en-Ses-Oliveres-9.png","contentUrl":"https:\/\/ses-oliveres-port-de-soller.fra1.digitaloceanspaces.com\/wp-content\/uploads\/2025\/09\/20180406\/El-mejor-producto-en-Ses-Oliveres-9.png","width":1152,"height":1536,"caption":"mesa preparada en Ses Oliveres Port de S\u00f3ller"},{"@type":"BreadcrumbList","@id":"https:\/\/sesoliveresportdesoller.com\/ca\/2025\/09\/15\/setembre-port-de-soller-ses-oliveres\/#breadcrumb","itemListElement":[{"@type":"ListItem","position":1,"name":"Portada","item":"https:\/\/sesoliveresportdesoller.com\/ca\/inici\/"},{"@type":"ListItem","position":2,"name":"Setembre al Port de S\u00f3ller: calma, mar i taula a Ses Oliveres"}]},{"@type":"WebSite","@id":"https:\/\/sesoliveresportdesoller.com\/ca\/#website","url":"https:\/\/sesoliveresportdesoller.com\/ca\/","name":"Ses Oliveres Port de S\u00f3ller","description":"Ses Oliveres es un restaurante especializado en arroces, pescados y mariscos, situado en primera l\u00ednea del Port de S\u00f3ller.  Se trata de un concepto de cocina con productos frescos y \u201cdel mar a la mesa\u201d. Disponen de una vitrina con pescado fresco diario. Seg\u00fan sus rese\u00f1as en Google y otras plataformas como Tripadvisor, destacan por su ubicaci\u00f3n excepcional y por la calidad de sus platos.","publisher":{"@id":"https:\/\/sesoliveresportdesoller.com\/ca\/#organization"},"potentialAction":[{"@type":"SearchAction","target":{"@type":"EntryPoint","urlTemplate":"https:\/\/sesoliveresportdesoller.com\/ca\/?s={search_term_string}"},"query-input":{"@type":"PropertyValueSpecification","valueRequired":true,"valueName":"search_term_string"}}],"inLanguage":"ca"},{"@type":"Organization","@id":"https:\/\/sesoliveresportdesoller.com\/ca\/#organization","name":"Ses Oliveres Port de S\u00f3ller","url":"https:\/\/sesoliveresportdesoller.com\/ca\/","logo":{"@type":"ImageObject","inLanguage":"ca","@id":"https:\/\/sesoliveresportdesoller.com\/ca\/#\/schema\/logo\/image\/","url":"https:\/\/ses-oliveres-port-de-soller.fra1.digitaloceanspaces.com\/wp-content\/uploads\/2024\/06\/25123952\/logo.svg","contentUrl":"https:\/\/ses-oliveres-port-de-soller.fra1.digitaloceanspaces.com\/wp-content\/uploads\/2024\/06\/25123952\/logo.svg","width":128,"height":55,"caption":"Ses Oliveres Port de S\u00f3ller"},"image":{"@id":"https:\/\/sesoliveresportdesoller.com\/ca\/#\/schema\/logo\/image\/"}},{"@type":"Person","@id":"https:\/\/sesoliveresportdesoller.com\/ca\/#\/schema\/person\/b5b7c42fb246e7a69985ce8133fca51e","name":"Ses Oliveres","image":{"@type":"ImageObject","inLanguage":"ca","@id":"https:\/\/sesoliveresportdesoller.com\/ca\/#\/schema\/person\/image\/","url":"https:\/\/secure.gravatar.com\/avatar\/8090ef7ea57149f9049c2bb8b917c09dff08d3f14f396d4b00da77b3f23c5970?s=96&d=mm&r=g","contentUrl":"https:\/\/secure.gravatar.com\/avatar\/8090ef7ea57149f9049c2bb8b917c09dff08d3f14f396d4b00da77b3f23c5970?s=96&d=mm&r=g","caption":"Ses Oliveres"},"url":"https:\/\/sesoliveresportdesoller.com\/ca\/author\/sesoliveres\/"}]}},"_links":{"self":[{"href":"https:\/\/sesoliveresportdesoller.com\/ca\/wp-json\/wp\/v2\/posts\/1622","targetHints":{"allow":["GET"]}}],"collection":[{"href":"https:\/\/sesoliveresportdesoller.com\/ca\/wp-json\/wp\/v2\/posts"}],"about":[{"href":"https:\/\/sesoliveresportdesoller.com\/ca\/wp-json\/wp\/v2\/types\/post"}],"author":[{"embeddable":true,"href":"https:\/\/sesoliveresportdesoller.com\/ca\/wp-json\/wp\/v2\/users\/3"}],"replies":[{"embeddable":true,"href":"https:\/\/sesoliveresportdesoller.com\/ca\/wp-json\/wp\/v2\/comments?post=1622"}],"version-history":[{"count":1,"href":"https:\/\/sesoliveresportdesoller.com\/ca\/wp-json\/wp\/v2\/posts\/1622\/revisions"}],"predecessor-version":[{"id":1623,"href":"https:\/\/sesoliveresportdesoller.com\/ca\/wp-json\/wp\/v2\/posts\/1622\/revisions\/1623"}],"wp:featuredmedia":[{"embeddable":true,"href":"https:\/\/sesoliveresportdesoller.com\/ca\/wp-json\/wp\/v2\/media\/1614"}],"wp:attachment":[{"href":"https:\/\/sesoliveresportdesoller.com\/ca\/wp-json\/wp\/v2\/media?parent=1622"}],"wp:term":[{"taxonomy":"category","embeddable":true,"href":"https:\/\/sesoliveresportdesoller.com\/ca\/wp-json\/wp\/v2\/categories?post=1622"},{"taxonomy":"post_tag","embeddable":true,"href":"https:\/\/sesoliveresportdesoller.com\/ca\/wp-json\/wp\/v2\/tags?post=1622"}],"curies":[{"name":"wp","href":"https:\/\/api.w.org\/{rel}","templated":true}]}}