{"id":1640,"date":"2025-09-26T16:57:18","date_gmt":"2025-09-26T14:57:18","guid":{"rendered":"https:\/\/sesoliveresportdesoller.com\/?p=1640"},"modified":"2025-10-04T16:58:10","modified_gmt":"2025-10-04T14:58:10","slug":"el-sabor-del-mar-a-la-taula-a-ses-oliveres","status":"publish","type":"post","link":"https:\/\/sesoliveresportdesoller.com\/ca\/2025\/09\/26\/el-sabor-del-mar-a-la-taula-a-ses-oliveres\/","title":{"rendered":"El sabor del mar a la teva taula a Ses Oliveres"},"content":{"rendered":"\n<p>Diuen que a Espanya hem arribat a \u201cacceptar pop com a animal de companyia\u201d. I encara que l\u2019expressi\u00f3 s\u2019utilitzi amb to humor\u00edstic, a Ses Oliveres Port de S\u00f3ller ho tenim clar: al pop, a la llagosta o a la gamba roja de S\u00f3ller se\u2019ls accepta a taula, frescos i preparats amb tot l\u2019afecte del Mediterrani.<\/p>\n\n\n\n<p>El marisc \u00e9s un dels grans tresors del Port de S\u00f3ller i al nostre restaurant el tractam com es mereix: respectant-ne la frescor, potenciant-ne el sabor i portant a cada comensal l\u2019ess\u00e8ncia de la badia. <\/p>\n\n\n\n<h2 class=\"wp-block-heading\">Propietats que nodreixen i conquereixen<\/h2>\n\n\n\n<p>M\u00e9s enll\u00e0 del seu sabor, el marisc \u00e9s una font de <a href=\"https:\/\/www.consumer.es\/alimentacion\/marisco-propiedades-beneficios\">nutrients essencials<\/a>. La gamba roja de S\u00f3ller destaca per les seves prote\u00efnes de qualitat i baix contingut en greix. El pop de roca, amb el seu aportament de ferro i vitamina B12, \u00e9s un aliat de la vitalitat. Les llagostes i els escamarlans, amb el seu gust inconfusible, tamb\u00e9 aporten minerals com el zinc i el seleni, que ajuden a enfortir el sistema immunitari.<\/p>\n\n\n\n<h2 class=\"wp-block-heading\">Textures i sabors del Mediterrani<\/h2>\n\n\n\n<p>Cada esp\u00e8cie aporta un car\u00e0cter \u00fanic. La s\u00edpia i el sipi\u00f3, tendres per\u00f2 ferms, s\u00f3n ideals per a guisats i arrossos. El pop sorpr\u00e8n per la seva suavitat despr\u00e9s d\u2019una cocci\u00f3 precisa. La llagosta, amb la seva carn delicada, \u00e9s sin\u00f2nim de celebraci\u00f3, mentre que els escamarlans conquereixen amb la seva intensitat marina.<\/p>\n\n\n\n<h2 class=\"wp-block-heading\">Receptes que parlen de la mar<\/h2>\n\n\n\n<p>A Ses Oliveres ens agrada deixar que el producte brilli. La gamba roja se serveix fregida amb llimona per ressaltar-ne la frescor. La s\u00edpia i el sipi\u00f3 protagonitzen <a href=\"https:\/\/sesoliveresportdesoller.com\/ca\/2025\/07\/14\/arrossos-que-encanten-a-ses-oliveres\/\">arrossos i fideu\u00e0s<\/a> amb gust aut\u00e8ntic. El pop de roca arriba a una altra dimensi\u00f3 en el nostre mar i muntanya, i la llagosta converteix qualsevol arr\u00f2s cald\u00f3s en un fest\u00ed inoblidable.<\/p>\n\n\n\n<p>Perqu\u00e8 a Ses Oliveres no cal \u201cacceptar pop com a animal de companyia\u201d: basta amb acceptar el marisc fresc com a part imprescindible d\u2019una experi\u00e8ncia mediterr\u00e0nia vora la mar.<\/p>\n\n\n\n<p><\/p>\n","protected":false},"excerpt":{"rendered":"<p>Diuen que a Espanya hem arribat a \u201cacceptar pop com a animal de companyia\u201d. I encara que l\u2019expressi\u00f3 s\u2019utilitzi amb to humor\u00edstic, a Ses Oliveres Port de S\u00f3ller ho tenim clar: al pop, a la llagosta o a la gamba roja de S\u00f3ller se\u2019ls accepta a taula, frescos i preparats amb tot l\u2019afecte del Mediterrani. [&hellip;]<\/p>\n","protected":false},"author":3,"featured_media":1631,"comment_status":"open","ping_status":"open","sticky":false,"template":"","format":"standard","meta":{"footnotes":""},"categories":[1],"tags":[21,28,22],"class_list":["post-1640","post","type-post","status-publish","format-standard","has-post-thumbnail","hentry","category-sin-categorizar","tag-expositordepeix","tag-galldesantpere","tag-peixfresc"],"yoast_head":"<!-- This site is optimized with the Yoast SEO plugin v26.5 - https:\/\/yoast.com\/wordpress\/plugins\/seo\/ -->\n<title>El sabor del mar a la teva taula a Ses Oliveres - Ses Oliveres Port de S\u00f3ller<\/title>\n<meta name=\"description\" content=\"A Ses Oliveres Port de S\u00f3ller ho tenim clar: al pop, a la llagosta o a la gamba roja de S\u00f3ller se\u2019ls accepta a taula,\" \/>\n<meta name=\"robots\" content=\"index, follow, max-snippet:-1, max-image-preview:large, max-video-preview:-1\" \/>\n<link rel=\"canonical\" href=\"https:\/\/sesoliveresportdesoller.com\/ca\/2025\/09\/26\/el-sabor-del-mar-a-la-taula-a-ses-oliveres\/\" \/>\n<meta property=\"og:locale\" content=\"ca_ES\" \/>\n<meta property=\"og:type\" content=\"article\" \/>\n<meta property=\"og:title\" content=\"El sabor del mar a la teva taula a Ses Oliveres - Ses Oliveres Port de S\u00f3ller\" \/>\n<meta property=\"og:description\" content=\"A Ses Oliveres Port de S\u00f3ller ho tenim clar: al pop, a la llagosta o a la gamba roja de S\u00f3ller se\u2019ls accepta a taula,\" \/>\n<meta property=\"og:url\" content=\"https:\/\/sesoliveresportdesoller.com\/ca\/2025\/09\/26\/el-sabor-del-mar-a-la-taula-a-ses-oliveres\/\" \/>\n<meta property=\"og:site_name\" content=\"Ses Oliveres Port de S\u00f3ller\" \/>\n<meta property=\"article:published_time\" content=\"2025-09-26T14:57:18+00:00\" \/>\n<meta property=\"article:modified_time\" content=\"2025-10-04T14:58:10+00:00\" \/>\n<meta property=\"og:image\" content=\"https:\/\/ses-oliveres-port-de-soller.fra1.digitaloceanspaces.com\/wp-content\/uploads\/2025\/09\/26094140\/El-mejor-producto-en-Ses-Oliveres-12.png\" \/>\n\t<meta property=\"og:image:width\" content=\"1152\" \/>\n\t<meta property=\"og:image:height\" content=\"1536\" \/>\n\t<meta property=\"og:image:type\" content=\"image\/png\" \/>\n<meta name=\"author\" content=\"Ses Oliveres\" \/>\n<meta name=\"twitter:card\" content=\"summary_large_image\" \/>\n<meta name=\"twitter:label1\" content=\"Escrit per\" \/>\n\t<meta name=\"twitter:data1\" content=\"Ses Oliveres\" \/>\n\t<meta name=\"twitter:label2\" content=\"Temps estimat de lectura\" \/>\n\t<meta name=\"twitter:data2\" content=\"2 minuts\" \/>\n<script type=\"application\/ld+json\" class=\"yoast-schema-graph\">{\"@context\":\"https:\/\/schema.org\",\"@graph\":[{\"@type\":\"Article\",\"@id\":\"https:\/\/sesoliveresportdesoller.com\/ca\/2025\/09\/26\/el-sabor-del-mar-a-la-taula-a-ses-oliveres\/#article\",\"isPartOf\":{\"@id\":\"https:\/\/sesoliveresportdesoller.com\/ca\/2025\/09\/26\/el-sabor-del-mar-a-la-taula-a-ses-oliveres\/\"},\"author\":{\"name\":\"Ses Oliveres\",\"@id\":\"https:\/\/sesoliveresportdesoller.com\/ca\/#\/schema\/person\/b5b7c42fb246e7a69985ce8133fca51e\"},\"headline\":\"El sabor del mar a la teva taula a Ses Oliveres\",\"datePublished\":\"2025-09-26T14:57:18+00:00\",\"dateModified\":\"2025-10-04T14:58:10+00:00\",\"mainEntityOfPage\":{\"@id\":\"https:\/\/sesoliveresportdesoller.com\/ca\/2025\/09\/26\/el-sabor-del-mar-a-la-taula-a-ses-oliveres\/\"},\"wordCount\":363,\"commentCount\":0,\"publisher\":{\"@id\":\"https:\/\/sesoliveresportdesoller.com\/ca\/#organization\"},\"image\":{\"@id\":\"https:\/\/sesoliveresportdesoller.com\/ca\/2025\/09\/26\/el-sabor-del-mar-a-la-taula-a-ses-oliveres\/#primaryimage\"},\"thumbnailUrl\":\"https:\/\/ses-oliveres-port-de-soller.fra1.digitaloceanspaces.com\/wp-content\/uploads\/2025\/09\/26094140\/El-mejor-producto-en-Ses-Oliveres-12.png\",\"keywords\":[\"expositordepeix\",\"galldesantpere\",\"peixfresc\"],\"articleSection\":[\"Sin categorizar\"],\"inLanguage\":\"ca\",\"potentialAction\":[{\"@type\":\"CommentAction\",\"name\":\"Comment\",\"target\":[\"https:\/\/sesoliveresportdesoller.com\/ca\/2025\/09\/26\/el-sabor-del-mar-a-la-taula-a-ses-oliveres\/#respond\"]}]},{\"@type\":\"WebPage\",\"@id\":\"https:\/\/sesoliveresportdesoller.com\/ca\/2025\/09\/26\/el-sabor-del-mar-a-la-taula-a-ses-oliveres\/\",\"url\":\"https:\/\/sesoliveresportdesoller.com\/ca\/2025\/09\/26\/el-sabor-del-mar-a-la-taula-a-ses-oliveres\/\",\"name\":\"El sabor del mar a la teva taula a Ses Oliveres - Ses Oliveres Port de S\u00f3ller\",\"isPartOf\":{\"@id\":\"https:\/\/sesoliveresportdesoller.com\/ca\/#website\"},\"primaryImageOfPage\":{\"@id\":\"https:\/\/sesoliveresportdesoller.com\/ca\/2025\/09\/26\/el-sabor-del-mar-a-la-taula-a-ses-oliveres\/#primaryimage\"},\"image\":{\"@id\":\"https:\/\/sesoliveresportdesoller.com\/ca\/2025\/09\/26\/el-sabor-del-mar-a-la-taula-a-ses-oliveres\/#primaryimage\"},\"thumbnailUrl\":\"https:\/\/ses-oliveres-port-de-soller.fra1.digitaloceanspaces.com\/wp-content\/uploads\/2025\/09\/26094140\/El-mejor-producto-en-Ses-Oliveres-12.png\",\"datePublished\":\"2025-09-26T14:57:18+00:00\",\"dateModified\":\"2025-10-04T14:58:10+00:00\",\"description\":\"A Ses Oliveres Port de S\u00f3ller ho tenim clar: al pop, a la llagosta o a la gamba roja de S\u00f3ller se\u2019ls accepta a taula,\",\"breadcrumb\":{\"@id\":\"https:\/\/sesoliveresportdesoller.com\/ca\/2025\/09\/26\/el-sabor-del-mar-a-la-taula-a-ses-oliveres\/#breadcrumb\"},\"inLanguage\":\"ca\",\"potentialAction\":[{\"@type\":\"ReadAction\",\"target\":[\"https:\/\/sesoliveresportdesoller.com\/ca\/2025\/09\/26\/el-sabor-del-mar-a-la-taula-a-ses-oliveres\/\"]}]},{\"@type\":\"ImageObject\",\"inLanguage\":\"ca\",\"@id\":\"https:\/\/sesoliveresportdesoller.com\/ca\/2025\/09\/26\/el-sabor-del-mar-a-la-taula-a-ses-oliveres\/#primaryimage\",\"url\":\"https:\/\/ses-oliveres-port-de-soller.fra1.digitaloceanspaces.com\/wp-content\/uploads\/2025\/09\/26094140\/El-mejor-producto-en-Ses-Oliveres-12.png\",\"contentUrl\":\"https:\/\/ses-oliveres-port-de-soller.fra1.digitaloceanspaces.com\/wp-content\/uploads\/2025\/09\/26094140\/El-mejor-producto-en-Ses-Oliveres-12.png\",\"width\":1152,\"height\":1536,\"caption\":\"Camarero sonriente presenta plato con pulpo\"},{\"@type\":\"BreadcrumbList\",\"@id\":\"https:\/\/sesoliveresportdesoller.com\/ca\/2025\/09\/26\/el-sabor-del-mar-a-la-taula-a-ses-oliveres\/#breadcrumb\",\"itemListElement\":[{\"@type\":\"ListItem\",\"position\":1,\"name\":\"Portada\",\"item\":\"https:\/\/sesoliveresportdesoller.com\/ca\/inici\/\"},{\"@type\":\"ListItem\",\"position\":2,\"name\":\"El sabor del mar a la teva taula a Ses Oliveres\"}]},{\"@type\":\"WebSite\",\"@id\":\"https:\/\/sesoliveresportdesoller.com\/ca\/#website\",\"url\":\"https:\/\/sesoliveresportdesoller.com\/ca\/\",\"name\":\"Ses Oliveres Port de S\u00f3ller\",\"description\":\"Ses Oliveres es un restaurante especializado en arroces, pescados y mariscos, situado en primera l\u00ednea del Port de S\u00f3ller.  Se trata de un concepto de cocina con productos frescos y \u201cdel mar a la mesa\u201d. Disponen de una vitrina con pescado fresco diario. Seg\u00fan sus rese\u00f1as en Google y otras plataformas como Tripadvisor, destacan por su ubicaci\u00f3n excepcional y por la calidad de sus platos.\",\"publisher\":{\"@id\":\"https:\/\/sesoliveresportdesoller.com\/ca\/#organization\"},\"potentialAction\":[{\"@type\":\"SearchAction\",\"target\":{\"@type\":\"EntryPoint\",\"urlTemplate\":\"https:\/\/sesoliveresportdesoller.com\/ca\/?s={search_term_string}\"},\"query-input\":{\"@type\":\"PropertyValueSpecification\",\"valueRequired\":true,\"valueName\":\"search_term_string\"}}],\"inLanguage\":\"ca\"},{\"@type\":\"Organization\",\"@id\":\"https:\/\/sesoliveresportdesoller.com\/ca\/#organization\",\"name\":\"Ses Oliveres Port de S\u00f3ller\",\"url\":\"https:\/\/sesoliveresportdesoller.com\/ca\/\",\"logo\":{\"@type\":\"ImageObject\",\"inLanguage\":\"ca\",\"@id\":\"https:\/\/sesoliveresportdesoller.com\/ca\/#\/schema\/logo\/image\/\",\"url\":\"https:\/\/ses-oliveres-port-de-soller.fra1.digitaloceanspaces.com\/wp-content\/uploads\/2024\/06\/25123952\/logo.svg\",\"contentUrl\":\"https:\/\/ses-oliveres-port-de-soller.fra1.digitaloceanspaces.com\/wp-content\/uploads\/2024\/06\/25123952\/logo.svg\",\"width\":128,\"height\":55,\"caption\":\"Ses Oliveres Port de S\u00f3ller\"},\"image\":{\"@id\":\"https:\/\/sesoliveresportdesoller.com\/ca\/#\/schema\/logo\/image\/\"}},{\"@type\":\"Person\",\"@id\":\"https:\/\/sesoliveresportdesoller.com\/ca\/#\/schema\/person\/b5b7c42fb246e7a69985ce8133fca51e\",\"name\":\"Ses Oliveres\",\"image\":{\"@type\":\"ImageObject\",\"inLanguage\":\"ca\",\"@id\":\"https:\/\/sesoliveresportdesoller.com\/ca\/#\/schema\/person\/image\/\",\"url\":\"https:\/\/secure.gravatar.com\/avatar\/8090ef7ea57149f9049c2bb8b917c09dff08d3f14f396d4b00da77b3f23c5970?s=96&d=mm&r=g\",\"contentUrl\":\"https:\/\/secure.gravatar.com\/avatar\/8090ef7ea57149f9049c2bb8b917c09dff08d3f14f396d4b00da77b3f23c5970?s=96&d=mm&r=g\",\"caption\":\"Ses Oliveres\"},\"url\":\"https:\/\/sesoliveresportdesoller.com\/ca\/author\/sesoliveres\/\"}]}<\/script>\n<!-- \/ Yoast SEO plugin. -->","yoast_head_json":{"title":"El sabor del mar a la teva taula a Ses Oliveres - Ses Oliveres Port de S\u00f3ller","description":"A Ses Oliveres Port de S\u00f3ller ho tenim clar: al pop, a la llagosta o a la gamba roja de S\u00f3ller se\u2019ls accepta a taula,","robots":{"index":"index","follow":"follow","max-snippet":"max-snippet:-1","max-image-preview":"max-image-preview:large","max-video-preview":"max-video-preview:-1"},"canonical":"https:\/\/sesoliveresportdesoller.com\/ca\/2025\/09\/26\/el-sabor-del-mar-a-la-taula-a-ses-oliveres\/","og_locale":"ca_ES","og_type":"article","og_title":"El sabor del mar a la teva taula a Ses Oliveres - Ses Oliveres Port de S\u00f3ller","og_description":"A Ses Oliveres Port de S\u00f3ller ho tenim clar: al pop, a la llagosta o a la gamba roja de S\u00f3ller se\u2019ls accepta a taula,","og_url":"https:\/\/sesoliveresportdesoller.com\/ca\/2025\/09\/26\/el-sabor-del-mar-a-la-taula-a-ses-oliveres\/","og_site_name":"Ses Oliveres Port de S\u00f3ller","article_published_time":"2025-09-26T14:57:18+00:00","article_modified_time":"2025-10-04T14:58:10+00:00","og_image":[{"width":1152,"height":1536,"url":"https:\/\/ses-oliveres-port-de-soller.fra1.digitaloceanspaces.com\/wp-content\/uploads\/2025\/09\/26094140\/El-mejor-producto-en-Ses-Oliveres-12.png","type":"image\/png"}],"author":"Ses Oliveres","twitter_card":"summary_large_image","twitter_misc":{"Escrit per":"Ses Oliveres","Temps estimat de lectura":"2 minuts"},"schema":{"@context":"https:\/\/schema.org","@graph":[{"@type":"Article","@id":"https:\/\/sesoliveresportdesoller.com\/ca\/2025\/09\/26\/el-sabor-del-mar-a-la-taula-a-ses-oliveres\/#article","isPartOf":{"@id":"https:\/\/sesoliveresportdesoller.com\/ca\/2025\/09\/26\/el-sabor-del-mar-a-la-taula-a-ses-oliveres\/"},"author":{"name":"Ses Oliveres","@id":"https:\/\/sesoliveresportdesoller.com\/ca\/#\/schema\/person\/b5b7c42fb246e7a69985ce8133fca51e"},"headline":"El sabor del mar a la teva taula a Ses Oliveres","datePublished":"2025-09-26T14:57:18+00:00","dateModified":"2025-10-04T14:58:10+00:00","mainEntityOfPage":{"@id":"https:\/\/sesoliveresportdesoller.com\/ca\/2025\/09\/26\/el-sabor-del-mar-a-la-taula-a-ses-oliveres\/"},"wordCount":363,"commentCount":0,"publisher":{"@id":"https:\/\/sesoliveresportdesoller.com\/ca\/#organization"},"image":{"@id":"https:\/\/sesoliveresportdesoller.com\/ca\/2025\/09\/26\/el-sabor-del-mar-a-la-taula-a-ses-oliveres\/#primaryimage"},"thumbnailUrl":"https:\/\/ses-oliveres-port-de-soller.fra1.digitaloceanspaces.com\/wp-content\/uploads\/2025\/09\/26094140\/El-mejor-producto-en-Ses-Oliveres-12.png","keywords":["expositordepeix","galldesantpere","peixfresc"],"articleSection":["Sin categorizar"],"inLanguage":"ca","potentialAction":[{"@type":"CommentAction","name":"Comment","target":["https:\/\/sesoliveresportdesoller.com\/ca\/2025\/09\/26\/el-sabor-del-mar-a-la-taula-a-ses-oliveres\/#respond"]}]},{"@type":"WebPage","@id":"https:\/\/sesoliveresportdesoller.com\/ca\/2025\/09\/26\/el-sabor-del-mar-a-la-taula-a-ses-oliveres\/","url":"https:\/\/sesoliveresportdesoller.com\/ca\/2025\/09\/26\/el-sabor-del-mar-a-la-taula-a-ses-oliveres\/","name":"El sabor del mar a la teva taula a Ses Oliveres - Ses Oliveres Port de S\u00f3ller","isPartOf":{"@id":"https:\/\/sesoliveresportdesoller.com\/ca\/#website"},"primaryImageOfPage":{"@id":"https:\/\/sesoliveresportdesoller.com\/ca\/2025\/09\/26\/el-sabor-del-mar-a-la-taula-a-ses-oliveres\/#primaryimage"},"image":{"@id":"https:\/\/sesoliveresportdesoller.com\/ca\/2025\/09\/26\/el-sabor-del-mar-a-la-taula-a-ses-oliveres\/#primaryimage"},"thumbnailUrl":"https:\/\/ses-oliveres-port-de-soller.fra1.digitaloceanspaces.com\/wp-content\/uploads\/2025\/09\/26094140\/El-mejor-producto-en-Ses-Oliveres-12.png","datePublished":"2025-09-26T14:57:18+00:00","dateModified":"2025-10-04T14:58:10+00:00","description":"A Ses Oliveres Port de S\u00f3ller ho tenim clar: al pop, a la llagosta o a la gamba roja de S\u00f3ller se\u2019ls accepta a taula,","breadcrumb":{"@id":"https:\/\/sesoliveresportdesoller.com\/ca\/2025\/09\/26\/el-sabor-del-mar-a-la-taula-a-ses-oliveres\/#breadcrumb"},"inLanguage":"ca","potentialAction":[{"@type":"ReadAction","target":["https:\/\/sesoliveresportdesoller.com\/ca\/2025\/09\/26\/el-sabor-del-mar-a-la-taula-a-ses-oliveres\/"]}]},{"@type":"ImageObject","inLanguage":"ca","@id":"https:\/\/sesoliveresportdesoller.com\/ca\/2025\/09\/26\/el-sabor-del-mar-a-la-taula-a-ses-oliveres\/#primaryimage","url":"https:\/\/ses-oliveres-port-de-soller.fra1.digitaloceanspaces.com\/wp-content\/uploads\/2025\/09\/26094140\/El-mejor-producto-en-Ses-Oliveres-12.png","contentUrl":"https:\/\/ses-oliveres-port-de-soller.fra1.digitaloceanspaces.com\/wp-content\/uploads\/2025\/09\/26094140\/El-mejor-producto-en-Ses-Oliveres-12.png","width":1152,"height":1536,"caption":"Camarero sonriente presenta plato con pulpo"},{"@type":"BreadcrumbList","@id":"https:\/\/sesoliveresportdesoller.com\/ca\/2025\/09\/26\/el-sabor-del-mar-a-la-taula-a-ses-oliveres\/#breadcrumb","itemListElement":[{"@type":"ListItem","position":1,"name":"Portada","item":"https:\/\/sesoliveresportdesoller.com\/ca\/inici\/"},{"@type":"ListItem","position":2,"name":"El sabor del mar a la teva taula a Ses Oliveres"}]},{"@type":"WebSite","@id":"https:\/\/sesoliveresportdesoller.com\/ca\/#website","url":"https:\/\/sesoliveresportdesoller.com\/ca\/","name":"Ses Oliveres Port de S\u00f3ller","description":"Ses Oliveres es un restaurante especializado en arroces, pescados y mariscos, situado en primera l\u00ednea del Port de S\u00f3ller.  Se trata de un concepto de cocina con productos frescos y \u201cdel mar a la mesa\u201d. Disponen de una vitrina con pescado fresco diario. Seg\u00fan sus rese\u00f1as en Google y otras plataformas como Tripadvisor, destacan por su ubicaci\u00f3n excepcional y por la calidad de sus platos.","publisher":{"@id":"https:\/\/sesoliveresportdesoller.com\/ca\/#organization"},"potentialAction":[{"@type":"SearchAction","target":{"@type":"EntryPoint","urlTemplate":"https:\/\/sesoliveresportdesoller.com\/ca\/?s={search_term_string}"},"query-input":{"@type":"PropertyValueSpecification","valueRequired":true,"valueName":"search_term_string"}}],"inLanguage":"ca"},{"@type":"Organization","@id":"https:\/\/sesoliveresportdesoller.com\/ca\/#organization","name":"Ses Oliveres Port de S\u00f3ller","url":"https:\/\/sesoliveresportdesoller.com\/ca\/","logo":{"@type":"ImageObject","inLanguage":"ca","@id":"https:\/\/sesoliveresportdesoller.com\/ca\/#\/schema\/logo\/image\/","url":"https:\/\/ses-oliveres-port-de-soller.fra1.digitaloceanspaces.com\/wp-content\/uploads\/2024\/06\/25123952\/logo.svg","contentUrl":"https:\/\/ses-oliveres-port-de-soller.fra1.digitaloceanspaces.com\/wp-content\/uploads\/2024\/06\/25123952\/logo.svg","width":128,"height":55,"caption":"Ses Oliveres Port de S\u00f3ller"},"image":{"@id":"https:\/\/sesoliveresportdesoller.com\/ca\/#\/schema\/logo\/image\/"}},{"@type":"Person","@id":"https:\/\/sesoliveresportdesoller.com\/ca\/#\/schema\/person\/b5b7c42fb246e7a69985ce8133fca51e","name":"Ses Oliveres","image":{"@type":"ImageObject","inLanguage":"ca","@id":"https:\/\/sesoliveresportdesoller.com\/ca\/#\/schema\/person\/image\/","url":"https:\/\/secure.gravatar.com\/avatar\/8090ef7ea57149f9049c2bb8b917c09dff08d3f14f396d4b00da77b3f23c5970?s=96&d=mm&r=g","contentUrl":"https:\/\/secure.gravatar.com\/avatar\/8090ef7ea57149f9049c2bb8b917c09dff08d3f14f396d4b00da77b3f23c5970?s=96&d=mm&r=g","caption":"Ses Oliveres"},"url":"https:\/\/sesoliveresportdesoller.com\/ca\/author\/sesoliveres\/"}]}},"_links":{"self":[{"href":"https:\/\/sesoliveresportdesoller.com\/ca\/wp-json\/wp\/v2\/posts\/1640","targetHints":{"allow":["GET"]}}],"collection":[{"href":"https:\/\/sesoliveresportdesoller.com\/ca\/wp-json\/wp\/v2\/posts"}],"about":[{"href":"https:\/\/sesoliveresportdesoller.com\/ca\/wp-json\/wp\/v2\/types\/post"}],"author":[{"embeddable":true,"href":"https:\/\/sesoliveresportdesoller.com\/ca\/wp-json\/wp\/v2\/users\/3"}],"replies":[{"embeddable":true,"href":"https:\/\/sesoliveresportdesoller.com\/ca\/wp-json\/wp\/v2\/comments?post=1640"}],"version-history":[{"count":1,"href":"https:\/\/sesoliveresportdesoller.com\/ca\/wp-json\/wp\/v2\/posts\/1640\/revisions"}],"predecessor-version":[{"id":1641,"href":"https:\/\/sesoliveresportdesoller.com\/ca\/wp-json\/wp\/v2\/posts\/1640\/revisions\/1641"}],"wp:featuredmedia":[{"embeddable":true,"href":"https:\/\/sesoliveresportdesoller.com\/ca\/wp-json\/wp\/v2\/media\/1631"}],"wp:attachment":[{"href":"https:\/\/sesoliveresportdesoller.com\/ca\/wp-json\/wp\/v2\/media?parent=1640"}],"wp:term":[{"taxonomy":"category","embeddable":true,"href":"https:\/\/sesoliveresportdesoller.com\/ca\/wp-json\/wp\/v2\/categories?post=1640"},{"taxonomy":"post_tag","embeddable":true,"href":"https:\/\/sesoliveresportdesoller.com\/ca\/wp-json\/wp\/v2\/tags?post=1640"}],"curies":[{"name":"wp","href":"https:\/\/api.w.org\/{rel}","templated":true}]}}