{"id":1657,"date":"2025-10-12T12:02:58","date_gmt":"2025-10-12T10:02:58","guid":{"rendered":"https:\/\/sesoliveresportdesoller.com\/?p=1657"},"modified":"2025-10-12T12:03:01","modified_gmt":"2025-10-12T10:03:01","slug":"lart-del-maridatge-vins-mallorquins-que-realcen-el-sabor-de-la-mar","status":"publish","type":"post","link":"https:\/\/sesoliveresportdesoller.com\/ca\/2025\/10\/12\/lart-del-maridatge-vins-mallorquins-que-realcen-el-sabor-de-la-mar\/","title":{"rendered":"L\u2019art del maridatge: vins mallorquins que realcen el sabor de la mar"},"content":{"rendered":"\n<p>Hi ha alguna cosa gaireb\u00e9 po\u00e8tica en la uni\u00f3 entre la mar i la vinya. A Mallorca, on la brisa salina arriba fins als ceps de l\u2019interior, els vins adquireixen una personalitat \u00fanica: frescos, minerals i amb un car\u00e0cter mediterrani inconfusible. A Ses Oliveres Port de S\u00f3ller, aquests matisos es converteixen en el complement perfecte per als sabors de la mar.<\/p>\n\n\n\n<h2 class=\"wp-block-heading\">Les denominacions d&#8217;origen del vi mallorqu\u00ed<\/h2>\n\n\n\n<p>L\u2019illa compta amb dues denominacions d\u2019origen \u2014<strong>Binissalem<\/strong> i <strong>Pla i Llevant<\/strong>\u2014 i una <a href=\"https:\/\/www.illesbalears.travel\/es\/mallorca\/los-mejores-vinos-de-mallorca-tipos-y-denominaciones-de-origen\">\u00e0mplia indicaci\u00f3 <\/a>geogr\u00e0fica, <strong>Vi de la Terra Mallorca<\/strong>, que empara desenes de petites bodegues familiars. Les varietats aut\u00f2ctones com la <strong>Prensal Blanc<\/strong> (tamb\u00e9 anomenada <em>Moll<\/em>), el <strong>Gir\u00f3 Ros<\/strong>, el <strong>Callet<\/strong> o el <strong>Manto Negro<\/strong> en s\u00f3n les aut\u00e8ntiques protagonistes. Cadascuna aporta una identitat pr\u00f2pia, perfecta per acompanyar plats frescos, mariners i plens de matisos.<\/p>\n\n\n\n<p>Un <strong>blanc de Prensal Blanc<\/strong>, lleuger i amb notes c\u00edtriques, ressalta la dol\u00e7or natural de la <strong>gamba roja de S\u00f3ller<\/strong> o d\u2019un <strong>carpaccio de marisc<\/strong>. Els vins elaborats amb <strong>Gir\u00f3 Ros<\/strong>, m\u00e9s estructurats i amb records de fruita blanca i ametlla, mariden de meravella amb <a href=\"https:\/\/sesoliveresportdesoller.com\/ca\/2025\/07\/14\/arrossos-que-encanten-a-ses-oliveres\/\">arrossos <\/a>com la <strong>fideu\u00e0 negra<\/strong> o un <strong>arr\u00f2s cald\u00f3s de s\u00edpia<\/strong>.<\/p>\n\n\n\n<p>Si prefereixes un toc m\u00e9s intens, els <strong>rosats de Callet<\/strong> combinen frescor i car\u00e0cter, i acompanyen a la perfecci\u00f3 plats com el <strong>pop a la graella<\/strong> o la <strong>s\u00edpia saltada amb verdures<\/strong>. I per a qui s\u2019atreveixi amb un negre, els <strong>joves de Manto Negro<\/strong>, suaus i arom\u00e0tics, sorprenen amb peixos de roca o plats de mar i muntanya.<\/p>\n\n\n\n<p>El secret \u00e9s l\u2019harmonia: no es tracta que el vi domini el plat, sin\u00f3 que tots dos es realcin m\u00fatuament. A Ses Oliveres, cada copa \u00e9s una invitaci\u00f3 a descobrir com la terra i la mar de Mallorca dialoguen a trav\u00e9s dels sentits.<\/p>\n\n\n\n<p>Perqu\u00e8, davant el port, amb la Mediterr\u00e0nia de fons i una copa de vi local a la m\u00e0, cada \u00e0pat \u00e9s molt m\u00e9s que una experi\u00e8ncia gastron\u00f2mica: \u00e9s un homenatge a l\u2019illa.<\/p>\n\n\n\n<p>\ud83d\udc49 Descobreix m\u00e9s a <a href=\"https:\/\/sesoliveresportdesoller.com\/?utm_source=chatgpt.com\">sesoliveresportdesoller.com<\/a><br>i <strong>reserva la teva taula<\/strong> per brindar amb els sabors de la Mediterr\u00e0nia.<\/p>\n\n\n\n<p><\/p>\n","protected":false},"excerpt":{"rendered":"<p>Hi ha alguna cosa gaireb\u00e9 po\u00e8tica en la uni\u00f3 entre la mar i la vinya. A Mallorca, on la brisa salina arriba fins als ceps de l\u2019interior, els vins adquireixen una personalitat \u00fanica: frescos, minerals i amb un car\u00e0cter mediterrani inconfusible. A Ses Oliveres Port de S\u00f3ller, aquests matisos es converteixen en el complement perfecte [&hellip;]<\/p>\n","protected":false},"author":3,"featured_media":1654,"comment_status":"open","ping_status":"open","sticky":false,"template":"","format":"standard","meta":{"footnotes":""},"categories":[1],"tags":[89,70,22,90],"class_list":["post-1657","post","type-post","status-publish","format-standard","has-post-thumbnail","hentry","category-sin-categorizar","tag-maridatge","tag-peix","tag-peixfresc","tag-vins-de-la-terra"],"yoast_head":"<!-- This site is optimized with the Yoast SEO plugin v26.5 - https:\/\/yoast.com\/wordpress\/plugins\/seo\/ -->\n<title>L\u2019art del maridatge: vins mallorquins que realcen el sabor de la mar - Ses Oliveres Port de S\u00f3ller<\/title>\n<meta name=\"description\" content=\"Hi ha alguna cosa gaireb\u00e9 po\u00e8tica en la uni\u00f3 entre la mar i la vinya. A Mallorca, on la brisa salina arriba fins als ceps de l\u2019interior\" \/>\n<meta name=\"robots\" content=\"index, follow, max-snippet:-1, max-image-preview:large, max-video-preview:-1\" \/>\n<link rel=\"canonical\" href=\"https:\/\/sesoliveresportdesoller.com\/ca\/2025\/10\/12\/lart-del-maridatge-vins-mallorquins-que-realcen-el-sabor-de-la-mar\/\" \/>\n<meta property=\"og:locale\" content=\"ca_ES\" \/>\n<meta property=\"og:type\" content=\"article\" \/>\n<meta property=\"og:title\" content=\"L\u2019art del maridatge: vins mallorquins que realcen el sabor de la mar - Ses Oliveres Port de S\u00f3ller\" \/>\n<meta property=\"og:description\" content=\"Hi ha alguna cosa gaireb\u00e9 po\u00e8tica en la uni\u00f3 entre la mar i la vinya. A Mallorca, on la brisa salina arriba fins als ceps de l\u2019interior\" \/>\n<meta property=\"og:url\" content=\"https:\/\/sesoliveresportdesoller.com\/ca\/2025\/10\/12\/lart-del-maridatge-vins-mallorquins-que-realcen-el-sabor-de-la-mar\/\" \/>\n<meta property=\"og:site_name\" content=\"Ses Oliveres Port de S\u00f3ller\" \/>\n<meta property=\"article:published_time\" content=\"2025-10-12T10:02:58+00:00\" \/>\n<meta property=\"article:modified_time\" content=\"2025-10-12T10:03:01+00:00\" \/>\n<meta property=\"og:image\" content=\"https:\/\/ses-oliveres-port-de-soller.fra1.digitaloceanspaces.com\/wp-content\/uploads\/2025\/10\/04173238\/WhatsApp-Image-2025-10-03-at-13.10.48.jpeg\" \/>\n\t<meta property=\"og:image:width\" content=\"2048\" \/>\n\t<meta property=\"og:image:height\" content=\"1152\" \/>\n\t<meta property=\"og:image:type\" content=\"image\/jpeg\" \/>\n<meta name=\"author\" content=\"Ses Oliveres\" \/>\n<meta name=\"twitter:card\" content=\"summary_large_image\" \/>\n<meta name=\"twitter:label1\" content=\"Escrit per\" \/>\n\t<meta name=\"twitter:data1\" content=\"Ses Oliveres\" \/>\n\t<meta name=\"twitter:label2\" content=\"Temps estimat de lectura\" \/>\n\t<meta name=\"twitter:data2\" content=\"1 minut\" \/>\n<script type=\"application\/ld+json\" class=\"yoast-schema-graph\">{\"@context\":\"https:\/\/schema.org\",\"@graph\":[{\"@type\":\"Article\",\"@id\":\"https:\/\/sesoliveresportdesoller.com\/ca\/2025\/10\/12\/lart-del-maridatge-vins-mallorquins-que-realcen-el-sabor-de-la-mar\/#article\",\"isPartOf\":{\"@id\":\"https:\/\/sesoliveresportdesoller.com\/ca\/2025\/10\/12\/lart-del-maridatge-vins-mallorquins-que-realcen-el-sabor-de-la-mar\/\"},\"author\":{\"name\":\"Ses Oliveres\",\"@id\":\"https:\/\/sesoliveresportdesoller.com\/ca\/#\/schema\/person\/b5b7c42fb246e7a69985ce8133fca51e\"},\"headline\":\"L\u2019art del maridatge: vins mallorquins que realcen el sabor de la mar\",\"datePublished\":\"2025-10-12T10:02:58+00:00\",\"dateModified\":\"2025-10-12T10:03:01+00:00\",\"mainEntityOfPage\":{\"@id\":\"https:\/\/sesoliveresportdesoller.com\/ca\/2025\/10\/12\/lart-del-maridatge-vins-mallorquins-que-realcen-el-sabor-de-la-mar\/\"},\"wordCount\":390,\"commentCount\":0,\"publisher\":{\"@id\":\"https:\/\/sesoliveresportdesoller.com\/ca\/#organization\"},\"image\":{\"@id\":\"https:\/\/sesoliveresportdesoller.com\/ca\/2025\/10\/12\/lart-del-maridatge-vins-mallorquins-que-realcen-el-sabor-de-la-mar\/#primaryimage\"},\"thumbnailUrl\":\"https:\/\/ses-oliveres-port-de-soller.fra1.digitaloceanspaces.com\/wp-content\/uploads\/2025\/10\/04173238\/WhatsApp-Image-2025-10-03-at-13.10.48.jpeg\",\"keywords\":[\"maridatge\",\"peix\",\"peixfresc\",\"vins de la terra\"],\"articleSection\":[\"Sin categorizar\"],\"inLanguage\":\"ca\",\"potentialAction\":[{\"@type\":\"CommentAction\",\"name\":\"Comment\",\"target\":[\"https:\/\/sesoliveresportdesoller.com\/ca\/2025\/10\/12\/lart-del-maridatge-vins-mallorquins-que-realcen-el-sabor-de-la-mar\/#respond\"]}]},{\"@type\":\"WebPage\",\"@id\":\"https:\/\/sesoliveresportdesoller.com\/ca\/2025\/10\/12\/lart-del-maridatge-vins-mallorquins-que-realcen-el-sabor-de-la-mar\/\",\"url\":\"https:\/\/sesoliveresportdesoller.com\/ca\/2025\/10\/12\/lart-del-maridatge-vins-mallorquins-que-realcen-el-sabor-de-la-mar\/\",\"name\":\"L\u2019art del maridatge: vins mallorquins que realcen el sabor de la mar - Ses Oliveres Port de S\u00f3ller\",\"isPartOf\":{\"@id\":\"https:\/\/sesoliveresportdesoller.com\/ca\/#website\"},\"primaryImageOfPage\":{\"@id\":\"https:\/\/sesoliveresportdesoller.com\/ca\/2025\/10\/12\/lart-del-maridatge-vins-mallorquins-que-realcen-el-sabor-de-la-mar\/#primaryimage\"},\"image\":{\"@id\":\"https:\/\/sesoliveresportdesoller.com\/ca\/2025\/10\/12\/lart-del-maridatge-vins-mallorquins-que-realcen-el-sabor-de-la-mar\/#primaryimage\"},\"thumbnailUrl\":\"https:\/\/ses-oliveres-port-de-soller.fra1.digitaloceanspaces.com\/wp-content\/uploads\/2025\/10\/04173238\/WhatsApp-Image-2025-10-03-at-13.10.48.jpeg\",\"datePublished\":\"2025-10-12T10:02:58+00:00\",\"dateModified\":\"2025-10-12T10:03:01+00:00\",\"description\":\"Hi ha alguna cosa gaireb\u00e9 po\u00e8tica en la uni\u00f3 entre la mar i la vinya. A Mallorca, on la brisa salina arriba fins als ceps de l\u2019interior\",\"breadcrumb\":{\"@id\":\"https:\/\/sesoliveresportdesoller.com\/ca\/2025\/10\/12\/lart-del-maridatge-vins-mallorquins-que-realcen-el-sabor-de-la-mar\/#breadcrumb\"},\"inLanguage\":\"ca\",\"potentialAction\":[{\"@type\":\"ReadAction\",\"target\":[\"https:\/\/sesoliveresportdesoller.com\/ca\/2025\/10\/12\/lart-del-maridatge-vins-mallorquins-que-realcen-el-sabor-de-la-mar\/\"]}]},{\"@type\":\"ImageObject\",\"inLanguage\":\"ca\",\"@id\":\"https:\/\/sesoliveresportdesoller.com\/ca\/2025\/10\/12\/lart-del-maridatge-vins-mallorquins-que-realcen-el-sabor-de-la-mar\/#primaryimage\",\"url\":\"https:\/\/ses-oliveres-port-de-soller.fra1.digitaloceanspaces.com\/wp-content\/uploads\/2025\/10\/04173238\/WhatsApp-Image-2025-10-03-at-13.10.48.jpeg\",\"contentUrl\":\"https:\/\/ses-oliveres-port-de-soller.fra1.digitaloceanspaces.com\/wp-content\/uploads\/2025\/10\/04173238\/WhatsApp-Image-2025-10-03-at-13.10.48.jpeg\",\"width\":2048,\"height\":1152,\"caption\":\"fideu\u00e1 negra de marisco a punto de ser servida\"},{\"@type\":\"BreadcrumbList\",\"@id\":\"https:\/\/sesoliveresportdesoller.com\/ca\/2025\/10\/12\/lart-del-maridatge-vins-mallorquins-que-realcen-el-sabor-de-la-mar\/#breadcrumb\",\"itemListElement\":[{\"@type\":\"ListItem\",\"position\":1,\"name\":\"Portada\",\"item\":\"https:\/\/sesoliveresportdesoller.com\/ca\/inici\/\"},{\"@type\":\"ListItem\",\"position\":2,\"name\":\"L\u2019art del maridatge: vins mallorquins que realcen el sabor de la mar\"}]},{\"@type\":\"WebSite\",\"@id\":\"https:\/\/sesoliveresportdesoller.com\/ca\/#website\",\"url\":\"https:\/\/sesoliveresportdesoller.com\/ca\/\",\"name\":\"Ses Oliveres Port de S\u00f3ller\",\"description\":\"Ses Oliveres es un restaurante especializado en arroces, pescados y mariscos, situado en primera l\u00ednea del Port de S\u00f3ller.  Se trata de un concepto de cocina con productos frescos y \u201cdel mar a la mesa\u201d. Disponen de una vitrina con pescado fresco diario. Seg\u00fan sus rese\u00f1as en Google y otras plataformas como Tripadvisor, destacan por su ubicaci\u00f3n excepcional y por la calidad de sus platos.\",\"publisher\":{\"@id\":\"https:\/\/sesoliveresportdesoller.com\/ca\/#organization\"},\"potentialAction\":[{\"@type\":\"SearchAction\",\"target\":{\"@type\":\"EntryPoint\",\"urlTemplate\":\"https:\/\/sesoliveresportdesoller.com\/ca\/?s={search_term_string}\"},\"query-input\":{\"@type\":\"PropertyValueSpecification\",\"valueRequired\":true,\"valueName\":\"search_term_string\"}}],\"inLanguage\":\"ca\"},{\"@type\":\"Organization\",\"@id\":\"https:\/\/sesoliveresportdesoller.com\/ca\/#organization\",\"name\":\"Ses Oliveres Port de S\u00f3ller\",\"url\":\"https:\/\/sesoliveresportdesoller.com\/ca\/\",\"logo\":{\"@type\":\"ImageObject\",\"inLanguage\":\"ca\",\"@id\":\"https:\/\/sesoliveresportdesoller.com\/ca\/#\/schema\/logo\/image\/\",\"url\":\"https:\/\/ses-oliveres-port-de-soller.fra1.digitaloceanspaces.com\/wp-content\/uploads\/2024\/06\/25123952\/logo.svg\",\"contentUrl\":\"https:\/\/ses-oliveres-port-de-soller.fra1.digitaloceanspaces.com\/wp-content\/uploads\/2024\/06\/25123952\/logo.svg\",\"width\":128,\"height\":55,\"caption\":\"Ses Oliveres Port de S\u00f3ller\"},\"image\":{\"@id\":\"https:\/\/sesoliveresportdesoller.com\/ca\/#\/schema\/logo\/image\/\"}},{\"@type\":\"Person\",\"@id\":\"https:\/\/sesoliveresportdesoller.com\/ca\/#\/schema\/person\/b5b7c42fb246e7a69985ce8133fca51e\",\"name\":\"Ses Oliveres\",\"image\":{\"@type\":\"ImageObject\",\"inLanguage\":\"ca\",\"@id\":\"https:\/\/sesoliveresportdesoller.com\/ca\/#\/schema\/person\/image\/\",\"url\":\"https:\/\/secure.gravatar.com\/avatar\/8090ef7ea57149f9049c2bb8b917c09dff08d3f14f396d4b00da77b3f23c5970?s=96&d=mm&r=g\",\"contentUrl\":\"https:\/\/secure.gravatar.com\/avatar\/8090ef7ea57149f9049c2bb8b917c09dff08d3f14f396d4b00da77b3f23c5970?s=96&d=mm&r=g\",\"caption\":\"Ses Oliveres\"},\"url\":\"https:\/\/sesoliveresportdesoller.com\/ca\/author\/sesoliveres\/\"}]}<\/script>\n<!-- \/ Yoast SEO plugin. -->","yoast_head_json":{"title":"L\u2019art del maridatge: vins mallorquins que realcen el sabor de la mar - Ses Oliveres Port de S\u00f3ller","description":"Hi ha alguna cosa gaireb\u00e9 po\u00e8tica en la uni\u00f3 entre la mar i la vinya. A Mallorca, on la brisa salina arriba fins als ceps de l\u2019interior","robots":{"index":"index","follow":"follow","max-snippet":"max-snippet:-1","max-image-preview":"max-image-preview:large","max-video-preview":"max-video-preview:-1"},"canonical":"https:\/\/sesoliveresportdesoller.com\/ca\/2025\/10\/12\/lart-del-maridatge-vins-mallorquins-que-realcen-el-sabor-de-la-mar\/","og_locale":"ca_ES","og_type":"article","og_title":"L\u2019art del maridatge: vins mallorquins que realcen el sabor de la mar - Ses Oliveres Port de S\u00f3ller","og_description":"Hi ha alguna cosa gaireb\u00e9 po\u00e8tica en la uni\u00f3 entre la mar i la vinya. A Mallorca, on la brisa salina arriba fins als ceps de l\u2019interior","og_url":"https:\/\/sesoliveresportdesoller.com\/ca\/2025\/10\/12\/lart-del-maridatge-vins-mallorquins-que-realcen-el-sabor-de-la-mar\/","og_site_name":"Ses Oliveres Port de S\u00f3ller","article_published_time":"2025-10-12T10:02:58+00:00","article_modified_time":"2025-10-12T10:03:01+00:00","og_image":[{"width":2048,"height":1152,"url":"https:\/\/ses-oliveres-port-de-soller.fra1.digitaloceanspaces.com\/wp-content\/uploads\/2025\/10\/04173238\/WhatsApp-Image-2025-10-03-at-13.10.48.jpeg","type":"image\/jpeg"}],"author":"Ses Oliveres","twitter_card":"summary_large_image","twitter_misc":{"Escrit per":"Ses Oliveres","Temps estimat de lectura":"1 minut"},"schema":{"@context":"https:\/\/schema.org","@graph":[{"@type":"Article","@id":"https:\/\/sesoliveresportdesoller.com\/ca\/2025\/10\/12\/lart-del-maridatge-vins-mallorquins-que-realcen-el-sabor-de-la-mar\/#article","isPartOf":{"@id":"https:\/\/sesoliveresportdesoller.com\/ca\/2025\/10\/12\/lart-del-maridatge-vins-mallorquins-que-realcen-el-sabor-de-la-mar\/"},"author":{"name":"Ses Oliveres","@id":"https:\/\/sesoliveresportdesoller.com\/ca\/#\/schema\/person\/b5b7c42fb246e7a69985ce8133fca51e"},"headline":"L\u2019art del maridatge: vins mallorquins que realcen el sabor de la mar","datePublished":"2025-10-12T10:02:58+00:00","dateModified":"2025-10-12T10:03:01+00:00","mainEntityOfPage":{"@id":"https:\/\/sesoliveresportdesoller.com\/ca\/2025\/10\/12\/lart-del-maridatge-vins-mallorquins-que-realcen-el-sabor-de-la-mar\/"},"wordCount":390,"commentCount":0,"publisher":{"@id":"https:\/\/sesoliveresportdesoller.com\/ca\/#organization"},"image":{"@id":"https:\/\/sesoliveresportdesoller.com\/ca\/2025\/10\/12\/lart-del-maridatge-vins-mallorquins-que-realcen-el-sabor-de-la-mar\/#primaryimage"},"thumbnailUrl":"https:\/\/ses-oliveres-port-de-soller.fra1.digitaloceanspaces.com\/wp-content\/uploads\/2025\/10\/04173238\/WhatsApp-Image-2025-10-03-at-13.10.48.jpeg","keywords":["maridatge","peix","peixfresc","vins de la terra"],"articleSection":["Sin categorizar"],"inLanguage":"ca","potentialAction":[{"@type":"CommentAction","name":"Comment","target":["https:\/\/sesoliveresportdesoller.com\/ca\/2025\/10\/12\/lart-del-maridatge-vins-mallorquins-que-realcen-el-sabor-de-la-mar\/#respond"]}]},{"@type":"WebPage","@id":"https:\/\/sesoliveresportdesoller.com\/ca\/2025\/10\/12\/lart-del-maridatge-vins-mallorquins-que-realcen-el-sabor-de-la-mar\/","url":"https:\/\/sesoliveresportdesoller.com\/ca\/2025\/10\/12\/lart-del-maridatge-vins-mallorquins-que-realcen-el-sabor-de-la-mar\/","name":"L\u2019art del maridatge: vins mallorquins que realcen el sabor de la mar - Ses Oliveres Port de S\u00f3ller","isPartOf":{"@id":"https:\/\/sesoliveresportdesoller.com\/ca\/#website"},"primaryImageOfPage":{"@id":"https:\/\/sesoliveresportdesoller.com\/ca\/2025\/10\/12\/lart-del-maridatge-vins-mallorquins-que-realcen-el-sabor-de-la-mar\/#primaryimage"},"image":{"@id":"https:\/\/sesoliveresportdesoller.com\/ca\/2025\/10\/12\/lart-del-maridatge-vins-mallorquins-que-realcen-el-sabor-de-la-mar\/#primaryimage"},"thumbnailUrl":"https:\/\/ses-oliveres-port-de-soller.fra1.digitaloceanspaces.com\/wp-content\/uploads\/2025\/10\/04173238\/WhatsApp-Image-2025-10-03-at-13.10.48.jpeg","datePublished":"2025-10-12T10:02:58+00:00","dateModified":"2025-10-12T10:03:01+00:00","description":"Hi ha alguna cosa gaireb\u00e9 po\u00e8tica en la uni\u00f3 entre la mar i la vinya. A Mallorca, on la brisa salina arriba fins als ceps de l\u2019interior","breadcrumb":{"@id":"https:\/\/sesoliveresportdesoller.com\/ca\/2025\/10\/12\/lart-del-maridatge-vins-mallorquins-que-realcen-el-sabor-de-la-mar\/#breadcrumb"},"inLanguage":"ca","potentialAction":[{"@type":"ReadAction","target":["https:\/\/sesoliveresportdesoller.com\/ca\/2025\/10\/12\/lart-del-maridatge-vins-mallorquins-que-realcen-el-sabor-de-la-mar\/"]}]},{"@type":"ImageObject","inLanguage":"ca","@id":"https:\/\/sesoliveresportdesoller.com\/ca\/2025\/10\/12\/lart-del-maridatge-vins-mallorquins-que-realcen-el-sabor-de-la-mar\/#primaryimage","url":"https:\/\/ses-oliveres-port-de-soller.fra1.digitaloceanspaces.com\/wp-content\/uploads\/2025\/10\/04173238\/WhatsApp-Image-2025-10-03-at-13.10.48.jpeg","contentUrl":"https:\/\/ses-oliveres-port-de-soller.fra1.digitaloceanspaces.com\/wp-content\/uploads\/2025\/10\/04173238\/WhatsApp-Image-2025-10-03-at-13.10.48.jpeg","width":2048,"height":1152,"caption":"fideu\u00e1 negra de marisco a punto de ser servida"},{"@type":"BreadcrumbList","@id":"https:\/\/sesoliveresportdesoller.com\/ca\/2025\/10\/12\/lart-del-maridatge-vins-mallorquins-que-realcen-el-sabor-de-la-mar\/#breadcrumb","itemListElement":[{"@type":"ListItem","position":1,"name":"Portada","item":"https:\/\/sesoliveresportdesoller.com\/ca\/inici\/"},{"@type":"ListItem","position":2,"name":"L\u2019art del maridatge: vins mallorquins que realcen el sabor de la mar"}]},{"@type":"WebSite","@id":"https:\/\/sesoliveresportdesoller.com\/ca\/#website","url":"https:\/\/sesoliveresportdesoller.com\/ca\/","name":"Ses Oliveres Port de S\u00f3ller","description":"Ses Oliveres es un restaurante especializado en arroces, pescados y mariscos, situado en primera l\u00ednea del Port de S\u00f3ller.  Se trata de un concepto de cocina con productos frescos y \u201cdel mar a la mesa\u201d. Disponen de una vitrina con pescado fresco diario. Seg\u00fan sus rese\u00f1as en Google y otras plataformas como Tripadvisor, destacan por su ubicaci\u00f3n excepcional y por la calidad de sus platos.","publisher":{"@id":"https:\/\/sesoliveresportdesoller.com\/ca\/#organization"},"potentialAction":[{"@type":"SearchAction","target":{"@type":"EntryPoint","urlTemplate":"https:\/\/sesoliveresportdesoller.com\/ca\/?s={search_term_string}"},"query-input":{"@type":"PropertyValueSpecification","valueRequired":true,"valueName":"search_term_string"}}],"inLanguage":"ca"},{"@type":"Organization","@id":"https:\/\/sesoliveresportdesoller.com\/ca\/#organization","name":"Ses Oliveres Port de S\u00f3ller","url":"https:\/\/sesoliveresportdesoller.com\/ca\/","logo":{"@type":"ImageObject","inLanguage":"ca","@id":"https:\/\/sesoliveresportdesoller.com\/ca\/#\/schema\/logo\/image\/","url":"https:\/\/ses-oliveres-port-de-soller.fra1.digitaloceanspaces.com\/wp-content\/uploads\/2024\/06\/25123952\/logo.svg","contentUrl":"https:\/\/ses-oliveres-port-de-soller.fra1.digitaloceanspaces.com\/wp-content\/uploads\/2024\/06\/25123952\/logo.svg","width":128,"height":55,"caption":"Ses Oliveres Port de S\u00f3ller"},"image":{"@id":"https:\/\/sesoliveresportdesoller.com\/ca\/#\/schema\/logo\/image\/"}},{"@type":"Person","@id":"https:\/\/sesoliveresportdesoller.com\/ca\/#\/schema\/person\/b5b7c42fb246e7a69985ce8133fca51e","name":"Ses Oliveres","image":{"@type":"ImageObject","inLanguage":"ca","@id":"https:\/\/sesoliveresportdesoller.com\/ca\/#\/schema\/person\/image\/","url":"https:\/\/secure.gravatar.com\/avatar\/8090ef7ea57149f9049c2bb8b917c09dff08d3f14f396d4b00da77b3f23c5970?s=96&d=mm&r=g","contentUrl":"https:\/\/secure.gravatar.com\/avatar\/8090ef7ea57149f9049c2bb8b917c09dff08d3f14f396d4b00da77b3f23c5970?s=96&d=mm&r=g","caption":"Ses Oliveres"},"url":"https:\/\/sesoliveresportdesoller.com\/ca\/author\/sesoliveres\/"}]}},"_links":{"self":[{"href":"https:\/\/sesoliveresportdesoller.com\/ca\/wp-json\/wp\/v2\/posts\/1657","targetHints":{"allow":["GET"]}}],"collection":[{"href":"https:\/\/sesoliveresportdesoller.com\/ca\/wp-json\/wp\/v2\/posts"}],"about":[{"href":"https:\/\/sesoliveresportdesoller.com\/ca\/wp-json\/wp\/v2\/types\/post"}],"author":[{"embeddable":true,"href":"https:\/\/sesoliveresportdesoller.com\/ca\/wp-json\/wp\/v2\/users\/3"}],"replies":[{"embeddable":true,"href":"https:\/\/sesoliveresportdesoller.com\/ca\/wp-json\/wp\/v2\/comments?post=1657"}],"version-history":[{"count":1,"href":"https:\/\/sesoliveresportdesoller.com\/ca\/wp-json\/wp\/v2\/posts\/1657\/revisions"}],"predecessor-version":[{"id":1658,"href":"https:\/\/sesoliveresportdesoller.com\/ca\/wp-json\/wp\/v2\/posts\/1657\/revisions\/1658"}],"wp:featuredmedia":[{"embeddable":true,"href":"https:\/\/sesoliveresportdesoller.com\/ca\/wp-json\/wp\/v2\/media\/1654"}],"wp:attachment":[{"href":"https:\/\/sesoliveresportdesoller.com\/ca\/wp-json\/wp\/v2\/media?parent=1657"}],"wp:term":[{"taxonomy":"category","embeddable":true,"href":"https:\/\/sesoliveresportdesoller.com\/ca\/wp-json\/wp\/v2\/categories?post=1657"},{"taxonomy":"post_tag","embeddable":true,"href":"https:\/\/sesoliveresportdesoller.com\/ca\/wp-json\/wp\/v2\/tags?post=1657"}],"curies":[{"name":"wp","href":"https:\/\/api.w.org\/{rel}","templated":true}]}}