{"id":1666,"date":"2025-10-17T09:14:55","date_gmt":"2025-10-17T07:14:55","guid":{"rendered":"https:\/\/sesoliveresportdesoller.com\/?p=1666"},"modified":"2025-10-17T09:14:57","modified_gmt":"2025-10-17T07:14:57","slug":"dinars-vora-la-mar-quan-el-port-es-torna-tranquil","status":"publish","type":"post","link":"https:\/\/sesoliveresportdesoller.com\/ca\/2025\/10\/17\/dinars-vora-la-mar-quan-el-port-es-torna-tranquil\/","title":{"rendered":"Dinars vora la mar: quan el Port de S\u00f3ller es torna tranquil"},"content":{"rendered":"\n<p>L\u2019octubre \u00e9s un mes diferent al Port de S\u00f3ller. El bullici de l\u2019estiu s\u2019apaga a poc a poc, les barques es gronxen suaument al moll i l\u2019ambient s\u2019omple d\u2019aquella calma que nom\u00e9s es viu quan l\u2019illa torna a respirar. \u00c9s el moment perfecte per gaudir d\u2019un dinar sense presses, davant la mar, amb els sabors mediterranis que defineixen <strong>Ses Oliveres<\/strong>.<\/p>\n\n\n\n<p>La temperatura encara \u00e9s agradable \u2014entre 22 i 26 graus durant el dia\u2014 i el port conserva aquella llum daurada de la tardor que es fon amb el blau ser\u00e8 de la Mediterr\u00e0nia. Molts visitants locals aprofiten aquests dies per<a href=\"https:\/\/illesbalears.travel\/es\/mallorca\/playa-port-de-soller\"> redescobrir la zona,<\/a> passejar pel passeig mar\u00edtim o acostar-se al restaurant per gaudir d\u2019una cuina que celebra el producte fresc i el ritme pausat.<\/p>\n\n\n\n<h2 class=\"wp-block-heading\">Octubre a Ses Oliveres Port de S\u00f3ller<\/h2>\n\n\n\n<p>A l\u2019octubre, Ses Oliveres continua apostant per una carta mediterr\u00e0nia honesta, amb <a href=\"https:\/\/sesoliveresportdesoller.com\/ca\/2025\/04\/24\/entrants-ses-oliveres-sabor-mediterrani\/\"><strong>entrants per compartir<\/strong>,<\/a> <strong>arrossos amb producte local<\/strong>, <strong>peixos del dia<\/strong> i <strong>mariscos de la costa<\/strong>. Per\u00f2 el vertader luxe \u00e9s l\u2019ambient: taules a l\u2019aire lliure, el so de les onades i aquella sensaci\u00f3 que el temps s\u2019atura per un instant.<\/p>\n\n\n\n<p>Un dinar pot comen\u00e7ar amb unes <strong>croquetes casolanes del dia<\/strong> o un <strong>carpaccio de gamba roja de S\u00f3ller<\/strong>, continuar amb un <strong>arr\u00f2s de verdures de temporada<\/strong> o una <strong>fideu\u00e0 marinera<\/strong>, i acabar amb unes <strong>postres casolanes<\/strong> acompanyades d\u2019un caf\u00e8 o una copa de vi blanc mallorqu\u00ed. Tot plegat, servit amb l\u2019hospitalitat propera que caracteritza l\u2019equip de Ses Oliveres.<\/p>\n\n\n\n<p>Mentre el port es tenyeix de tons c\u00e0lids i el sol es reflecteix damunt l\u2019aigua, els dinars d\u2019octubre es converteixen en petites celebracions del present: bona taula, bona companyia i el privilegi de menjar vora la mar sense haver de mirar el rellotge.<\/p>\n\n\n\n<p>\ud83d\udc49 Descobreix la carta actualitzada a <a href=\"https:\/\/sesoliveresportdesoller.com\/?utm_source=chatgpt.com\">sesoliveresportdesoller.com<\/a><br>i <strong>reserva la teva taula<\/strong> per gaudir del Port de S\u00f3ller m\u00e9s aut\u00e8ntic.<\/p>\n","protected":false},"excerpt":{"rendered":"<p>L\u2019octubre \u00e9s un mes diferent al Port de S\u00f3ller. El bullici de l\u2019estiu s\u2019apaga a poc a poc, les barques es gronxen suaument al moll i l\u2019ambient s\u2019omple d\u2019aquella calma que nom\u00e9s es viu quan l\u2019illa torna a respirar. \u00c9s el moment perfecte per gaudir d\u2019un dinar sense presses, davant la mar, amb els sabors [&hellip;]<\/p>\n","protected":false},"author":3,"featured_media":1663,"comment_status":"open","ping_status":"open","sticky":false,"template":"","format":"standard","meta":{"footnotes":""},"categories":[1],"tags":[22,93,43],"class_list":["post-1666","post","type-post","status-publish","format-standard","has-post-thumbnail","hentry","category-sin-categorizar","tag-peixfresc","tag-tardor","tag-verduresdetemporada"],"yoast_head":"<!-- This site is optimized with the Yoast SEO plugin v26.5 - https:\/\/yoast.com\/wordpress\/plugins\/seo\/ -->\n<title>Dinars vora la mar: quan el Port de S\u00f3ller es torna tranquil - Ses Oliveres Port de S\u00f3ller<\/title>\n<meta name=\"description\" content=\"L\u2019octubre \u00e9s un mes diferent al Port de S\u00f3ller. El bullici de l\u2019estiu s\u2019apaga a poc a poc, les barques es gronxen suaument al moll i l\u2019ambient\" \/>\n<meta name=\"robots\" content=\"index, follow, max-snippet:-1, max-image-preview:large, max-video-preview:-1\" \/>\n<link rel=\"canonical\" href=\"https:\/\/sesoliveresportdesoller.com\/ca\/2025\/10\/17\/dinars-vora-la-mar-quan-el-port-es-torna-tranquil\/\" \/>\n<meta property=\"og:locale\" content=\"ca_ES\" \/>\n<meta property=\"og:type\" content=\"article\" \/>\n<meta property=\"og:title\" content=\"Dinars vora la mar: quan el Port de S\u00f3ller es torna tranquil - Ses Oliveres Port de S\u00f3ller\" \/>\n<meta property=\"og:description\" content=\"L\u2019octubre \u00e9s un mes diferent al Port de S\u00f3ller. El bullici de l\u2019estiu s\u2019apaga a poc a poc, les barques es gronxen suaument al moll i l\u2019ambient\" \/>\n<meta property=\"og:url\" content=\"https:\/\/sesoliveresportdesoller.com\/ca\/2025\/10\/17\/dinars-vora-la-mar-quan-el-port-es-torna-tranquil\/\" \/>\n<meta property=\"og:site_name\" content=\"Ses Oliveres Port de S\u00f3ller\" \/>\n<meta property=\"article:published_time\" content=\"2025-10-17T07:14:55+00:00\" \/>\n<meta property=\"article:modified_time\" content=\"2025-10-17T07:14:57+00:00\" \/>\n<meta property=\"og:image\" content=\"https:\/\/ses-oliveres-port-de-soller.fra1.digitaloceanspaces.com\/wp-content\/uploads\/2025\/10\/04174604\/WhatsApp-Image-2025-10-01-at-14.22.09.jpeg\" \/>\n\t<meta property=\"og:image:width\" content=\"2048\" \/>\n\t<meta property=\"og:image:height\" content=\"1152\" \/>\n\t<meta property=\"og:image:type\" content=\"image\/jpeg\" \/>\n<meta name=\"author\" content=\"Ses Oliveres\" \/>\n<meta name=\"twitter:card\" content=\"summary_large_image\" \/>\n<meta name=\"twitter:label1\" content=\"Escrit per\" \/>\n\t<meta name=\"twitter:data1\" content=\"Ses Oliveres\" \/>\n\t<meta name=\"twitter:label2\" content=\"Temps estimat de lectura\" \/>\n\t<meta name=\"twitter:data2\" content=\"2 minuts\" \/>\n<script type=\"application\/ld+json\" class=\"yoast-schema-graph\">{\"@context\":\"https:\/\/schema.org\",\"@graph\":[{\"@type\":\"Article\",\"@id\":\"https:\/\/sesoliveresportdesoller.com\/ca\/2025\/10\/17\/dinars-vora-la-mar-quan-el-port-es-torna-tranquil\/#article\",\"isPartOf\":{\"@id\":\"https:\/\/sesoliveresportdesoller.com\/ca\/2025\/10\/17\/dinars-vora-la-mar-quan-el-port-es-torna-tranquil\/\"},\"author\":{\"name\":\"Ses Oliveres\",\"@id\":\"https:\/\/sesoliveresportdesoller.com\/ca\/#\/schema\/person\/b5b7c42fb246e7a69985ce8133fca51e\"},\"headline\":\"Dinars vora la mar: quan el Port de S\u00f3ller es torna tranquil\",\"datePublished\":\"2025-10-17T07:14:55+00:00\",\"dateModified\":\"2025-10-17T07:14:57+00:00\",\"mainEntityOfPage\":{\"@id\":\"https:\/\/sesoliveresportdesoller.com\/ca\/2025\/10\/17\/dinars-vora-la-mar-quan-el-port-es-torna-tranquil\/\"},\"wordCount\":346,\"commentCount\":0,\"publisher\":{\"@id\":\"https:\/\/sesoliveresportdesoller.com\/ca\/#organization\"},\"image\":{\"@id\":\"https:\/\/sesoliveresportdesoller.com\/ca\/2025\/10\/17\/dinars-vora-la-mar-quan-el-port-es-torna-tranquil\/#primaryimage\"},\"thumbnailUrl\":\"https:\/\/ses-oliveres-port-de-soller.fra1.digitaloceanspaces.com\/wp-content\/uploads\/2025\/10\/04174604\/WhatsApp-Image-2025-10-01-at-14.22.09.jpeg\",\"keywords\":[\"peixfresc\",\"tardor\",\"verduresdetemporada\"],\"articleSection\":[\"Sin categorizar\"],\"inLanguage\":\"ca\",\"potentialAction\":[{\"@type\":\"CommentAction\",\"name\":\"Comment\",\"target\":[\"https:\/\/sesoliveresportdesoller.com\/ca\/2025\/10\/17\/dinars-vora-la-mar-quan-el-port-es-torna-tranquil\/#respond\"]}]},{\"@type\":\"WebPage\",\"@id\":\"https:\/\/sesoliveresportdesoller.com\/ca\/2025\/10\/17\/dinars-vora-la-mar-quan-el-port-es-torna-tranquil\/\",\"url\":\"https:\/\/sesoliveresportdesoller.com\/ca\/2025\/10\/17\/dinars-vora-la-mar-quan-el-port-es-torna-tranquil\/\",\"name\":\"Dinars vora la mar: quan el Port de S\u00f3ller es torna tranquil - Ses Oliveres Port de S\u00f3ller\",\"isPartOf\":{\"@id\":\"https:\/\/sesoliveresportdesoller.com\/ca\/#website\"},\"primaryImageOfPage\":{\"@id\":\"https:\/\/sesoliveresportdesoller.com\/ca\/2025\/10\/17\/dinars-vora-la-mar-quan-el-port-es-torna-tranquil\/#primaryimage\"},\"image\":{\"@id\":\"https:\/\/sesoliveresportdesoller.com\/ca\/2025\/10\/17\/dinars-vora-la-mar-quan-el-port-es-torna-tranquil\/#primaryimage\"},\"thumbnailUrl\":\"https:\/\/ses-oliveres-port-de-soller.fra1.digitaloceanspaces.com\/wp-content\/uploads\/2025\/10\/04174604\/WhatsApp-Image-2025-10-01-at-14.22.09.jpeg\",\"datePublished\":\"2025-10-17T07:14:55+00:00\",\"dateModified\":\"2025-10-17T07:14:57+00:00\",\"description\":\"L\u2019octubre \u00e9s un mes diferent al Port de S\u00f3ller. El bullici de l\u2019estiu s\u2019apaga a poc a poc, les barques es gronxen suaument al moll i l\u2019ambient\",\"breadcrumb\":{\"@id\":\"https:\/\/sesoliveresportdesoller.com\/ca\/2025\/10\/17\/dinars-vora-la-mar-quan-el-port-es-torna-tranquil\/#breadcrumb\"},\"inLanguage\":\"ca\",\"potentialAction\":[{\"@type\":\"ReadAction\",\"target\":[\"https:\/\/sesoliveresportdesoller.com\/ca\/2025\/10\/17\/dinars-vora-la-mar-quan-el-port-es-torna-tranquil\/\"]}]},{\"@type\":\"ImageObject\",\"inLanguage\":\"ca\",\"@id\":\"https:\/\/sesoliveresportdesoller.com\/ca\/2025\/10\/17\/dinars-vora-la-mar-quan-el-port-es-torna-tranquil\/#primaryimage\",\"url\":\"https:\/\/ses-oliveres-port-de-soller.fra1.digitaloceanspaces.com\/wp-content\/uploads\/2025\/10\/04174604\/WhatsApp-Image-2025-10-01-at-14.22.09.jpeg\",\"contentUrl\":\"https:\/\/ses-oliveres-port-de-soller.fra1.digitaloceanspaces.com\/wp-content\/uploads\/2025\/10\/04174604\/WhatsApp-Image-2025-10-01-at-14.22.09.jpeg\",\"width\":2048,\"height\":1152,\"caption\":\"Terraza de Ses oliveres con personas disfrutando de la tarde\"},{\"@type\":\"BreadcrumbList\",\"@id\":\"https:\/\/sesoliveresportdesoller.com\/ca\/2025\/10\/17\/dinars-vora-la-mar-quan-el-port-es-torna-tranquil\/#breadcrumb\",\"itemListElement\":[{\"@type\":\"ListItem\",\"position\":1,\"name\":\"Portada\",\"item\":\"https:\/\/sesoliveresportdesoller.com\/ca\/inici\/\"},{\"@type\":\"ListItem\",\"position\":2,\"name\":\"Dinars vora la mar: quan el Port de S\u00f3ller es torna tranquil\"}]},{\"@type\":\"WebSite\",\"@id\":\"https:\/\/sesoliveresportdesoller.com\/ca\/#website\",\"url\":\"https:\/\/sesoliveresportdesoller.com\/ca\/\",\"name\":\"Ses Oliveres Port de S\u00f3ller\",\"description\":\"Ses Oliveres es un restaurante especializado en arroces, pescados y mariscos, situado en primera l\u00ednea del Port de S\u00f3ller.  Se trata de un concepto de cocina con productos frescos y \u201cdel mar a la mesa\u201d. Disponen de una vitrina con pescado fresco diario. Seg\u00fan sus rese\u00f1as en Google y otras plataformas como Tripadvisor, destacan por su ubicaci\u00f3n excepcional y por la calidad de sus platos.\",\"publisher\":{\"@id\":\"https:\/\/sesoliveresportdesoller.com\/ca\/#organization\"},\"potentialAction\":[{\"@type\":\"SearchAction\",\"target\":{\"@type\":\"EntryPoint\",\"urlTemplate\":\"https:\/\/sesoliveresportdesoller.com\/ca\/?s={search_term_string}\"},\"query-input\":{\"@type\":\"PropertyValueSpecification\",\"valueRequired\":true,\"valueName\":\"search_term_string\"}}],\"inLanguage\":\"ca\"},{\"@type\":\"Organization\",\"@id\":\"https:\/\/sesoliveresportdesoller.com\/ca\/#organization\",\"name\":\"Ses Oliveres Port de S\u00f3ller\",\"url\":\"https:\/\/sesoliveresportdesoller.com\/ca\/\",\"logo\":{\"@type\":\"ImageObject\",\"inLanguage\":\"ca\",\"@id\":\"https:\/\/sesoliveresportdesoller.com\/ca\/#\/schema\/logo\/image\/\",\"url\":\"https:\/\/ses-oliveres-port-de-soller.fra1.digitaloceanspaces.com\/wp-content\/uploads\/2024\/06\/25123952\/logo.svg\",\"contentUrl\":\"https:\/\/ses-oliveres-port-de-soller.fra1.digitaloceanspaces.com\/wp-content\/uploads\/2024\/06\/25123952\/logo.svg\",\"width\":128,\"height\":55,\"caption\":\"Ses Oliveres Port de S\u00f3ller\"},\"image\":{\"@id\":\"https:\/\/sesoliveresportdesoller.com\/ca\/#\/schema\/logo\/image\/\"}},{\"@type\":\"Person\",\"@id\":\"https:\/\/sesoliveresportdesoller.com\/ca\/#\/schema\/person\/b5b7c42fb246e7a69985ce8133fca51e\",\"name\":\"Ses Oliveres\",\"image\":{\"@type\":\"ImageObject\",\"inLanguage\":\"ca\",\"@id\":\"https:\/\/sesoliveresportdesoller.com\/ca\/#\/schema\/person\/image\/\",\"url\":\"https:\/\/secure.gravatar.com\/avatar\/8090ef7ea57149f9049c2bb8b917c09dff08d3f14f396d4b00da77b3f23c5970?s=96&d=mm&r=g\",\"contentUrl\":\"https:\/\/secure.gravatar.com\/avatar\/8090ef7ea57149f9049c2bb8b917c09dff08d3f14f396d4b00da77b3f23c5970?s=96&d=mm&r=g\",\"caption\":\"Ses Oliveres\"},\"url\":\"https:\/\/sesoliveresportdesoller.com\/ca\/author\/sesoliveres\/\"}]}<\/script>\n<!-- \/ Yoast SEO plugin. -->","yoast_head_json":{"title":"Dinars vora la mar: quan el Port de S\u00f3ller es torna tranquil - Ses Oliveres Port de S\u00f3ller","description":"L\u2019octubre \u00e9s un mes diferent al Port de S\u00f3ller. El bullici de l\u2019estiu s\u2019apaga a poc a poc, les barques es gronxen suaument al moll i l\u2019ambient","robots":{"index":"index","follow":"follow","max-snippet":"max-snippet:-1","max-image-preview":"max-image-preview:large","max-video-preview":"max-video-preview:-1"},"canonical":"https:\/\/sesoliveresportdesoller.com\/ca\/2025\/10\/17\/dinars-vora-la-mar-quan-el-port-es-torna-tranquil\/","og_locale":"ca_ES","og_type":"article","og_title":"Dinars vora la mar: quan el Port de S\u00f3ller es torna tranquil - Ses Oliveres Port de S\u00f3ller","og_description":"L\u2019octubre \u00e9s un mes diferent al Port de S\u00f3ller. El bullici de l\u2019estiu s\u2019apaga a poc a poc, les barques es gronxen suaument al moll i l\u2019ambient","og_url":"https:\/\/sesoliveresportdesoller.com\/ca\/2025\/10\/17\/dinars-vora-la-mar-quan-el-port-es-torna-tranquil\/","og_site_name":"Ses Oliveres Port de S\u00f3ller","article_published_time":"2025-10-17T07:14:55+00:00","article_modified_time":"2025-10-17T07:14:57+00:00","og_image":[{"width":2048,"height":1152,"url":"https:\/\/ses-oliveres-port-de-soller.fra1.digitaloceanspaces.com\/wp-content\/uploads\/2025\/10\/04174604\/WhatsApp-Image-2025-10-01-at-14.22.09.jpeg","type":"image\/jpeg"}],"author":"Ses Oliveres","twitter_card":"summary_large_image","twitter_misc":{"Escrit per":"Ses Oliveres","Temps estimat de lectura":"2 minuts"},"schema":{"@context":"https:\/\/schema.org","@graph":[{"@type":"Article","@id":"https:\/\/sesoliveresportdesoller.com\/ca\/2025\/10\/17\/dinars-vora-la-mar-quan-el-port-es-torna-tranquil\/#article","isPartOf":{"@id":"https:\/\/sesoliveresportdesoller.com\/ca\/2025\/10\/17\/dinars-vora-la-mar-quan-el-port-es-torna-tranquil\/"},"author":{"name":"Ses Oliveres","@id":"https:\/\/sesoliveresportdesoller.com\/ca\/#\/schema\/person\/b5b7c42fb246e7a69985ce8133fca51e"},"headline":"Dinars vora la mar: quan el Port de S\u00f3ller es torna tranquil","datePublished":"2025-10-17T07:14:55+00:00","dateModified":"2025-10-17T07:14:57+00:00","mainEntityOfPage":{"@id":"https:\/\/sesoliveresportdesoller.com\/ca\/2025\/10\/17\/dinars-vora-la-mar-quan-el-port-es-torna-tranquil\/"},"wordCount":346,"commentCount":0,"publisher":{"@id":"https:\/\/sesoliveresportdesoller.com\/ca\/#organization"},"image":{"@id":"https:\/\/sesoliveresportdesoller.com\/ca\/2025\/10\/17\/dinars-vora-la-mar-quan-el-port-es-torna-tranquil\/#primaryimage"},"thumbnailUrl":"https:\/\/ses-oliveres-port-de-soller.fra1.digitaloceanspaces.com\/wp-content\/uploads\/2025\/10\/04174604\/WhatsApp-Image-2025-10-01-at-14.22.09.jpeg","keywords":["peixfresc","tardor","verduresdetemporada"],"articleSection":["Sin categorizar"],"inLanguage":"ca","potentialAction":[{"@type":"CommentAction","name":"Comment","target":["https:\/\/sesoliveresportdesoller.com\/ca\/2025\/10\/17\/dinars-vora-la-mar-quan-el-port-es-torna-tranquil\/#respond"]}]},{"@type":"WebPage","@id":"https:\/\/sesoliveresportdesoller.com\/ca\/2025\/10\/17\/dinars-vora-la-mar-quan-el-port-es-torna-tranquil\/","url":"https:\/\/sesoliveresportdesoller.com\/ca\/2025\/10\/17\/dinars-vora-la-mar-quan-el-port-es-torna-tranquil\/","name":"Dinars vora la mar: quan el Port de S\u00f3ller es torna tranquil - Ses Oliveres Port de S\u00f3ller","isPartOf":{"@id":"https:\/\/sesoliveresportdesoller.com\/ca\/#website"},"primaryImageOfPage":{"@id":"https:\/\/sesoliveresportdesoller.com\/ca\/2025\/10\/17\/dinars-vora-la-mar-quan-el-port-es-torna-tranquil\/#primaryimage"},"image":{"@id":"https:\/\/sesoliveresportdesoller.com\/ca\/2025\/10\/17\/dinars-vora-la-mar-quan-el-port-es-torna-tranquil\/#primaryimage"},"thumbnailUrl":"https:\/\/ses-oliveres-port-de-soller.fra1.digitaloceanspaces.com\/wp-content\/uploads\/2025\/10\/04174604\/WhatsApp-Image-2025-10-01-at-14.22.09.jpeg","datePublished":"2025-10-17T07:14:55+00:00","dateModified":"2025-10-17T07:14:57+00:00","description":"L\u2019octubre \u00e9s un mes diferent al Port de S\u00f3ller. El bullici de l\u2019estiu s\u2019apaga a poc a poc, les barques es gronxen suaument al moll i l\u2019ambient","breadcrumb":{"@id":"https:\/\/sesoliveresportdesoller.com\/ca\/2025\/10\/17\/dinars-vora-la-mar-quan-el-port-es-torna-tranquil\/#breadcrumb"},"inLanguage":"ca","potentialAction":[{"@type":"ReadAction","target":["https:\/\/sesoliveresportdesoller.com\/ca\/2025\/10\/17\/dinars-vora-la-mar-quan-el-port-es-torna-tranquil\/"]}]},{"@type":"ImageObject","inLanguage":"ca","@id":"https:\/\/sesoliveresportdesoller.com\/ca\/2025\/10\/17\/dinars-vora-la-mar-quan-el-port-es-torna-tranquil\/#primaryimage","url":"https:\/\/ses-oliveres-port-de-soller.fra1.digitaloceanspaces.com\/wp-content\/uploads\/2025\/10\/04174604\/WhatsApp-Image-2025-10-01-at-14.22.09.jpeg","contentUrl":"https:\/\/ses-oliveres-port-de-soller.fra1.digitaloceanspaces.com\/wp-content\/uploads\/2025\/10\/04174604\/WhatsApp-Image-2025-10-01-at-14.22.09.jpeg","width":2048,"height":1152,"caption":"Terraza de Ses oliveres con personas disfrutando de la tarde"},{"@type":"BreadcrumbList","@id":"https:\/\/sesoliveresportdesoller.com\/ca\/2025\/10\/17\/dinars-vora-la-mar-quan-el-port-es-torna-tranquil\/#breadcrumb","itemListElement":[{"@type":"ListItem","position":1,"name":"Portada","item":"https:\/\/sesoliveresportdesoller.com\/ca\/inici\/"},{"@type":"ListItem","position":2,"name":"Dinars vora la mar: quan el Port de S\u00f3ller es torna tranquil"}]},{"@type":"WebSite","@id":"https:\/\/sesoliveresportdesoller.com\/ca\/#website","url":"https:\/\/sesoliveresportdesoller.com\/ca\/","name":"Ses Oliveres Port de S\u00f3ller","description":"Ses Oliveres es un restaurante especializado en arroces, pescados y mariscos, situado en primera l\u00ednea del Port de S\u00f3ller.  Se trata de un concepto de cocina con productos frescos y \u201cdel mar a la mesa\u201d. Disponen de una vitrina con pescado fresco diario. Seg\u00fan sus rese\u00f1as en Google y otras plataformas como Tripadvisor, destacan por su ubicaci\u00f3n excepcional y por la calidad de sus platos.","publisher":{"@id":"https:\/\/sesoliveresportdesoller.com\/ca\/#organization"},"potentialAction":[{"@type":"SearchAction","target":{"@type":"EntryPoint","urlTemplate":"https:\/\/sesoliveresportdesoller.com\/ca\/?s={search_term_string}"},"query-input":{"@type":"PropertyValueSpecification","valueRequired":true,"valueName":"search_term_string"}}],"inLanguage":"ca"},{"@type":"Organization","@id":"https:\/\/sesoliveresportdesoller.com\/ca\/#organization","name":"Ses Oliveres Port de S\u00f3ller","url":"https:\/\/sesoliveresportdesoller.com\/ca\/","logo":{"@type":"ImageObject","inLanguage":"ca","@id":"https:\/\/sesoliveresportdesoller.com\/ca\/#\/schema\/logo\/image\/","url":"https:\/\/ses-oliveres-port-de-soller.fra1.digitaloceanspaces.com\/wp-content\/uploads\/2024\/06\/25123952\/logo.svg","contentUrl":"https:\/\/ses-oliveres-port-de-soller.fra1.digitaloceanspaces.com\/wp-content\/uploads\/2024\/06\/25123952\/logo.svg","width":128,"height":55,"caption":"Ses Oliveres Port de S\u00f3ller"},"image":{"@id":"https:\/\/sesoliveresportdesoller.com\/ca\/#\/schema\/logo\/image\/"}},{"@type":"Person","@id":"https:\/\/sesoliveresportdesoller.com\/ca\/#\/schema\/person\/b5b7c42fb246e7a69985ce8133fca51e","name":"Ses Oliveres","image":{"@type":"ImageObject","inLanguage":"ca","@id":"https:\/\/sesoliveresportdesoller.com\/ca\/#\/schema\/person\/image\/","url":"https:\/\/secure.gravatar.com\/avatar\/8090ef7ea57149f9049c2bb8b917c09dff08d3f14f396d4b00da77b3f23c5970?s=96&d=mm&r=g","contentUrl":"https:\/\/secure.gravatar.com\/avatar\/8090ef7ea57149f9049c2bb8b917c09dff08d3f14f396d4b00da77b3f23c5970?s=96&d=mm&r=g","caption":"Ses Oliveres"},"url":"https:\/\/sesoliveresportdesoller.com\/ca\/author\/sesoliveres\/"}]}},"_links":{"self":[{"href":"https:\/\/sesoliveresportdesoller.com\/ca\/wp-json\/wp\/v2\/posts\/1666","targetHints":{"allow":["GET"]}}],"collection":[{"href":"https:\/\/sesoliveresportdesoller.com\/ca\/wp-json\/wp\/v2\/posts"}],"about":[{"href":"https:\/\/sesoliveresportdesoller.com\/ca\/wp-json\/wp\/v2\/types\/post"}],"author":[{"embeddable":true,"href":"https:\/\/sesoliveresportdesoller.com\/ca\/wp-json\/wp\/v2\/users\/3"}],"replies":[{"embeddable":true,"href":"https:\/\/sesoliveresportdesoller.com\/ca\/wp-json\/wp\/v2\/comments?post=1666"}],"version-history":[{"count":1,"href":"https:\/\/sesoliveresportdesoller.com\/ca\/wp-json\/wp\/v2\/posts\/1666\/revisions"}],"predecessor-version":[{"id":1667,"href":"https:\/\/sesoliveresportdesoller.com\/ca\/wp-json\/wp\/v2\/posts\/1666\/revisions\/1667"}],"wp:featuredmedia":[{"embeddable":true,"href":"https:\/\/sesoliveresportdesoller.com\/ca\/wp-json\/wp\/v2\/media\/1663"}],"wp:attachment":[{"href":"https:\/\/sesoliveresportdesoller.com\/ca\/wp-json\/wp\/v2\/media?parent=1666"}],"wp:term":[{"taxonomy":"category","embeddable":true,"href":"https:\/\/sesoliveresportdesoller.com\/ca\/wp-json\/wp\/v2\/categories?post=1666"},{"taxonomy":"post_tag","embeddable":true,"href":"https:\/\/sesoliveresportdesoller.com\/ca\/wp-json\/wp\/v2\/tags?post=1666"}],"curies":[{"name":"wp","href":"https:\/\/api.w.org\/{rel}","templated":true}]}}