{"id":1675,"date":"2025-10-24T08:57:51","date_gmt":"2025-10-24T06:57:51","guid":{"rendered":"https:\/\/sesoliveresportdesoller.com\/?p=1675"},"modified":"2025-10-24T08:57:54","modified_gmt":"2025-10-24T06:57:54","slug":"de-la-gamba-roja-al-llamantol-els-reis-de-la-mar-a-ses-oliveres","status":"publish","type":"post","link":"https:\/\/sesoliveresportdesoller.com\/ca\/2025\/10\/24\/de-la-gamba-roja-al-llamantol-els-reis-de-la-mar-a-ses-oliveres\/","title":{"rendered":"De la gamba roja al llam\u00e0ntol: els reis de la mar a Ses Oliveres"},"content":{"rendered":"\n<p>Davant el port, on cada mat\u00ed arriben les barques de pesca amb el fruit de la Mediterr\u00e0nia, Ses Oliveres celebra la frescor de la mar en la seva m\u00e0xima expressi\u00f3. A la seva cuina, el protagonisme el tenen els <strong><a href=\"https:\/\/sesoliveresportdesoller.com\/ca\/2025\/09\/26\/el-sabor-del-mar-a-la-taula-a-ses-oliveres\/\">mariscos locals<\/a><\/strong>, productes que resumeixen l\u2019ess\u00e8ncia de S\u00f3ller: sabor, autenticitat i respecte per l\u2019entorn.<\/p>\n\n\n\n<p>La <strong>gamba roja de S\u00f3ller<\/strong> \u00e9s, sens dubte, la joia de la corona. Es captura davant la costa nord de Mallorca, entre els 400 i 800 metres de profunditat, i es reconeix f\u00e0cilment pel seu color intens i el seu sabor dol\u00e7. \u00c9s un dels productes m\u00e9s valorats de la Mediterr\u00e0nia, i a Ses Oliveres se serveix en la seva forma m\u00e9s pura: <strong>fregida amb un toc de llimona<\/strong>, <strong>a la planxa<\/strong> o en elaboracions especials que canvien segons la inspiraci\u00f3 del dia.<\/p>\n\n\n\n<p>El <strong>llam\u00e0ntol<\/strong>, procedent d\u2019aig\u00fces fredes de l\u2019Atl\u00e0ntic i la Mediterr\u00e0nia occidental, es prepara en diferents versions: <strong>a la planxa<\/strong>, <strong>en arr\u00f2s cald\u00f3s<\/strong> o <strong>en fideu\u00e0 marinera<\/strong>, sempre cercant l\u2019equilibri entre la textura ferma del marisc i la delicadesa del brou.<\/p>\n\n\n\n<p>El <strong>carabiner<\/strong>, amb la seva carn suculenta i el seu inconfusible color vermell coral, aporta intensitat als plats. \u00c9s ideal per a qui gaudeix dels sabors potents i s\u2019aprecia especialment en arrossos o a la graella, on el seu cap, ric en sucs, es converteix en un aut\u00e8ntic tresor.<\/p>\n\n\n\n<p>I no hi pot faltar el <strong>pop de roca<\/strong>, un cl\u00e0ssic del Port de S\u00f3ller. Ferm, sabor\u00f3s i ple de car\u00e0cter, es cuina a la graella o amb gui\u00f1os a la tradici\u00f3 de \u201cmar i muntanya\u201d, combinant terra i mar en un mateix mos.<\/p>\n\n\n\n<p>Cadascun d\u2019aquests mariscos conta una hist\u00f2ria de mariners, llotges i receptes transmeses amb estima. A Ses Oliveres, aquesta hist\u00f2ria se serveix amb vistes al port, una copa de vi blanc mallorqu\u00ed i la certesa de gaudir del millor de la mar.<\/p>\n\n\n\n<p>\ud83d\udc49 Descobreix la carta actualitzada a <a href=\"https:\/\/sesoliveresportdesoller.com\/?utm_source=chatgpt.com\">sesoliveresportdesoller.com<\/a><br>i <strong>reserva la teva taula<\/strong> per tastar els aut\u00e8ntics sabors de la Mediterr\u00e0nia.<\/p>\n","protected":false},"excerpt":{"rendered":"<p>Davant el port, on cada mat\u00ed arriben les barques de pesca amb el fruit de la Mediterr\u00e0nia, Ses Oliveres celebra la frescor de la mar en la seva m\u00e0xima expressi\u00f3. A la seva cuina, el protagonisme el tenen els mariscos locals, productes que resumeixen l\u2019ess\u00e8ncia de S\u00f3ller: sabor, autenticitat i respecte per l\u2019entorn. La gamba [&hellip;]<\/p>\n","protected":false},"author":3,"featured_media":1672,"comment_status":"open","ping_status":"open","sticky":false,"template":"","format":"standard","meta":{"footnotes":""},"categories":[1],"tags":[21,96,22],"class_list":["post-1675","post","type-post","status-publish","format-standard","has-post-thumbnail","hentry","category-sin-categorizar","tag-expositordepeix","tag-marisc-2","tag-peixfresc"],"yoast_head":"<!-- This site is optimized with the Yoast SEO plugin v26.5 - https:\/\/yoast.com\/wordpress\/plugins\/seo\/ -->\n<title>De la gamba roja al llam\u00e0ntol: els reis de la mar a Ses Oliveres - Ses Oliveres Port de S\u00f3ller<\/title>\n<meta name=\"description\" content=\"Davant el port, on cada mat\u00ed arriben les barques de pesca amb el fruit de la Mediterr\u00e0nia, Ses Oliveres celebra la frescor de la mar\" \/>\n<meta name=\"robots\" content=\"index, follow, max-snippet:-1, max-image-preview:large, max-video-preview:-1\" \/>\n<link rel=\"canonical\" href=\"https:\/\/sesoliveresportdesoller.com\/ca\/2025\/10\/24\/de-la-gamba-roja-al-llamantol-els-reis-de-la-mar-a-ses-oliveres\/\" \/>\n<meta property=\"og:locale\" content=\"ca_ES\" \/>\n<meta property=\"og:type\" content=\"article\" \/>\n<meta property=\"og:title\" content=\"De la gamba roja al llam\u00e0ntol: els reis de la mar a Ses Oliveres - Ses Oliveres Port de S\u00f3ller\" \/>\n<meta property=\"og:description\" content=\"Davant el port, on cada mat\u00ed arriben les barques de pesca amb el fruit de la Mediterr\u00e0nia, Ses Oliveres celebra la frescor de la mar\" \/>\n<meta property=\"og:url\" content=\"https:\/\/sesoliveresportdesoller.com\/ca\/2025\/10\/24\/de-la-gamba-roja-al-llamantol-els-reis-de-la-mar-a-ses-oliveres\/\" \/>\n<meta property=\"og:site_name\" content=\"Ses Oliveres Port de S\u00f3ller\" \/>\n<meta property=\"article:published_time\" content=\"2025-10-24T06:57:51+00:00\" \/>\n<meta property=\"article:modified_time\" content=\"2025-10-24T06:57:54+00:00\" \/>\n<meta property=\"og:image\" content=\"https:\/\/ses-oliveres-port-de-soller.fra1.digitaloceanspaces.com\/wp-content\/uploads\/2025\/10\/04180153\/El-mejor-producto-en-Ses-Oliveres-2-768x1024.png\" \/>\n\t<meta property=\"og:image:width\" content=\"768\" \/>\n\t<meta property=\"og:image:height\" content=\"1024\" \/>\n\t<meta property=\"og:image:type\" content=\"image\/png\" \/>\n<meta name=\"author\" content=\"Ses Oliveres\" \/>\n<meta name=\"twitter:card\" content=\"summary_large_image\" \/>\n<meta name=\"twitter:label1\" content=\"Escrit per\" \/>\n\t<meta name=\"twitter:data1\" content=\"Ses Oliveres\" \/>\n\t<meta name=\"twitter:label2\" content=\"Temps estimat de lectura\" \/>\n\t<meta name=\"twitter:data2\" content=\"1 minut\" \/>\n<script type=\"application\/ld+json\" class=\"yoast-schema-graph\">{\"@context\":\"https:\/\/schema.org\",\"@graph\":[{\"@type\":\"Article\",\"@id\":\"https:\/\/sesoliveresportdesoller.com\/ca\/2025\/10\/24\/de-la-gamba-roja-al-llamantol-els-reis-de-la-mar-a-ses-oliveres\/#article\",\"isPartOf\":{\"@id\":\"https:\/\/sesoliveresportdesoller.com\/ca\/2025\/10\/24\/de-la-gamba-roja-al-llamantol-els-reis-de-la-mar-a-ses-oliveres\/\"},\"author\":{\"name\":\"Ses Oliveres\",\"@id\":\"https:\/\/sesoliveresportdesoller.com\/ca\/#\/schema\/person\/b5b7c42fb246e7a69985ce8133fca51e\"},\"headline\":\"De la gamba roja al llam\u00e0ntol: els reis de la mar a Ses Oliveres\",\"datePublished\":\"2025-10-24T06:57:51+00:00\",\"dateModified\":\"2025-10-24T06:57:54+00:00\",\"mainEntityOfPage\":{\"@id\":\"https:\/\/sesoliveresportdesoller.com\/ca\/2025\/10\/24\/de-la-gamba-roja-al-llamantol-els-reis-de-la-mar-a-ses-oliveres\/\"},\"wordCount\":375,\"commentCount\":0,\"publisher\":{\"@id\":\"https:\/\/sesoliveresportdesoller.com\/ca\/#organization\"},\"image\":{\"@id\":\"https:\/\/sesoliveresportdesoller.com\/ca\/2025\/10\/24\/de-la-gamba-roja-al-llamantol-els-reis-de-la-mar-a-ses-oliveres\/#primaryimage\"},\"thumbnailUrl\":\"https:\/\/ses-oliveres-port-de-soller.fra1.digitaloceanspaces.com\/wp-content\/uploads\/2025\/10\/04180153\/El-mejor-producto-en-Ses-Oliveres-2.png\",\"keywords\":[\"expositordepeix\",\"marisc\",\"peixfresc\"],\"articleSection\":[\"Sin categorizar\"],\"inLanguage\":\"ca\",\"potentialAction\":[{\"@type\":\"CommentAction\",\"name\":\"Comment\",\"target\":[\"https:\/\/sesoliveresportdesoller.com\/ca\/2025\/10\/24\/de-la-gamba-roja-al-llamantol-els-reis-de-la-mar-a-ses-oliveres\/#respond\"]}]},{\"@type\":\"WebPage\",\"@id\":\"https:\/\/sesoliveresportdesoller.com\/ca\/2025\/10\/24\/de-la-gamba-roja-al-llamantol-els-reis-de-la-mar-a-ses-oliveres\/\",\"url\":\"https:\/\/sesoliveresportdesoller.com\/ca\/2025\/10\/24\/de-la-gamba-roja-al-llamantol-els-reis-de-la-mar-a-ses-oliveres\/\",\"name\":\"De la gamba roja al llam\u00e0ntol: els reis de la mar a Ses Oliveres - Ses Oliveres Port de S\u00f3ller\",\"isPartOf\":{\"@id\":\"https:\/\/sesoliveresportdesoller.com\/ca\/#website\"},\"primaryImageOfPage\":{\"@id\":\"https:\/\/sesoliveresportdesoller.com\/ca\/2025\/10\/24\/de-la-gamba-roja-al-llamantol-els-reis-de-la-mar-a-ses-oliveres\/#primaryimage\"},\"image\":{\"@id\":\"https:\/\/sesoliveresportdesoller.com\/ca\/2025\/10\/24\/de-la-gamba-roja-al-llamantol-els-reis-de-la-mar-a-ses-oliveres\/#primaryimage\"},\"thumbnailUrl\":\"https:\/\/ses-oliveres-port-de-soller.fra1.digitaloceanspaces.com\/wp-content\/uploads\/2025\/10\/04180153\/El-mejor-producto-en-Ses-Oliveres-2.png\",\"datePublished\":\"2025-10-24T06:57:51+00:00\",\"dateModified\":\"2025-10-24T06:57:54+00:00\",\"description\":\"Davant el port, on cada mat\u00ed arriben les barques de pesca amb el fruit de la Mediterr\u00e0nia, Ses Oliveres celebra la frescor de la mar\",\"breadcrumb\":{\"@id\":\"https:\/\/sesoliveresportdesoller.com\/ca\/2025\/10\/24\/de-la-gamba-roja-al-llamantol-els-reis-de-la-mar-a-ses-oliveres\/#breadcrumb\"},\"inLanguage\":\"ca\",\"potentialAction\":[{\"@type\":\"ReadAction\",\"target\":[\"https:\/\/sesoliveresportdesoller.com\/ca\/2025\/10\/24\/de-la-gamba-roja-al-llamantol-els-reis-de-la-mar-a-ses-oliveres\/\"]}]},{\"@type\":\"ImageObject\",\"inLanguage\":\"ca\",\"@id\":\"https:\/\/sesoliveresportdesoller.com\/ca\/2025\/10\/24\/de-la-gamba-roja-al-llamantol-els-reis-de-la-mar-a-ses-oliveres\/#primaryimage\",\"url\":\"https:\/\/ses-oliveres-port-de-soller.fra1.digitaloceanspaces.com\/wp-content\/uploads\/2025\/10\/04180153\/El-mejor-producto-en-Ses-Oliveres-2.png\",\"contentUrl\":\"https:\/\/ses-oliveres-port-de-soller.fra1.digitaloceanspaces.com\/wp-content\/uploads\/2025\/10\/04180153\/El-mejor-producto-en-Ses-Oliveres-2.png\",\"width\":1152,\"height\":1536,\"caption\":\"Marisco fresco sobre una cama de hielo\"},{\"@type\":\"BreadcrumbList\",\"@id\":\"https:\/\/sesoliveresportdesoller.com\/ca\/2025\/10\/24\/de-la-gamba-roja-al-llamantol-els-reis-de-la-mar-a-ses-oliveres\/#breadcrumb\",\"itemListElement\":[{\"@type\":\"ListItem\",\"position\":1,\"name\":\"Portada\",\"item\":\"https:\/\/sesoliveresportdesoller.com\/ca\/inici\/\"},{\"@type\":\"ListItem\",\"position\":2,\"name\":\"De la gamba roja al llam\u00e0ntol: els reis de la mar a Ses Oliveres\"}]},{\"@type\":\"WebSite\",\"@id\":\"https:\/\/sesoliveresportdesoller.com\/ca\/#website\",\"url\":\"https:\/\/sesoliveresportdesoller.com\/ca\/\",\"name\":\"Ses Oliveres Port de S\u00f3ller\",\"description\":\"Ses Oliveres es un restaurante especializado en arroces, pescados y mariscos, situado en primera l\u00ednea del Port de S\u00f3ller.  Se trata de un concepto de cocina con productos frescos y \u201cdel mar a la mesa\u201d. Disponen de una vitrina con pescado fresco diario. Seg\u00fan sus rese\u00f1as en Google y otras plataformas como Tripadvisor, destacan por su ubicaci\u00f3n excepcional y por la calidad de sus platos.\",\"publisher\":{\"@id\":\"https:\/\/sesoliveresportdesoller.com\/ca\/#organization\"},\"potentialAction\":[{\"@type\":\"SearchAction\",\"target\":{\"@type\":\"EntryPoint\",\"urlTemplate\":\"https:\/\/sesoliveresportdesoller.com\/ca\/?s={search_term_string}\"},\"query-input\":{\"@type\":\"PropertyValueSpecification\",\"valueRequired\":true,\"valueName\":\"search_term_string\"}}],\"inLanguage\":\"ca\"},{\"@type\":\"Organization\",\"@id\":\"https:\/\/sesoliveresportdesoller.com\/ca\/#organization\",\"name\":\"Ses Oliveres Port de S\u00f3ller\",\"url\":\"https:\/\/sesoliveresportdesoller.com\/ca\/\",\"logo\":{\"@type\":\"ImageObject\",\"inLanguage\":\"ca\",\"@id\":\"https:\/\/sesoliveresportdesoller.com\/ca\/#\/schema\/logo\/image\/\",\"url\":\"https:\/\/ses-oliveres-port-de-soller.fra1.digitaloceanspaces.com\/wp-content\/uploads\/2024\/06\/25123952\/logo.svg\",\"contentUrl\":\"https:\/\/ses-oliveres-port-de-soller.fra1.digitaloceanspaces.com\/wp-content\/uploads\/2024\/06\/25123952\/logo.svg\",\"width\":128,\"height\":55,\"caption\":\"Ses Oliveres Port de S\u00f3ller\"},\"image\":{\"@id\":\"https:\/\/sesoliveresportdesoller.com\/ca\/#\/schema\/logo\/image\/\"}},{\"@type\":\"Person\",\"@id\":\"https:\/\/sesoliveresportdesoller.com\/ca\/#\/schema\/person\/b5b7c42fb246e7a69985ce8133fca51e\",\"name\":\"Ses Oliveres\",\"image\":{\"@type\":\"ImageObject\",\"inLanguage\":\"ca\",\"@id\":\"https:\/\/sesoliveresportdesoller.com\/ca\/#\/schema\/person\/image\/\",\"url\":\"https:\/\/secure.gravatar.com\/avatar\/8090ef7ea57149f9049c2bb8b917c09dff08d3f14f396d4b00da77b3f23c5970?s=96&d=mm&r=g\",\"contentUrl\":\"https:\/\/secure.gravatar.com\/avatar\/8090ef7ea57149f9049c2bb8b917c09dff08d3f14f396d4b00da77b3f23c5970?s=96&d=mm&r=g\",\"caption\":\"Ses Oliveres\"},\"url\":\"https:\/\/sesoliveresportdesoller.com\/ca\/author\/sesoliveres\/\"}]}<\/script>\n<!-- \/ Yoast SEO plugin. -->","yoast_head_json":{"title":"De la gamba roja al llam\u00e0ntol: els reis de la mar a Ses Oliveres - Ses Oliveres Port de S\u00f3ller","description":"Davant el port, on cada mat\u00ed arriben les barques de pesca amb el fruit de la Mediterr\u00e0nia, Ses Oliveres celebra la frescor de la mar","robots":{"index":"index","follow":"follow","max-snippet":"max-snippet:-1","max-image-preview":"max-image-preview:large","max-video-preview":"max-video-preview:-1"},"canonical":"https:\/\/sesoliveresportdesoller.com\/ca\/2025\/10\/24\/de-la-gamba-roja-al-llamantol-els-reis-de-la-mar-a-ses-oliveres\/","og_locale":"ca_ES","og_type":"article","og_title":"De la gamba roja al llam\u00e0ntol: els reis de la mar a Ses Oliveres - Ses Oliveres Port de S\u00f3ller","og_description":"Davant el port, on cada mat\u00ed arriben les barques de pesca amb el fruit de la Mediterr\u00e0nia, Ses Oliveres celebra la frescor de la mar","og_url":"https:\/\/sesoliveresportdesoller.com\/ca\/2025\/10\/24\/de-la-gamba-roja-al-llamantol-els-reis-de-la-mar-a-ses-oliveres\/","og_site_name":"Ses Oliveres Port de S\u00f3ller","article_published_time":"2025-10-24T06:57:51+00:00","article_modified_time":"2025-10-24T06:57:54+00:00","og_image":[{"width":768,"height":1024,"url":"https:\/\/ses-oliveres-port-de-soller.fra1.digitaloceanspaces.com\/wp-content\/uploads\/2025\/10\/04180153\/El-mejor-producto-en-Ses-Oliveres-2-768x1024.png","type":"image\/png"}],"author":"Ses Oliveres","twitter_card":"summary_large_image","twitter_misc":{"Escrit per":"Ses Oliveres","Temps estimat de lectura":"1 minut"},"schema":{"@context":"https:\/\/schema.org","@graph":[{"@type":"Article","@id":"https:\/\/sesoliveresportdesoller.com\/ca\/2025\/10\/24\/de-la-gamba-roja-al-llamantol-els-reis-de-la-mar-a-ses-oliveres\/#article","isPartOf":{"@id":"https:\/\/sesoliveresportdesoller.com\/ca\/2025\/10\/24\/de-la-gamba-roja-al-llamantol-els-reis-de-la-mar-a-ses-oliveres\/"},"author":{"name":"Ses Oliveres","@id":"https:\/\/sesoliveresportdesoller.com\/ca\/#\/schema\/person\/b5b7c42fb246e7a69985ce8133fca51e"},"headline":"De la gamba roja al llam\u00e0ntol: els reis de la mar a Ses Oliveres","datePublished":"2025-10-24T06:57:51+00:00","dateModified":"2025-10-24T06:57:54+00:00","mainEntityOfPage":{"@id":"https:\/\/sesoliveresportdesoller.com\/ca\/2025\/10\/24\/de-la-gamba-roja-al-llamantol-els-reis-de-la-mar-a-ses-oliveres\/"},"wordCount":375,"commentCount":0,"publisher":{"@id":"https:\/\/sesoliveresportdesoller.com\/ca\/#organization"},"image":{"@id":"https:\/\/sesoliveresportdesoller.com\/ca\/2025\/10\/24\/de-la-gamba-roja-al-llamantol-els-reis-de-la-mar-a-ses-oliveres\/#primaryimage"},"thumbnailUrl":"https:\/\/ses-oliveres-port-de-soller.fra1.digitaloceanspaces.com\/wp-content\/uploads\/2025\/10\/04180153\/El-mejor-producto-en-Ses-Oliveres-2.png","keywords":["expositordepeix","marisc","peixfresc"],"articleSection":["Sin categorizar"],"inLanguage":"ca","potentialAction":[{"@type":"CommentAction","name":"Comment","target":["https:\/\/sesoliveresportdesoller.com\/ca\/2025\/10\/24\/de-la-gamba-roja-al-llamantol-els-reis-de-la-mar-a-ses-oliveres\/#respond"]}]},{"@type":"WebPage","@id":"https:\/\/sesoliveresportdesoller.com\/ca\/2025\/10\/24\/de-la-gamba-roja-al-llamantol-els-reis-de-la-mar-a-ses-oliveres\/","url":"https:\/\/sesoliveresportdesoller.com\/ca\/2025\/10\/24\/de-la-gamba-roja-al-llamantol-els-reis-de-la-mar-a-ses-oliveres\/","name":"De la gamba roja al llam\u00e0ntol: els reis de la mar a Ses Oliveres - Ses Oliveres Port de S\u00f3ller","isPartOf":{"@id":"https:\/\/sesoliveresportdesoller.com\/ca\/#website"},"primaryImageOfPage":{"@id":"https:\/\/sesoliveresportdesoller.com\/ca\/2025\/10\/24\/de-la-gamba-roja-al-llamantol-els-reis-de-la-mar-a-ses-oliveres\/#primaryimage"},"image":{"@id":"https:\/\/sesoliveresportdesoller.com\/ca\/2025\/10\/24\/de-la-gamba-roja-al-llamantol-els-reis-de-la-mar-a-ses-oliveres\/#primaryimage"},"thumbnailUrl":"https:\/\/ses-oliveres-port-de-soller.fra1.digitaloceanspaces.com\/wp-content\/uploads\/2025\/10\/04180153\/El-mejor-producto-en-Ses-Oliveres-2.png","datePublished":"2025-10-24T06:57:51+00:00","dateModified":"2025-10-24T06:57:54+00:00","description":"Davant el port, on cada mat\u00ed arriben les barques de pesca amb el fruit de la Mediterr\u00e0nia, Ses Oliveres celebra la frescor de la mar","breadcrumb":{"@id":"https:\/\/sesoliveresportdesoller.com\/ca\/2025\/10\/24\/de-la-gamba-roja-al-llamantol-els-reis-de-la-mar-a-ses-oliveres\/#breadcrumb"},"inLanguage":"ca","potentialAction":[{"@type":"ReadAction","target":["https:\/\/sesoliveresportdesoller.com\/ca\/2025\/10\/24\/de-la-gamba-roja-al-llamantol-els-reis-de-la-mar-a-ses-oliveres\/"]}]},{"@type":"ImageObject","inLanguage":"ca","@id":"https:\/\/sesoliveresportdesoller.com\/ca\/2025\/10\/24\/de-la-gamba-roja-al-llamantol-els-reis-de-la-mar-a-ses-oliveres\/#primaryimage","url":"https:\/\/ses-oliveres-port-de-soller.fra1.digitaloceanspaces.com\/wp-content\/uploads\/2025\/10\/04180153\/El-mejor-producto-en-Ses-Oliveres-2.png","contentUrl":"https:\/\/ses-oliveres-port-de-soller.fra1.digitaloceanspaces.com\/wp-content\/uploads\/2025\/10\/04180153\/El-mejor-producto-en-Ses-Oliveres-2.png","width":1152,"height":1536,"caption":"Marisco fresco sobre una cama de hielo"},{"@type":"BreadcrumbList","@id":"https:\/\/sesoliveresportdesoller.com\/ca\/2025\/10\/24\/de-la-gamba-roja-al-llamantol-els-reis-de-la-mar-a-ses-oliveres\/#breadcrumb","itemListElement":[{"@type":"ListItem","position":1,"name":"Portada","item":"https:\/\/sesoliveresportdesoller.com\/ca\/inici\/"},{"@type":"ListItem","position":2,"name":"De la gamba roja al llam\u00e0ntol: els reis de la mar a Ses Oliveres"}]},{"@type":"WebSite","@id":"https:\/\/sesoliveresportdesoller.com\/ca\/#website","url":"https:\/\/sesoliveresportdesoller.com\/ca\/","name":"Ses Oliveres Port de S\u00f3ller","description":"Ses Oliveres es un restaurante especializado en arroces, pescados y mariscos, situado en primera l\u00ednea del Port de S\u00f3ller.  Se trata de un concepto de cocina con productos frescos y \u201cdel mar a la mesa\u201d. Disponen de una vitrina con pescado fresco diario. Seg\u00fan sus rese\u00f1as en Google y otras plataformas como Tripadvisor, destacan por su ubicaci\u00f3n excepcional y por la calidad de sus platos.","publisher":{"@id":"https:\/\/sesoliveresportdesoller.com\/ca\/#organization"},"potentialAction":[{"@type":"SearchAction","target":{"@type":"EntryPoint","urlTemplate":"https:\/\/sesoliveresportdesoller.com\/ca\/?s={search_term_string}"},"query-input":{"@type":"PropertyValueSpecification","valueRequired":true,"valueName":"search_term_string"}}],"inLanguage":"ca"},{"@type":"Organization","@id":"https:\/\/sesoliveresportdesoller.com\/ca\/#organization","name":"Ses Oliveres Port de S\u00f3ller","url":"https:\/\/sesoliveresportdesoller.com\/ca\/","logo":{"@type":"ImageObject","inLanguage":"ca","@id":"https:\/\/sesoliveresportdesoller.com\/ca\/#\/schema\/logo\/image\/","url":"https:\/\/ses-oliveres-port-de-soller.fra1.digitaloceanspaces.com\/wp-content\/uploads\/2024\/06\/25123952\/logo.svg","contentUrl":"https:\/\/ses-oliveres-port-de-soller.fra1.digitaloceanspaces.com\/wp-content\/uploads\/2024\/06\/25123952\/logo.svg","width":128,"height":55,"caption":"Ses Oliveres Port de S\u00f3ller"},"image":{"@id":"https:\/\/sesoliveresportdesoller.com\/ca\/#\/schema\/logo\/image\/"}},{"@type":"Person","@id":"https:\/\/sesoliveresportdesoller.com\/ca\/#\/schema\/person\/b5b7c42fb246e7a69985ce8133fca51e","name":"Ses Oliveres","image":{"@type":"ImageObject","inLanguage":"ca","@id":"https:\/\/sesoliveresportdesoller.com\/ca\/#\/schema\/person\/image\/","url":"https:\/\/secure.gravatar.com\/avatar\/8090ef7ea57149f9049c2bb8b917c09dff08d3f14f396d4b00da77b3f23c5970?s=96&d=mm&r=g","contentUrl":"https:\/\/secure.gravatar.com\/avatar\/8090ef7ea57149f9049c2bb8b917c09dff08d3f14f396d4b00da77b3f23c5970?s=96&d=mm&r=g","caption":"Ses Oliveres"},"url":"https:\/\/sesoliveresportdesoller.com\/ca\/author\/sesoliveres\/"}]}},"_links":{"self":[{"href":"https:\/\/sesoliveresportdesoller.com\/ca\/wp-json\/wp\/v2\/posts\/1675","targetHints":{"allow":["GET"]}}],"collection":[{"href":"https:\/\/sesoliveresportdesoller.com\/ca\/wp-json\/wp\/v2\/posts"}],"about":[{"href":"https:\/\/sesoliveresportdesoller.com\/ca\/wp-json\/wp\/v2\/types\/post"}],"author":[{"embeddable":true,"href":"https:\/\/sesoliveresportdesoller.com\/ca\/wp-json\/wp\/v2\/users\/3"}],"replies":[{"embeddable":true,"href":"https:\/\/sesoliveresportdesoller.com\/ca\/wp-json\/wp\/v2\/comments?post=1675"}],"version-history":[{"count":1,"href":"https:\/\/sesoliveresportdesoller.com\/ca\/wp-json\/wp\/v2\/posts\/1675\/revisions"}],"predecessor-version":[{"id":1676,"href":"https:\/\/sesoliveresportdesoller.com\/ca\/wp-json\/wp\/v2\/posts\/1675\/revisions\/1676"}],"wp:featuredmedia":[{"embeddable":true,"href":"https:\/\/sesoliveresportdesoller.com\/ca\/wp-json\/wp\/v2\/media\/1672"}],"wp:attachment":[{"href":"https:\/\/sesoliveresportdesoller.com\/ca\/wp-json\/wp\/v2\/media?parent=1675"}],"wp:term":[{"taxonomy":"category","embeddable":true,"href":"https:\/\/sesoliveresportdesoller.com\/ca\/wp-json\/wp\/v2\/categories?post=1675"},{"taxonomy":"post_tag","embeddable":true,"href":"https:\/\/sesoliveresportdesoller.com\/ca\/wp-json\/wp\/v2\/tags?post=1675"}],"curies":[{"name":"wp","href":"https:\/\/api.w.org\/{rel}","templated":true}]}}