{"id":1688,"date":"2025-11-05T14:40:06","date_gmt":"2025-11-05T13:40:06","guid":{"rendered":"https:\/\/sesoliveresportdesoller.com\/?p=1688"},"modified":"2025-11-05T14:40:07","modified_gmt":"2025-11-05T13:40:07","slug":"el-sabor-de-la-mar-a-cada-arros-amb-marisc-i-peix-fresc","status":"publish","type":"post","link":"https:\/\/sesoliveresportdesoller.com\/ca\/2025\/11\/05\/el-sabor-de-la-mar-a-cada-arros-amb-marisc-i-peix-fresc\/","title":{"rendered":"El sabor de la mar en cada gra: arr\u00f2s sec de peix i marisc del dia"},"content":{"rendered":"\n<p>Hi ha plats que tenen gust de Mediterrani abans fins i tot de tastar-los. N\u2019hi ha prou amb veure com el sol es filtra entre les branques dels oliverars del <a href=\"https:\/\/www.google.com\/search?q=puerto+de+s%C3%B3ller&amp;rlz=1C1JZAP_esES843ES843&amp;oq=puerto+de+s%C3%B3ller&amp;gs_lcrp=EgZjaHJvbWUqCggAEAAY4wIYgAQyCggAEAAY4wIYgAQyBwgBEC4YgAQyBwgCEAAYgAQyBwgDEAAYgAQyBwgEEAAYgAQyBwgFEAAYgAQyCAgGEAAYFhgeMggIBxAAGBYYHjIICAgQABgWGB4yCAgJEAAYFhge0gEIMjIxOWowajeoAgiwAgHxBR_o3YAli4OH&amp;sourceid=chrome&amp;ie=UTF-8\">Port de S\u00f3ller<\/a> i com l\u2019aroma de la mar i de la llenya es barreja amb la d\u2019un arr\u00f2s acabat de fer. A <strong>Ses Oliveres<\/strong>, aquesta m\u00e0gia es renova cada dia amb el seu <strong>arr\u00f2s sec de peix i marisc del dia<\/strong>, una especialitat que resumeix tot all\u00f2 que representa la seva cuina: producte fresc, tradici\u00f3 mallorquina i un respecte absolut pel sabor.<\/p>\n\n\n\n<p>Abans d\u2019arribar a taula, el protagonista d\u2019aquest arr\u00f2s s\u2019escull amb cura a l\u2019<strong>expositor de peix del restaurant<\/strong>, una vitrina que sembla un petit mercat davant la mar. All\u00e0 hi reposen els tresors del Mediterrani: <strong>galls, gambes roges, escamarlans, s\u00edpies, musclos i peixos de roca<\/strong> que arriben directament de les barques del port. <a href=\"http:\/\/chrome-extension:\/\/efaidnbmnnnibpcajpcglclefindmkaj\/https:\/\/ses-oliveres-port-de-soller.fra1.digitaloceanspaces.com\/wp-content\/uploads\/2025\/07\/28081727\/MENU-2023-ESP.pdf\">Segons el que ofereix la mar <\/a>cada dia, l\u2019equip de cuina prepara l\u2019arr\u00f2s amb diferents combinacions, sempre amb el punt just de socarrat i un fons intens que desperta la gana.<\/p>\n\n\n\n<h2 class=\"wp-block-heading\">Amb quin plat el voldries acompanyar?<\/h2>\n\n\n\n<p>Cada mos concentra la feina del pescador, la cura del cuiner i la calma de l\u2019entorn. \u00c9s un plat que convida a compartir, ideal per acompanyar amb una <strong>amanida fresca de temporada<\/strong> o amb una copa de <strong>vi blanc mallorqu\u00ed<\/strong>, com ara un vi de la Serra de Tramuntana o un prensal amb notes c\u00edtriques que ressalten els sabors mariners.<\/p>\n\n\n\n<p>Gaudir-ne a la terrassa de Ses Oliveres, davant del passeig mar\u00edtim i amb el so de les ones de fons, \u00e9s molt m\u00e9s que un \u00e0pat: \u00e9s una celebraci\u00f3 de la vida mediterr\u00e0nia en la seva forma m\u00e9s pura.<\/p>\n\n\n\n<p><\/p>\n","protected":false},"excerpt":{"rendered":"<p>Hi ha plats que tenen gust de Mediterrani abans fins i tot de tastar-los. N\u2019hi ha prou amb veure com el sol es filtra entre les branques dels oliverars del Port de S\u00f3ller i com l\u2019aroma de la mar i de la llenya es barreja amb la d\u2019un arr\u00f2s acabat de fer. A Ses Oliveres, [&hellip;]<\/p>\n","protected":false},"author":3,"featured_media":1682,"comment_status":"open","ping_status":"open","sticky":false,"template":"","format":"standard","meta":{"footnotes":""},"categories":[1],"tags":[21,70,22],"class_list":["post-1688","post","type-post","status-publish","format-standard","has-post-thumbnail","hentry","category-sin-categorizar","tag-expositordepeix","tag-peix","tag-peixfresc"],"yoast_head":"<!-- This site is optimized with the Yoast SEO plugin v26.5 - https:\/\/yoast.com\/wordpress\/plugins\/seo\/ -->\n<title>El sabor de la mar a cada arr\u00f3s amb marisc y peix fresc<\/title>\n<meta name=\"description\" content=\"Hi ha plats que tenen gust de Mediterrani abans fins i tot de tastar-los. N\u2019hi ha prou amb veure com el sol es filtra entre les branques\" \/>\n<meta name=\"robots\" content=\"index, follow, max-snippet:-1, max-image-preview:large, max-video-preview:-1\" \/>\n<link rel=\"canonical\" href=\"https:\/\/sesoliveresportdesoller.com\/ca\/2025\/11\/05\/el-sabor-de-la-mar-a-cada-arros-amb-marisc-i-peix-fresc\/\" \/>\n<meta property=\"og:locale\" content=\"ca_ES\" \/>\n<meta property=\"og:type\" content=\"article\" \/>\n<meta property=\"og:title\" content=\"El sabor de la mar a cada arr\u00f3s amb marisc y peix fresc\" \/>\n<meta property=\"og:description\" content=\"Hi ha plats que tenen gust de Mediterrani abans fins i tot de tastar-los. N\u2019hi ha prou amb veure com el sol es filtra entre les branques\" \/>\n<meta property=\"og:url\" content=\"https:\/\/sesoliveresportdesoller.com\/ca\/2025\/11\/05\/el-sabor-de-la-mar-a-cada-arros-amb-marisc-i-peix-fresc\/\" \/>\n<meta property=\"og:site_name\" content=\"Ses Oliveres Port de S\u00f3ller\" \/>\n<meta property=\"article:published_time\" content=\"2025-11-05T13:40:06+00:00\" \/>\n<meta property=\"article:modified_time\" content=\"2025-11-05T13:40:07+00:00\" \/>\n<meta property=\"og:image\" content=\"https:\/\/ses-oliveres-port-de-soller.fra1.digitaloceanspaces.com\/wp-content\/uploads\/2025\/11\/05142709\/WhatsApp-Image-2025-11-04-at-11.23.53.jpeg\" \/>\n\t<meta property=\"og:image:width\" content=\"2048\" \/>\n\t<meta property=\"og:image:height\" content=\"1152\" \/>\n\t<meta property=\"og:image:type\" content=\"image\/jpeg\" \/>\n<meta name=\"author\" content=\"Ses Oliveres\" \/>\n<meta name=\"twitter:card\" content=\"summary_large_image\" \/>\n<meta name=\"twitter:label1\" content=\"Escrit per\" \/>\n\t<meta name=\"twitter:data1\" content=\"Ses Oliveres\" \/>\n\t<meta name=\"twitter:label2\" content=\"Temps estimat de lectura\" \/>\n\t<meta name=\"twitter:data2\" content=\"2 minuts\" \/>\n<script type=\"application\/ld+json\" class=\"yoast-schema-graph\">{\"@context\":\"https:\/\/schema.org\",\"@graph\":[{\"@type\":\"Article\",\"@id\":\"https:\/\/sesoliveresportdesoller.com\/ca\/2025\/11\/05\/el-sabor-de-la-mar-a-cada-arros-amb-marisc-i-peix-fresc\/#article\",\"isPartOf\":{\"@id\":\"https:\/\/sesoliveresportdesoller.com\/ca\/2025\/11\/05\/el-sabor-de-la-mar-a-cada-arros-amb-marisc-i-peix-fresc\/\"},\"author\":{\"name\":\"Ses Oliveres\",\"@id\":\"https:\/\/sesoliveresportdesoller.com\/ca\/#\/schema\/person\/b5b7c42fb246e7a69985ce8133fca51e\"},\"headline\":\"El sabor de la mar en cada gra: arr\u00f2s sec de peix i marisc del dia\",\"datePublished\":\"2025-11-05T13:40:06+00:00\",\"dateModified\":\"2025-11-05T13:40:07+00:00\",\"mainEntityOfPage\":{\"@id\":\"https:\/\/sesoliveresportdesoller.com\/ca\/2025\/11\/05\/el-sabor-de-la-mar-a-cada-arros-amb-marisc-i-peix-fresc\/\"},\"wordCount\":320,\"commentCount\":0,\"publisher\":{\"@id\":\"https:\/\/sesoliveresportdesoller.com\/ca\/#organization\"},\"image\":{\"@id\":\"https:\/\/sesoliveresportdesoller.com\/ca\/2025\/11\/05\/el-sabor-de-la-mar-a-cada-arros-amb-marisc-i-peix-fresc\/#primaryimage\"},\"thumbnailUrl\":\"https:\/\/ses-oliveres-port-de-soller.fra1.digitaloceanspaces.com\/wp-content\/uploads\/2025\/11\/05142709\/WhatsApp-Image-2025-11-04-at-11.23.53.jpeg\",\"keywords\":[\"expositordepeix\",\"peix\",\"peixfresc\"],\"articleSection\":[\"Sin categorizar\"],\"inLanguage\":\"ca\",\"potentialAction\":[{\"@type\":\"CommentAction\",\"name\":\"Comment\",\"target\":[\"https:\/\/sesoliveresportdesoller.com\/ca\/2025\/11\/05\/el-sabor-de-la-mar-a-cada-arros-amb-marisc-i-peix-fresc\/#respond\"]}]},{\"@type\":\"WebPage\",\"@id\":\"https:\/\/sesoliveresportdesoller.com\/ca\/2025\/11\/05\/el-sabor-de-la-mar-a-cada-arros-amb-marisc-i-peix-fresc\/\",\"url\":\"https:\/\/sesoliveresportdesoller.com\/ca\/2025\/11\/05\/el-sabor-de-la-mar-a-cada-arros-amb-marisc-i-peix-fresc\/\",\"name\":\"El sabor de la mar a cada arr\u00f3s amb marisc y peix fresc\",\"isPartOf\":{\"@id\":\"https:\/\/sesoliveresportdesoller.com\/ca\/#website\"},\"primaryImageOfPage\":{\"@id\":\"https:\/\/sesoliveresportdesoller.com\/ca\/2025\/11\/05\/el-sabor-de-la-mar-a-cada-arros-amb-marisc-i-peix-fresc\/#primaryimage\"},\"image\":{\"@id\":\"https:\/\/sesoliveresportdesoller.com\/ca\/2025\/11\/05\/el-sabor-de-la-mar-a-cada-arros-amb-marisc-i-peix-fresc\/#primaryimage\"},\"thumbnailUrl\":\"https:\/\/ses-oliveres-port-de-soller.fra1.digitaloceanspaces.com\/wp-content\/uploads\/2025\/11\/05142709\/WhatsApp-Image-2025-11-04-at-11.23.53.jpeg\",\"datePublished\":\"2025-11-05T13:40:06+00:00\",\"dateModified\":\"2025-11-05T13:40:07+00:00\",\"description\":\"Hi ha plats que tenen gust de Mediterrani abans fins i tot de tastar-los. N\u2019hi ha prou amb veure com el sol es filtra entre les branques\",\"breadcrumb\":{\"@id\":\"https:\/\/sesoliveresportdesoller.com\/ca\/2025\/11\/05\/el-sabor-de-la-mar-a-cada-arros-amb-marisc-i-peix-fresc\/#breadcrumb\"},\"inLanguage\":\"ca\",\"potentialAction\":[{\"@type\":\"ReadAction\",\"target\":[\"https:\/\/sesoliveresportdesoller.com\/ca\/2025\/11\/05\/el-sabor-de-la-mar-a-cada-arros-amb-marisc-i-peix-fresc\/\"]}]},{\"@type\":\"ImageObject\",\"inLanguage\":\"ca\",\"@id\":\"https:\/\/sesoliveresportdesoller.com\/ca\/2025\/11\/05\/el-sabor-de-la-mar-a-cada-arros-amb-marisc-i-peix-fresc\/#primaryimage\",\"url\":\"https:\/\/ses-oliveres-port-de-soller.fra1.digitaloceanspaces.com\/wp-content\/uploads\/2025\/11\/05142709\/WhatsApp-Image-2025-11-04-at-11.23.53.jpeg\",\"contentUrl\":\"https:\/\/ses-oliveres-port-de-soller.fra1.digitaloceanspaces.com\/wp-content\/uploads\/2025\/11\/05142709\/WhatsApp-Image-2025-11-04-at-11.23.53.jpeg\",\"width\":2048,\"height\":1152,\"caption\":\"Arroz seco con pescado y marisco de temporada\"},{\"@type\":\"BreadcrumbList\",\"@id\":\"https:\/\/sesoliveresportdesoller.com\/ca\/2025\/11\/05\/el-sabor-de-la-mar-a-cada-arros-amb-marisc-i-peix-fresc\/#breadcrumb\",\"itemListElement\":[{\"@type\":\"ListItem\",\"position\":1,\"name\":\"Portada\",\"item\":\"https:\/\/sesoliveresportdesoller.com\/ca\/inici\/\"},{\"@type\":\"ListItem\",\"position\":2,\"name\":\"El sabor de la mar en cada gra: arr\u00f2s sec de peix i marisc del dia\"}]},{\"@type\":\"WebSite\",\"@id\":\"https:\/\/sesoliveresportdesoller.com\/ca\/#website\",\"url\":\"https:\/\/sesoliveresportdesoller.com\/ca\/\",\"name\":\"Ses Oliveres Port de S\u00f3ller\",\"description\":\"Ses Oliveres es un restaurante especializado en arroces, pescados y mariscos, situado en primera l\u00ednea del Port de S\u00f3ller.  Se trata de un concepto de cocina con productos frescos y \u201cdel mar a la mesa\u201d. Disponen de una vitrina con pescado fresco diario. Seg\u00fan sus rese\u00f1as en Google y otras plataformas como Tripadvisor, destacan por su ubicaci\u00f3n excepcional y por la calidad de sus platos.\",\"publisher\":{\"@id\":\"https:\/\/sesoliveresportdesoller.com\/ca\/#organization\"},\"potentialAction\":[{\"@type\":\"SearchAction\",\"target\":{\"@type\":\"EntryPoint\",\"urlTemplate\":\"https:\/\/sesoliveresportdesoller.com\/ca\/?s={search_term_string}\"},\"query-input\":{\"@type\":\"PropertyValueSpecification\",\"valueRequired\":true,\"valueName\":\"search_term_string\"}}],\"inLanguage\":\"ca\"},{\"@type\":\"Organization\",\"@id\":\"https:\/\/sesoliveresportdesoller.com\/ca\/#organization\",\"name\":\"Ses Oliveres Port de S\u00f3ller\",\"url\":\"https:\/\/sesoliveresportdesoller.com\/ca\/\",\"logo\":{\"@type\":\"ImageObject\",\"inLanguage\":\"ca\",\"@id\":\"https:\/\/sesoliveresportdesoller.com\/ca\/#\/schema\/logo\/image\/\",\"url\":\"https:\/\/ses-oliveres-port-de-soller.fra1.digitaloceanspaces.com\/wp-content\/uploads\/2024\/06\/25123952\/logo.svg\",\"contentUrl\":\"https:\/\/ses-oliveres-port-de-soller.fra1.digitaloceanspaces.com\/wp-content\/uploads\/2024\/06\/25123952\/logo.svg\",\"width\":128,\"height\":55,\"caption\":\"Ses Oliveres Port de S\u00f3ller\"},\"image\":{\"@id\":\"https:\/\/sesoliveresportdesoller.com\/ca\/#\/schema\/logo\/image\/\"}},{\"@type\":\"Person\",\"@id\":\"https:\/\/sesoliveresportdesoller.com\/ca\/#\/schema\/person\/b5b7c42fb246e7a69985ce8133fca51e\",\"name\":\"Ses Oliveres\",\"image\":{\"@type\":\"ImageObject\",\"inLanguage\":\"ca\",\"@id\":\"https:\/\/sesoliveresportdesoller.com\/ca\/#\/schema\/person\/image\/\",\"url\":\"https:\/\/secure.gravatar.com\/avatar\/8090ef7ea57149f9049c2bb8b917c09dff08d3f14f396d4b00da77b3f23c5970?s=96&d=mm&r=g\",\"contentUrl\":\"https:\/\/secure.gravatar.com\/avatar\/8090ef7ea57149f9049c2bb8b917c09dff08d3f14f396d4b00da77b3f23c5970?s=96&d=mm&r=g\",\"caption\":\"Ses Oliveres\"},\"url\":\"https:\/\/sesoliveresportdesoller.com\/ca\/author\/sesoliveres\/\"}]}<\/script>\n<!-- \/ Yoast SEO plugin. -->","yoast_head_json":{"title":"El sabor de la mar a cada arr\u00f3s amb marisc y peix fresc","description":"Hi ha plats que tenen gust de Mediterrani abans fins i tot de tastar-los. N\u2019hi ha prou amb veure com el sol es filtra entre les branques","robots":{"index":"index","follow":"follow","max-snippet":"max-snippet:-1","max-image-preview":"max-image-preview:large","max-video-preview":"max-video-preview:-1"},"canonical":"https:\/\/sesoliveresportdesoller.com\/ca\/2025\/11\/05\/el-sabor-de-la-mar-a-cada-arros-amb-marisc-i-peix-fresc\/","og_locale":"ca_ES","og_type":"article","og_title":"El sabor de la mar a cada arr\u00f3s amb marisc y peix fresc","og_description":"Hi ha plats que tenen gust de Mediterrani abans fins i tot de tastar-los. N\u2019hi ha prou amb veure com el sol es filtra entre les branques","og_url":"https:\/\/sesoliveresportdesoller.com\/ca\/2025\/11\/05\/el-sabor-de-la-mar-a-cada-arros-amb-marisc-i-peix-fresc\/","og_site_name":"Ses Oliveres Port de S\u00f3ller","article_published_time":"2025-11-05T13:40:06+00:00","article_modified_time":"2025-11-05T13:40:07+00:00","og_image":[{"width":2048,"height":1152,"url":"https:\/\/ses-oliveres-port-de-soller.fra1.digitaloceanspaces.com\/wp-content\/uploads\/2025\/11\/05142709\/WhatsApp-Image-2025-11-04-at-11.23.53.jpeg","type":"image\/jpeg"}],"author":"Ses Oliveres","twitter_card":"summary_large_image","twitter_misc":{"Escrit per":"Ses Oliveres","Temps estimat de lectura":"2 minuts"},"schema":{"@context":"https:\/\/schema.org","@graph":[{"@type":"Article","@id":"https:\/\/sesoliveresportdesoller.com\/ca\/2025\/11\/05\/el-sabor-de-la-mar-a-cada-arros-amb-marisc-i-peix-fresc\/#article","isPartOf":{"@id":"https:\/\/sesoliveresportdesoller.com\/ca\/2025\/11\/05\/el-sabor-de-la-mar-a-cada-arros-amb-marisc-i-peix-fresc\/"},"author":{"name":"Ses Oliveres","@id":"https:\/\/sesoliveresportdesoller.com\/ca\/#\/schema\/person\/b5b7c42fb246e7a69985ce8133fca51e"},"headline":"El sabor de la mar en cada gra: arr\u00f2s sec de peix i marisc del dia","datePublished":"2025-11-05T13:40:06+00:00","dateModified":"2025-11-05T13:40:07+00:00","mainEntityOfPage":{"@id":"https:\/\/sesoliveresportdesoller.com\/ca\/2025\/11\/05\/el-sabor-de-la-mar-a-cada-arros-amb-marisc-i-peix-fresc\/"},"wordCount":320,"commentCount":0,"publisher":{"@id":"https:\/\/sesoliveresportdesoller.com\/ca\/#organization"},"image":{"@id":"https:\/\/sesoliveresportdesoller.com\/ca\/2025\/11\/05\/el-sabor-de-la-mar-a-cada-arros-amb-marisc-i-peix-fresc\/#primaryimage"},"thumbnailUrl":"https:\/\/ses-oliveres-port-de-soller.fra1.digitaloceanspaces.com\/wp-content\/uploads\/2025\/11\/05142709\/WhatsApp-Image-2025-11-04-at-11.23.53.jpeg","keywords":["expositordepeix","peix","peixfresc"],"articleSection":["Sin categorizar"],"inLanguage":"ca","potentialAction":[{"@type":"CommentAction","name":"Comment","target":["https:\/\/sesoliveresportdesoller.com\/ca\/2025\/11\/05\/el-sabor-de-la-mar-a-cada-arros-amb-marisc-i-peix-fresc\/#respond"]}]},{"@type":"WebPage","@id":"https:\/\/sesoliveresportdesoller.com\/ca\/2025\/11\/05\/el-sabor-de-la-mar-a-cada-arros-amb-marisc-i-peix-fresc\/","url":"https:\/\/sesoliveresportdesoller.com\/ca\/2025\/11\/05\/el-sabor-de-la-mar-a-cada-arros-amb-marisc-i-peix-fresc\/","name":"El sabor de la mar a cada arr\u00f3s amb marisc y peix fresc","isPartOf":{"@id":"https:\/\/sesoliveresportdesoller.com\/ca\/#website"},"primaryImageOfPage":{"@id":"https:\/\/sesoliveresportdesoller.com\/ca\/2025\/11\/05\/el-sabor-de-la-mar-a-cada-arros-amb-marisc-i-peix-fresc\/#primaryimage"},"image":{"@id":"https:\/\/sesoliveresportdesoller.com\/ca\/2025\/11\/05\/el-sabor-de-la-mar-a-cada-arros-amb-marisc-i-peix-fresc\/#primaryimage"},"thumbnailUrl":"https:\/\/ses-oliveres-port-de-soller.fra1.digitaloceanspaces.com\/wp-content\/uploads\/2025\/11\/05142709\/WhatsApp-Image-2025-11-04-at-11.23.53.jpeg","datePublished":"2025-11-05T13:40:06+00:00","dateModified":"2025-11-05T13:40:07+00:00","description":"Hi ha plats que tenen gust de Mediterrani abans fins i tot de tastar-los. N\u2019hi ha prou amb veure com el sol es filtra entre les branques","breadcrumb":{"@id":"https:\/\/sesoliveresportdesoller.com\/ca\/2025\/11\/05\/el-sabor-de-la-mar-a-cada-arros-amb-marisc-i-peix-fresc\/#breadcrumb"},"inLanguage":"ca","potentialAction":[{"@type":"ReadAction","target":["https:\/\/sesoliveresportdesoller.com\/ca\/2025\/11\/05\/el-sabor-de-la-mar-a-cada-arros-amb-marisc-i-peix-fresc\/"]}]},{"@type":"ImageObject","inLanguage":"ca","@id":"https:\/\/sesoliveresportdesoller.com\/ca\/2025\/11\/05\/el-sabor-de-la-mar-a-cada-arros-amb-marisc-i-peix-fresc\/#primaryimage","url":"https:\/\/ses-oliveres-port-de-soller.fra1.digitaloceanspaces.com\/wp-content\/uploads\/2025\/11\/05142709\/WhatsApp-Image-2025-11-04-at-11.23.53.jpeg","contentUrl":"https:\/\/ses-oliveres-port-de-soller.fra1.digitaloceanspaces.com\/wp-content\/uploads\/2025\/11\/05142709\/WhatsApp-Image-2025-11-04-at-11.23.53.jpeg","width":2048,"height":1152,"caption":"Arroz seco con pescado y marisco de temporada"},{"@type":"BreadcrumbList","@id":"https:\/\/sesoliveresportdesoller.com\/ca\/2025\/11\/05\/el-sabor-de-la-mar-a-cada-arros-amb-marisc-i-peix-fresc\/#breadcrumb","itemListElement":[{"@type":"ListItem","position":1,"name":"Portada","item":"https:\/\/sesoliveresportdesoller.com\/ca\/inici\/"},{"@type":"ListItem","position":2,"name":"El sabor de la mar en cada gra: arr\u00f2s sec de peix i marisc del dia"}]},{"@type":"WebSite","@id":"https:\/\/sesoliveresportdesoller.com\/ca\/#website","url":"https:\/\/sesoliveresportdesoller.com\/ca\/","name":"Ses Oliveres Port de S\u00f3ller","description":"Ses Oliveres es un restaurante especializado en arroces, pescados y mariscos, situado en primera l\u00ednea del Port de S\u00f3ller.  Se trata de un concepto de cocina con productos frescos y \u201cdel mar a la mesa\u201d. Disponen de una vitrina con pescado fresco diario. Seg\u00fan sus rese\u00f1as en Google y otras plataformas como Tripadvisor, destacan por su ubicaci\u00f3n excepcional y por la calidad de sus platos.","publisher":{"@id":"https:\/\/sesoliveresportdesoller.com\/ca\/#organization"},"potentialAction":[{"@type":"SearchAction","target":{"@type":"EntryPoint","urlTemplate":"https:\/\/sesoliveresportdesoller.com\/ca\/?s={search_term_string}"},"query-input":{"@type":"PropertyValueSpecification","valueRequired":true,"valueName":"search_term_string"}}],"inLanguage":"ca"},{"@type":"Organization","@id":"https:\/\/sesoliveresportdesoller.com\/ca\/#organization","name":"Ses Oliveres Port de S\u00f3ller","url":"https:\/\/sesoliveresportdesoller.com\/ca\/","logo":{"@type":"ImageObject","inLanguage":"ca","@id":"https:\/\/sesoliveresportdesoller.com\/ca\/#\/schema\/logo\/image\/","url":"https:\/\/ses-oliveres-port-de-soller.fra1.digitaloceanspaces.com\/wp-content\/uploads\/2024\/06\/25123952\/logo.svg","contentUrl":"https:\/\/ses-oliveres-port-de-soller.fra1.digitaloceanspaces.com\/wp-content\/uploads\/2024\/06\/25123952\/logo.svg","width":128,"height":55,"caption":"Ses Oliveres Port de S\u00f3ller"},"image":{"@id":"https:\/\/sesoliveresportdesoller.com\/ca\/#\/schema\/logo\/image\/"}},{"@type":"Person","@id":"https:\/\/sesoliveresportdesoller.com\/ca\/#\/schema\/person\/b5b7c42fb246e7a69985ce8133fca51e","name":"Ses Oliveres","image":{"@type":"ImageObject","inLanguage":"ca","@id":"https:\/\/sesoliveresportdesoller.com\/ca\/#\/schema\/person\/image\/","url":"https:\/\/secure.gravatar.com\/avatar\/8090ef7ea57149f9049c2bb8b917c09dff08d3f14f396d4b00da77b3f23c5970?s=96&d=mm&r=g","contentUrl":"https:\/\/secure.gravatar.com\/avatar\/8090ef7ea57149f9049c2bb8b917c09dff08d3f14f396d4b00da77b3f23c5970?s=96&d=mm&r=g","caption":"Ses Oliveres"},"url":"https:\/\/sesoliveresportdesoller.com\/ca\/author\/sesoliveres\/"}]}},"_links":{"self":[{"href":"https:\/\/sesoliveresportdesoller.com\/ca\/wp-json\/wp\/v2\/posts\/1688","targetHints":{"allow":["GET"]}}],"collection":[{"href":"https:\/\/sesoliveresportdesoller.com\/ca\/wp-json\/wp\/v2\/posts"}],"about":[{"href":"https:\/\/sesoliveresportdesoller.com\/ca\/wp-json\/wp\/v2\/types\/post"}],"author":[{"embeddable":true,"href":"https:\/\/sesoliveresportdesoller.com\/ca\/wp-json\/wp\/v2\/users\/3"}],"replies":[{"embeddable":true,"href":"https:\/\/sesoliveresportdesoller.com\/ca\/wp-json\/wp\/v2\/comments?post=1688"}],"version-history":[{"count":1,"href":"https:\/\/sesoliveresportdesoller.com\/ca\/wp-json\/wp\/v2\/posts\/1688\/revisions"}],"predecessor-version":[{"id":1689,"href":"https:\/\/sesoliveresportdesoller.com\/ca\/wp-json\/wp\/v2\/posts\/1688\/revisions\/1689"}],"wp:featuredmedia":[{"embeddable":true,"href":"https:\/\/sesoliveresportdesoller.com\/ca\/wp-json\/wp\/v2\/media\/1682"}],"wp:attachment":[{"href":"https:\/\/sesoliveresportdesoller.com\/ca\/wp-json\/wp\/v2\/media?parent=1688"}],"wp:term":[{"taxonomy":"category","embeddable":true,"href":"https:\/\/sesoliveresportdesoller.com\/ca\/wp-json\/wp\/v2\/categories?post=1688"},{"taxonomy":"post_tag","embeddable":true,"href":"https:\/\/sesoliveresportdesoller.com\/ca\/wp-json\/wp\/v2\/tags?post=1688"}],"curies":[{"name":"wp","href":"https:\/\/api.w.org\/{rel}","templated":true}]}}