{"id":1721,"date":"2025-11-28T09:27:14","date_gmt":"2025-11-28T08:27:14","guid":{"rendered":"https:\/\/sesoliveresportdesoller.com\/?p=1721"},"modified":"2025-11-28T09:27:15","modified_gmt":"2025-11-28T08:27:15","slug":"tarta-estil-la-vina-a-ses-oliveres","status":"publish","type":"post","link":"https:\/\/sesoliveresportdesoller.com\/ca\/2025\/11\/28\/tarta-estil-la-vina-a-ses-oliveres\/","title":{"rendered":"Tarta estil La Vi\u00f1a, m\u00e9s que unes postres a Ses Oliveres"},"content":{"rendered":"\n<p>A Ses Oliveres, hi ha plats que conquereixen a primera vista i d\u2019altres que ho fan al primer mos. La nostra tarta estil La Vi\u00f1a pertany a aquesta categoria rara i privilegiada que aconsegueix ambdues coses: sedueix visualment amb la seva superf\u00edcie torrada i irregular, i confirma totes les expectatives quan la cullera s\u2019enfonsa en el seu interior crem\u00f3s. La imatge recull aquell instant exacte: el moment en qu\u00e8 la textura parla per si sola, sense necessitat d\u2019adorns ni artificis.<\/p>\n\n\n\n<p><strong>L\u2019ess\u00e8ncia d\u2019aquesta tarta resideix en la seva senzillesa.<\/strong> Pocs ingredients, per\u00f2 tots en la seva millor versi\u00f3. A la recepta original del Pa\u00eds Basc \u2014que a Ses Oliveres reinterpretam amb el respecte que mereix una elaboraci\u00f3 ic\u00f2nica\u2014 el secret rau en la qualitat del formatge crema, la frescor dels ous i la proporci\u00f3 justa de sucre per aconseguir aquest equilibri tan caracter\u00edstic entre dol\u00e7or suau i matisos lactis. La nostra versi\u00f3 mant\u00e9 aquesta filosofia: mat\u00e8ria primera impecable i una cocci\u00f3 controlada minut a minut per assegurar la cremositat interior i el daurat profund de la capa exterior.<\/p>\n\n\n\n<p>Aquell to cremat, que sembla accidental, \u00e9s un dels trets m\u00e9s apreciats de la tarta La Vi\u00f1a. No nom\u00e9s aporta aroma, sin\u00f3 que genera un contrast \u00fanic: una base intensa, lleugerament caramel\u00b7litzada, que conviu amb el cor blanc i suau del farcit. Aquest equilibri \u00e9s, probablement, el motiu pel qual aquestes postres s\u2019han convertit en una de les favorites dels nostres clients. \u00c9s una tarta que no empalaga, que convida a continuar degustant-la i que acompanya igual de b\u00e9 una copa de vi dol\u00e7 local com un caf\u00e8 acabat de fer.<\/p>\n\n\n\n<p><strong>Els millors ingredients per a unes postres genials<\/strong><\/p>\n\n\n\n<p>Alguns ingredients addicionals, utilitzats amb discreci\u00f3, eleven encara m\u00e9s l\u2019experi\u00e8ncia. Un toc de nata fresca de qualitat aporta una untuositat extra; un rajol\u00ed m\u00ednim de vainilla natural arrodoneix l\u2019aroma sense protagonismes innecessaris. No hi ha base de galeta que distregui del conjunt: la textura \u00e9s la veritable protagonista.<\/p>\n\n\n\n<p><strong>Servida sobre un plat fosc <\/strong>i lleugerament espolsada amb sucre llustre, la presentaci\u00f3 busca aquell di\u00e0leg visual entre llum i ombra que tan b\u00e9 acompanya l\u2019entorn del <a href=\"https:\/\/www.google.com\/search?q=port+de+soller&amp;rlz=1C1JZAP_esES843ES843&amp;oq=port+de+soller&amp;gs_lcrp=EgZjaHJvbWUyBggAEEUYOTIHCAEQLhiABDIHCAIQABiABDIHCAMQABiABDIHCAQQABiABDIGCAUQRRg8MgYIBhBFGDwyBggHEEUYPNIBCDE3NTVqMGo3qAIIsAIB8QW8fv2oSCHiiQ&amp;sourceid=chrome&amp;ie=UTF-8\">Port de S\u00f3ller. <\/a>Cada porci\u00f3 \u00e9s una invitaci\u00f3 a aturar el temps, a gaudir del contrast c\u00e0lid entre la superf\u00edcie torrada i l\u2019interior que gaireb\u00e9 es fon a la boca.<\/p>\n\n\n\n<p>A Ses Oliveres, aquesta tarta representa la nostra manera d\u2019entendre la rebosteria: honesta, propera, sense complicacions i amb un profund respecte pel sabor aut\u00e8ntic. Un final perfecte per a qualsevol dinar o sopar vora la mar.<\/p>\n\n\n\n<p><strong>Si t\u2019encanta el dol\u00e7\u2026 aqu\u00ed tens una <a href=\"https:\/\/sesoliveresportdesoller.com\/ca\/2025\/02\/24\/descobreix-les-exquisides-postres-de-ses-oliveres-port-de-soller\/\">selecci\u00f3 de les nostres postres m\u00e9s aclamades.<\/a><\/strong><\/p>\n\n\n\n<p><\/p>\n","protected":false},"excerpt":{"rendered":"<p>A Ses Oliveres, hi ha plats que conquereixen a primera vista i d\u2019altres que ho fan al primer mos. La nostra tarta estil La Vi\u00f1a pertany a aquesta categoria rara i privilegiada que aconsegueix ambdues coses: sedueix visualment amb la seva superf\u00edcie torrada i irregular, i confirma totes les expectatives quan la cullera s\u2019enfonsa en [&hellip;]<\/p>\n","protected":false},"author":3,"featured_media":1713,"comment_status":"open","ping_status":"open","sticky":false,"template":"","format":"standard","meta":{"footnotes":""},"categories":[1],"tags":[119,44,118,117],"class_list":["post-1721","post","type-post","status-publish","format-standard","has-post-thumbnail","hentry","category-sin-categorizar","tag-dolc-2","tag-postres","tag-tartadeformatge-2","tag-tartaestillavina"],"yoast_head":"<!-- This site is optimized with the Yoast SEO plugin v26.5 - https:\/\/yoast.com\/wordpress\/plugins\/seo\/ -->\n<title>Tarta estil La Vi\u00f1a, m\u00e9s que unes postres a Ses Oliveres - Ses Oliveres Port de S\u00f3ller<\/title>\n<meta name=\"description\" content=\"A Ses Oliveres, hi ha plats que conquereixen a primera vista i d\u2019altres que ho fan al primer mos. La nostra tarta estil La Vi\u00f1a\" \/>\n<meta name=\"robots\" content=\"index, follow, max-snippet:-1, max-image-preview:large, max-video-preview:-1\" \/>\n<link rel=\"canonical\" href=\"https:\/\/sesoliveresportdesoller.com\/ca\/2025\/11\/28\/tarta-estil-la-vina-a-ses-oliveres\/\" \/>\n<meta property=\"og:locale\" content=\"ca_ES\" \/>\n<meta property=\"og:type\" content=\"article\" \/>\n<meta property=\"og:title\" content=\"Tarta estil La Vi\u00f1a, m\u00e9s que unes postres a Ses Oliveres - Ses Oliveres Port de S\u00f3ller\" \/>\n<meta property=\"og:description\" content=\"A Ses Oliveres, hi ha plats que conquereixen a primera vista i d\u2019altres que ho fan al primer mos. La nostra tarta estil La Vi\u00f1a\" \/>\n<meta property=\"og:url\" content=\"https:\/\/sesoliveresportdesoller.com\/ca\/2025\/11\/28\/tarta-estil-la-vina-a-ses-oliveres\/\" \/>\n<meta property=\"og:site_name\" content=\"Ses Oliveres Port de S\u00f3ller\" \/>\n<meta property=\"article:published_time\" content=\"2025-11-28T08:27:14+00:00\" \/>\n<meta property=\"article:modified_time\" content=\"2025-11-28T08:27:15+00:00\" \/>\n<meta property=\"og:image\" content=\"https:\/\/ses-oliveres-port-de-soller.fra1.digitaloceanspaces.com\/wp-content\/uploads\/2025\/11\/24110909\/WhatsApp-Image-2025-11-14-at-11.05.04.jpeg\" \/>\n\t<meta property=\"og:image:width\" content=\"1784\" \/>\n\t<meta property=\"og:image:height\" content=\"2048\" \/>\n\t<meta property=\"og:image:type\" content=\"image\/jpeg\" \/>\n<meta name=\"author\" content=\"Ses Oliveres\" \/>\n<meta name=\"twitter:card\" content=\"summary_large_image\" \/>\n<meta name=\"twitter:label1\" content=\"Escrit per\" \/>\n\t<meta name=\"twitter:data1\" content=\"Ses Oliveres\" \/>\n\t<meta name=\"twitter:label2\" content=\"Temps estimat de lectura\" \/>\n\t<meta name=\"twitter:data2\" content=\"3 minuts\" \/>\n<script type=\"application\/ld+json\" class=\"yoast-schema-graph\">{\"@context\":\"https:\/\/schema.org\",\"@graph\":[{\"@type\":\"Article\",\"@id\":\"https:\/\/sesoliveresportdesoller.com\/ca\/2025\/11\/28\/tarta-estil-la-vina-a-ses-oliveres\/#article\",\"isPartOf\":{\"@id\":\"https:\/\/sesoliveresportdesoller.com\/ca\/2025\/11\/28\/tarta-estil-la-vina-a-ses-oliveres\/\"},\"author\":{\"name\":\"Ses Oliveres\",\"@id\":\"https:\/\/sesoliveresportdesoller.com\/ca\/#\/schema\/person\/b5b7c42fb246e7a69985ce8133fca51e\"},\"headline\":\"Tarta estil La Vi\u00f1a, m\u00e9s que unes postres a Ses Oliveres\",\"datePublished\":\"2025-11-28T08:27:14+00:00\",\"dateModified\":\"2025-11-28T08:27:15+00:00\",\"mainEntityOfPage\":{\"@id\":\"https:\/\/sesoliveresportdesoller.com\/ca\/2025\/11\/28\/tarta-estil-la-vina-a-ses-oliveres\/\"},\"wordCount\":478,\"commentCount\":0,\"publisher\":{\"@id\":\"https:\/\/sesoliveresportdesoller.com\/ca\/#organization\"},\"image\":{\"@id\":\"https:\/\/sesoliveresportdesoller.com\/ca\/2025\/11\/28\/tarta-estil-la-vina-a-ses-oliveres\/#primaryimage\"},\"thumbnailUrl\":\"https:\/\/ses-oliveres-port-de-soller.fra1.digitaloceanspaces.com\/wp-content\/uploads\/2025\/11\/24110909\/WhatsApp-Image-2025-11-14-at-11.05.04.jpeg\",\"keywords\":[\"dol\u00e7\",\"postres\",\"tartadeformatge\",\"tartaestillavi\u00f1a\"],\"articleSection\":[\"Sin categorizar\"],\"inLanguage\":\"ca\",\"potentialAction\":[{\"@type\":\"CommentAction\",\"name\":\"Comment\",\"target\":[\"https:\/\/sesoliveresportdesoller.com\/ca\/2025\/11\/28\/tarta-estil-la-vina-a-ses-oliveres\/#respond\"]}]},{\"@type\":\"WebPage\",\"@id\":\"https:\/\/sesoliveresportdesoller.com\/ca\/2025\/11\/28\/tarta-estil-la-vina-a-ses-oliveres\/\",\"url\":\"https:\/\/sesoliveresportdesoller.com\/ca\/2025\/11\/28\/tarta-estil-la-vina-a-ses-oliveres\/\",\"name\":\"Tarta estil La Vi\u00f1a, m\u00e9s que unes postres a Ses Oliveres - Ses Oliveres Port de S\u00f3ller\",\"isPartOf\":{\"@id\":\"https:\/\/sesoliveresportdesoller.com\/ca\/#website\"},\"primaryImageOfPage\":{\"@id\":\"https:\/\/sesoliveresportdesoller.com\/ca\/2025\/11\/28\/tarta-estil-la-vina-a-ses-oliveres\/#primaryimage\"},\"image\":{\"@id\":\"https:\/\/sesoliveresportdesoller.com\/ca\/2025\/11\/28\/tarta-estil-la-vina-a-ses-oliveres\/#primaryimage\"},\"thumbnailUrl\":\"https:\/\/ses-oliveres-port-de-soller.fra1.digitaloceanspaces.com\/wp-content\/uploads\/2025\/11\/24110909\/WhatsApp-Image-2025-11-14-at-11.05.04.jpeg\",\"datePublished\":\"2025-11-28T08:27:14+00:00\",\"dateModified\":\"2025-11-28T08:27:15+00:00\",\"description\":\"A Ses Oliveres, hi ha plats que conquereixen a primera vista i d\u2019altres que ho fan al primer mos. La nostra tarta estil La Vi\u00f1a\",\"breadcrumb\":{\"@id\":\"https:\/\/sesoliveresportdesoller.com\/ca\/2025\/11\/28\/tarta-estil-la-vina-a-ses-oliveres\/#breadcrumb\"},\"inLanguage\":\"ca\",\"potentialAction\":[{\"@type\":\"ReadAction\",\"target\":[\"https:\/\/sesoliveresportdesoller.com\/ca\/2025\/11\/28\/tarta-estil-la-vina-a-ses-oliveres\/\"]}]},{\"@type\":\"ImageObject\",\"inLanguage\":\"ca\",\"@id\":\"https:\/\/sesoliveresportdesoller.com\/ca\/2025\/11\/28\/tarta-estil-la-vina-a-ses-oliveres\/#primaryimage\",\"url\":\"https:\/\/ses-oliveres-port-de-soller.fra1.digitaloceanspaces.com\/wp-content\/uploads\/2025\/11\/24110909\/WhatsApp-Image-2025-11-14-at-11.05.04.jpeg\",\"contentUrl\":\"https:\/\/ses-oliveres-port-de-soller.fra1.digitaloceanspaces.com\/wp-content\/uploads\/2025\/11\/24110909\/WhatsApp-Image-2025-11-14-at-11.05.04.jpeg\",\"width\":1784,\"height\":2048,\"caption\":\"Porci\u00f3n de tarta estilo La Vi\u00f1a en Ses Oliveres\"},{\"@type\":\"BreadcrumbList\",\"@id\":\"https:\/\/sesoliveresportdesoller.com\/ca\/2025\/11\/28\/tarta-estil-la-vina-a-ses-oliveres\/#breadcrumb\",\"itemListElement\":[{\"@type\":\"ListItem\",\"position\":1,\"name\":\"Portada\",\"item\":\"https:\/\/sesoliveresportdesoller.com\/ca\/inici\/\"},{\"@type\":\"ListItem\",\"position\":2,\"name\":\"Tarta estil La Vi\u00f1a, m\u00e9s que unes postres a Ses Oliveres\"}]},{\"@type\":\"WebSite\",\"@id\":\"https:\/\/sesoliveresportdesoller.com\/ca\/#website\",\"url\":\"https:\/\/sesoliveresportdesoller.com\/ca\/\",\"name\":\"Ses Oliveres Port de S\u00f3ller\",\"description\":\"Ses Oliveres es un restaurante especializado en arroces, pescados y mariscos, situado en primera l\u00ednea del Port de S\u00f3ller.  Se trata de un concepto de cocina con productos frescos y \u201cdel mar a la mesa\u201d. Disponen de una vitrina con pescado fresco diario. Seg\u00fan sus rese\u00f1as en Google y otras plataformas como Tripadvisor, destacan por su ubicaci\u00f3n excepcional y por la calidad de sus platos.\",\"publisher\":{\"@id\":\"https:\/\/sesoliveresportdesoller.com\/ca\/#organization\"},\"potentialAction\":[{\"@type\":\"SearchAction\",\"target\":{\"@type\":\"EntryPoint\",\"urlTemplate\":\"https:\/\/sesoliveresportdesoller.com\/ca\/?s={search_term_string}\"},\"query-input\":{\"@type\":\"PropertyValueSpecification\",\"valueRequired\":true,\"valueName\":\"search_term_string\"}}],\"inLanguage\":\"ca\"},{\"@type\":\"Organization\",\"@id\":\"https:\/\/sesoliveresportdesoller.com\/ca\/#organization\",\"name\":\"Ses Oliveres Port de S\u00f3ller\",\"url\":\"https:\/\/sesoliveresportdesoller.com\/ca\/\",\"logo\":{\"@type\":\"ImageObject\",\"inLanguage\":\"ca\",\"@id\":\"https:\/\/sesoliveresportdesoller.com\/ca\/#\/schema\/logo\/image\/\",\"url\":\"https:\/\/ses-oliveres-port-de-soller.fra1.digitaloceanspaces.com\/wp-content\/uploads\/2024\/06\/25123952\/logo.svg\",\"contentUrl\":\"https:\/\/ses-oliveres-port-de-soller.fra1.digitaloceanspaces.com\/wp-content\/uploads\/2024\/06\/25123952\/logo.svg\",\"width\":128,\"height\":55,\"caption\":\"Ses Oliveres Port de S\u00f3ller\"},\"image\":{\"@id\":\"https:\/\/sesoliveresportdesoller.com\/ca\/#\/schema\/logo\/image\/\"}},{\"@type\":\"Person\",\"@id\":\"https:\/\/sesoliveresportdesoller.com\/ca\/#\/schema\/person\/b5b7c42fb246e7a69985ce8133fca51e\",\"name\":\"Ses Oliveres\",\"image\":{\"@type\":\"ImageObject\",\"inLanguage\":\"ca\",\"@id\":\"https:\/\/sesoliveresportdesoller.com\/ca\/#\/schema\/person\/image\/\",\"url\":\"https:\/\/secure.gravatar.com\/avatar\/8090ef7ea57149f9049c2bb8b917c09dff08d3f14f396d4b00da77b3f23c5970?s=96&d=mm&r=g\",\"contentUrl\":\"https:\/\/secure.gravatar.com\/avatar\/8090ef7ea57149f9049c2bb8b917c09dff08d3f14f396d4b00da77b3f23c5970?s=96&d=mm&r=g\",\"caption\":\"Ses Oliveres\"},\"url\":\"https:\/\/sesoliveresportdesoller.com\/ca\/author\/sesoliveres\/\"}]}<\/script>\n<!-- \/ Yoast SEO plugin. -->","yoast_head_json":{"title":"Tarta estil La Vi\u00f1a, m\u00e9s que unes postres a Ses Oliveres - Ses Oliveres Port de S\u00f3ller","description":"A Ses Oliveres, hi ha plats que conquereixen a primera vista i d\u2019altres que ho fan al primer mos. La nostra tarta estil La Vi\u00f1a","robots":{"index":"index","follow":"follow","max-snippet":"max-snippet:-1","max-image-preview":"max-image-preview:large","max-video-preview":"max-video-preview:-1"},"canonical":"https:\/\/sesoliveresportdesoller.com\/ca\/2025\/11\/28\/tarta-estil-la-vina-a-ses-oliveres\/","og_locale":"ca_ES","og_type":"article","og_title":"Tarta estil La Vi\u00f1a, m\u00e9s que unes postres a Ses Oliveres - Ses Oliveres Port de S\u00f3ller","og_description":"A Ses Oliveres, hi ha plats que conquereixen a primera vista i d\u2019altres que ho fan al primer mos. La nostra tarta estil La Vi\u00f1a","og_url":"https:\/\/sesoliveresportdesoller.com\/ca\/2025\/11\/28\/tarta-estil-la-vina-a-ses-oliveres\/","og_site_name":"Ses Oliveres Port de S\u00f3ller","article_published_time":"2025-11-28T08:27:14+00:00","article_modified_time":"2025-11-28T08:27:15+00:00","og_image":[{"width":1784,"height":2048,"url":"https:\/\/ses-oliveres-port-de-soller.fra1.digitaloceanspaces.com\/wp-content\/uploads\/2025\/11\/24110909\/WhatsApp-Image-2025-11-14-at-11.05.04.jpeg","type":"image\/jpeg"}],"author":"Ses Oliveres","twitter_card":"summary_large_image","twitter_misc":{"Escrit per":"Ses Oliveres","Temps estimat de lectura":"3 minuts"},"schema":{"@context":"https:\/\/schema.org","@graph":[{"@type":"Article","@id":"https:\/\/sesoliveresportdesoller.com\/ca\/2025\/11\/28\/tarta-estil-la-vina-a-ses-oliveres\/#article","isPartOf":{"@id":"https:\/\/sesoliveresportdesoller.com\/ca\/2025\/11\/28\/tarta-estil-la-vina-a-ses-oliveres\/"},"author":{"name":"Ses Oliveres","@id":"https:\/\/sesoliveresportdesoller.com\/ca\/#\/schema\/person\/b5b7c42fb246e7a69985ce8133fca51e"},"headline":"Tarta estil La Vi\u00f1a, m\u00e9s que unes postres a Ses Oliveres","datePublished":"2025-11-28T08:27:14+00:00","dateModified":"2025-11-28T08:27:15+00:00","mainEntityOfPage":{"@id":"https:\/\/sesoliveresportdesoller.com\/ca\/2025\/11\/28\/tarta-estil-la-vina-a-ses-oliveres\/"},"wordCount":478,"commentCount":0,"publisher":{"@id":"https:\/\/sesoliveresportdesoller.com\/ca\/#organization"},"image":{"@id":"https:\/\/sesoliveresportdesoller.com\/ca\/2025\/11\/28\/tarta-estil-la-vina-a-ses-oliveres\/#primaryimage"},"thumbnailUrl":"https:\/\/ses-oliveres-port-de-soller.fra1.digitaloceanspaces.com\/wp-content\/uploads\/2025\/11\/24110909\/WhatsApp-Image-2025-11-14-at-11.05.04.jpeg","keywords":["dol\u00e7","postres","tartadeformatge","tartaestillavi\u00f1a"],"articleSection":["Sin categorizar"],"inLanguage":"ca","potentialAction":[{"@type":"CommentAction","name":"Comment","target":["https:\/\/sesoliveresportdesoller.com\/ca\/2025\/11\/28\/tarta-estil-la-vina-a-ses-oliveres\/#respond"]}]},{"@type":"WebPage","@id":"https:\/\/sesoliveresportdesoller.com\/ca\/2025\/11\/28\/tarta-estil-la-vina-a-ses-oliveres\/","url":"https:\/\/sesoliveresportdesoller.com\/ca\/2025\/11\/28\/tarta-estil-la-vina-a-ses-oliveres\/","name":"Tarta estil La Vi\u00f1a, m\u00e9s que unes postres a Ses Oliveres - Ses Oliveres Port de S\u00f3ller","isPartOf":{"@id":"https:\/\/sesoliveresportdesoller.com\/ca\/#website"},"primaryImageOfPage":{"@id":"https:\/\/sesoliveresportdesoller.com\/ca\/2025\/11\/28\/tarta-estil-la-vina-a-ses-oliveres\/#primaryimage"},"image":{"@id":"https:\/\/sesoliveresportdesoller.com\/ca\/2025\/11\/28\/tarta-estil-la-vina-a-ses-oliveres\/#primaryimage"},"thumbnailUrl":"https:\/\/ses-oliveres-port-de-soller.fra1.digitaloceanspaces.com\/wp-content\/uploads\/2025\/11\/24110909\/WhatsApp-Image-2025-11-14-at-11.05.04.jpeg","datePublished":"2025-11-28T08:27:14+00:00","dateModified":"2025-11-28T08:27:15+00:00","description":"A Ses Oliveres, hi ha plats que conquereixen a primera vista i d\u2019altres que ho fan al primer mos. La nostra tarta estil La Vi\u00f1a","breadcrumb":{"@id":"https:\/\/sesoliveresportdesoller.com\/ca\/2025\/11\/28\/tarta-estil-la-vina-a-ses-oliveres\/#breadcrumb"},"inLanguage":"ca","potentialAction":[{"@type":"ReadAction","target":["https:\/\/sesoliveresportdesoller.com\/ca\/2025\/11\/28\/tarta-estil-la-vina-a-ses-oliveres\/"]}]},{"@type":"ImageObject","inLanguage":"ca","@id":"https:\/\/sesoliveresportdesoller.com\/ca\/2025\/11\/28\/tarta-estil-la-vina-a-ses-oliveres\/#primaryimage","url":"https:\/\/ses-oliveres-port-de-soller.fra1.digitaloceanspaces.com\/wp-content\/uploads\/2025\/11\/24110909\/WhatsApp-Image-2025-11-14-at-11.05.04.jpeg","contentUrl":"https:\/\/ses-oliveres-port-de-soller.fra1.digitaloceanspaces.com\/wp-content\/uploads\/2025\/11\/24110909\/WhatsApp-Image-2025-11-14-at-11.05.04.jpeg","width":1784,"height":2048,"caption":"Porci\u00f3n de tarta estilo La Vi\u00f1a en Ses Oliveres"},{"@type":"BreadcrumbList","@id":"https:\/\/sesoliveresportdesoller.com\/ca\/2025\/11\/28\/tarta-estil-la-vina-a-ses-oliveres\/#breadcrumb","itemListElement":[{"@type":"ListItem","position":1,"name":"Portada","item":"https:\/\/sesoliveresportdesoller.com\/ca\/inici\/"},{"@type":"ListItem","position":2,"name":"Tarta estil La Vi\u00f1a, m\u00e9s que unes postres a Ses Oliveres"}]},{"@type":"WebSite","@id":"https:\/\/sesoliveresportdesoller.com\/ca\/#website","url":"https:\/\/sesoliveresportdesoller.com\/ca\/","name":"Ses Oliveres Port de S\u00f3ller","description":"Ses Oliveres es un restaurante especializado en arroces, pescados y mariscos, situado en primera l\u00ednea del Port de S\u00f3ller.  Se trata de un concepto de cocina con productos frescos y \u201cdel mar a la mesa\u201d. Disponen de una vitrina con pescado fresco diario. Seg\u00fan sus rese\u00f1as en Google y otras plataformas como Tripadvisor, destacan por su ubicaci\u00f3n excepcional y por la calidad de sus platos.","publisher":{"@id":"https:\/\/sesoliveresportdesoller.com\/ca\/#organization"},"potentialAction":[{"@type":"SearchAction","target":{"@type":"EntryPoint","urlTemplate":"https:\/\/sesoliveresportdesoller.com\/ca\/?s={search_term_string}"},"query-input":{"@type":"PropertyValueSpecification","valueRequired":true,"valueName":"search_term_string"}}],"inLanguage":"ca"},{"@type":"Organization","@id":"https:\/\/sesoliveresportdesoller.com\/ca\/#organization","name":"Ses Oliveres Port de S\u00f3ller","url":"https:\/\/sesoliveresportdesoller.com\/ca\/","logo":{"@type":"ImageObject","inLanguage":"ca","@id":"https:\/\/sesoliveresportdesoller.com\/ca\/#\/schema\/logo\/image\/","url":"https:\/\/ses-oliveres-port-de-soller.fra1.digitaloceanspaces.com\/wp-content\/uploads\/2024\/06\/25123952\/logo.svg","contentUrl":"https:\/\/ses-oliveres-port-de-soller.fra1.digitaloceanspaces.com\/wp-content\/uploads\/2024\/06\/25123952\/logo.svg","width":128,"height":55,"caption":"Ses Oliveres Port de S\u00f3ller"},"image":{"@id":"https:\/\/sesoliveresportdesoller.com\/ca\/#\/schema\/logo\/image\/"}},{"@type":"Person","@id":"https:\/\/sesoliveresportdesoller.com\/ca\/#\/schema\/person\/b5b7c42fb246e7a69985ce8133fca51e","name":"Ses Oliveres","image":{"@type":"ImageObject","inLanguage":"ca","@id":"https:\/\/sesoliveresportdesoller.com\/ca\/#\/schema\/person\/image\/","url":"https:\/\/secure.gravatar.com\/avatar\/8090ef7ea57149f9049c2bb8b917c09dff08d3f14f396d4b00da77b3f23c5970?s=96&d=mm&r=g","contentUrl":"https:\/\/secure.gravatar.com\/avatar\/8090ef7ea57149f9049c2bb8b917c09dff08d3f14f396d4b00da77b3f23c5970?s=96&d=mm&r=g","caption":"Ses Oliveres"},"url":"https:\/\/sesoliveresportdesoller.com\/ca\/author\/sesoliveres\/"}]}},"_links":{"self":[{"href":"https:\/\/sesoliveresportdesoller.com\/ca\/wp-json\/wp\/v2\/posts\/1721","targetHints":{"allow":["GET"]}}],"collection":[{"href":"https:\/\/sesoliveresportdesoller.com\/ca\/wp-json\/wp\/v2\/posts"}],"about":[{"href":"https:\/\/sesoliveresportdesoller.com\/ca\/wp-json\/wp\/v2\/types\/post"}],"author":[{"embeddable":true,"href":"https:\/\/sesoliveresportdesoller.com\/ca\/wp-json\/wp\/v2\/users\/3"}],"replies":[{"embeddable":true,"href":"https:\/\/sesoliveresportdesoller.com\/ca\/wp-json\/wp\/v2\/comments?post=1721"}],"version-history":[{"count":1,"href":"https:\/\/sesoliveresportdesoller.com\/ca\/wp-json\/wp\/v2\/posts\/1721\/revisions"}],"predecessor-version":[{"id":1722,"href":"https:\/\/sesoliveresportdesoller.com\/ca\/wp-json\/wp\/v2\/posts\/1721\/revisions\/1722"}],"wp:featuredmedia":[{"embeddable":true,"href":"https:\/\/sesoliveresportdesoller.com\/ca\/wp-json\/wp\/v2\/media\/1713"}],"wp:attachment":[{"href":"https:\/\/sesoliveresportdesoller.com\/ca\/wp-json\/wp\/v2\/media?parent=1721"}],"wp:term":[{"taxonomy":"category","embeddable":true,"href":"https:\/\/sesoliveresportdesoller.com\/ca\/wp-json\/wp\/v2\/categories?post=1721"},{"taxonomy":"post_tag","embeddable":true,"href":"https:\/\/sesoliveresportdesoller.com\/ca\/wp-json\/wp\/v2\/tags?post=1721"}],"curies":[{"name":"wp","href":"https:\/\/api.w.org\/{rel}","templated":true}]}}