{"id":1736,"date":"2025-12-04T14:23:07","date_gmt":"2025-12-04T13:23:07","guid":{"rendered":"https:\/\/sesoliveresportdesoller.com\/?p=1736"},"modified":"2025-12-04T14:23:09","modified_gmt":"2025-12-04T13:23:09","slug":"cap-roig-a-ses-oliveres-el-sabor-de-la-mediterranea","status":"publish","type":"post","link":"https:\/\/sesoliveresportdesoller.com\/ca\/2025\/12\/04\/cap-roig-a-ses-oliveres-el-sabor-de-la-mediterranea\/","title":{"rendered":"Cap roig fregit a Ses Oliveres: el sabor que defineix el Mediterrani m\u00e9s aut\u00e8ntic"},"content":{"rendered":"\n<p>Hi ha sabors que resumeixen un territori. A Ses Oliveres, un d\u2019ells \u00e9s el del <em>cap roig<\/em> fregit, tamb\u00e9 conegut com a <em>cabraix<\/em>, un peix de roca profundament lligat a la cuina marinera mallorquina. La seva pres\u00e8ncia a <a href=\"https:\/\/sesoliveresportdesoller.com\/ca\/2025\/05\/30\/de-la-mar-a-la-taula-ses-oliveres\/\">l\u2019expositor de peix del restaurant <\/a>\u2014<strong>un espai cuidat fins al darrer detall, on cada pe\u00e7a se selecciona segons la seva frescor<\/strong>, lluentor i origen\u2014 ja anuncia l\u2019experi\u00e8ncia que est\u00e0 per venir: una proposta gastron\u00f2mica aparentment senzilla, per\u00f2 que exigeix precisi\u00f3 i un respecte absolut pel producte.<\/p>\n\n\n\n<p>El <em>cap roig<\/em> \u00e9s un peix de carn ferma, extremadament saborosa i amb un punt de gelatina natural que el converteix en una aut\u00e8ntica del\u00edcia quan es fregeix correctament. A Ses Oliveres, la t\u00e8cnica \u00e9s clara: neteja impecable, talls precisos i una fritura que cerca l\u2019equilibri perfecte entre la textura cruixent i la sucul\u00e8ncia interior. No calen artificis; basta un cop exacte de temperatura i el toc final de sal perqu\u00e8 aflori tot el seu car\u00e0cter.<\/p>\n\n\n\n<figure class=\"wp-block-image size-large\"><img fetchpriority=\"high\" decoding=\"async\" width=\"1024\" height=\"576\" src=\"https:\/\/ses-oliveres-port-de-soller.fra1.digitaloceanspaces.com\/wp-content\/uploads\/2025\/12\/04141027\/WhatsApp-Image-2025-10-15-at-12.58.11-1024x576.jpeg\" alt=\"\" class=\"wp-image-1731\" srcset=\"https:\/\/ses-oliveres-port-de-soller.fra1.digitaloceanspaces.com\/wp-content\/uploads\/2025\/12\/04141027\/WhatsApp-Image-2025-10-15-at-12.58.11-1024x576.jpeg 1024w, https:\/\/ses-oliveres-port-de-soller.fra1.digitaloceanspaces.com\/wp-content\/uploads\/2025\/12\/04141027\/WhatsApp-Image-2025-10-15-at-12.58.11-300x169.jpeg 300w, https:\/\/ses-oliveres-port-de-soller.fra1.digitaloceanspaces.com\/wp-content\/uploads\/2025\/12\/04141027\/WhatsApp-Image-2025-10-15-at-12.58.11-768x432.jpeg 768w, https:\/\/ses-oliveres-port-de-soller.fra1.digitaloceanspaces.com\/wp-content\/uploads\/2025\/12\/04141027\/WhatsApp-Image-2025-10-15-at-12.58.11-1536x864.jpeg 1536w, https:\/\/ses-oliveres-port-de-soller.fra1.digitaloceanspaces.com\/wp-content\/uploads\/2025\/12\/04141027\/WhatsApp-Image-2025-10-15-at-12.58.11.jpeg 2048w\" sizes=\"(max-width: 1024px) 100vw, 1024px\" \/><\/figure>\n\n\n\n<h2 class=\"wp-block-heading\"><strong>Un plat que evoca records<\/strong><\/h2>\n\n\n\n<p>Els qui el demanen solen fer-ho atrets per la seva fama, per\u00f2 els qui repeteixen ho fan per la seva autenticitat. La pe\u00e7a surt daurada, arom\u00e0tica, amb aquell cruixit inicial que anticipa la tendresa de la carn. \u00c9s el tipus de plat que recorda les cuines familiars dels pobles costaners, per\u00f2 amb l\u2019execuci\u00f3 professional que distingeix <a href=\"https:\/\/sesoliveresportdesoller.com\/ca\/\">Ses Oliveres.<\/a><\/p>\n\n\n\n<p>A taula, el <em>cap roig<\/em> fregit demana companyia. L\u2019ideal \u00e9s maridar-lo amb una amanida fresca o una guarnici\u00f3 lleugera que no competeixi amb el seu sabor: patates panadera, verdures de temporada o fins i tot una simple llimona espremuda. Pel que fa al vi,<strong> un blanc mallorqu\u00ed amb bona acides<\/strong>a \u2014com un <em>premsal<\/em> o un <em>malvasia<\/em>\u2014 fa que el conjunt llueixi encara m\u00e9s.<\/p>\n\n\n\n<p>Gaudir-ne a la terrassa, amb la brisa del Port de S\u00f3ller i l\u2019anar i venir de les embarcacions, completa l\u2019experi\u00e8ncia. \u00c9s un plat que parla de proximitat, de mar obert i de tradici\u00f3 viva. I \u00e9s tamb\u00e9 una de les raons per les quals Ses Oliveres continua essent un referent per a qui cerca producte fresc cuinat amb honestedat i mestria.<\/p>\n\n\n\n<p>Si la mar tingu\u00e9s un sabor recognoscible, probablement seria aquest: el del <em>cap roig<\/em> fregit acabat de fer, <strong>servit amb estima i sense presses<\/strong>, com tot all\u00f2 que \u00e9s veritablement bo.<\/p>\n\n\n\n<p><\/p>\n","protected":false},"excerpt":{"rendered":"<p>Hi ha sabors que resumeixen un territori. A Ses Oliveres, un d\u2019ells \u00e9s el del cap roig fregit, tamb\u00e9 conegut com a cabraix, un peix de roca profundament lligat a la cuina marinera mallorquina. La seva pres\u00e8ncia a l\u2019expositor de peix del restaurant \u2014un espai cuidat fins al darrer detall, on cada pe\u00e7a se selecciona [&hellip;]<\/p>\n","protected":false},"author":3,"featured_media":1728,"comment_status":"open","ping_status":"open","sticky":false,"template":"","format":"standard","meta":{"footnotes":""},"categories":[1],"tags":[21,70,22,62],"class_list":["post-1736","post","type-post","status-publish","format-standard","has-post-thumbnail","hentry","category-sin-categorizar","tag-expositordepeix","tag-peix","tag-peixfresc","tag-suggeriments"],"yoast_head":"<!-- This site is optimized with the Yoast SEO plugin v26.5 - https:\/\/yoast.com\/wordpress\/plugins\/seo\/ -->\n<title>Cap roig fregit a Ses Oliveres, el sabor de la mediterr\u00e0nea<\/title>\n<meta name=\"description\" content=\"Hi ha sabors que resumeixen un territori. A Ses Oliveres, un d\u2019ells \u00e9s el del cap roig fregit, tamb\u00e9 conegut com a cabraix,\" \/>\n<meta name=\"robots\" content=\"index, follow, max-snippet:-1, max-image-preview:large, max-video-preview:-1\" \/>\n<link rel=\"canonical\" href=\"https:\/\/sesoliveresportdesoller.com\/ca\/2025\/12\/04\/cap-roig-a-ses-oliveres-el-sabor-de-la-mediterranea\/\" \/>\n<meta property=\"og:locale\" content=\"ca_ES\" \/>\n<meta property=\"og:type\" content=\"article\" \/>\n<meta property=\"og:title\" content=\"Cap roig fregit a Ses Oliveres, el sabor de la mediterr\u00e0nea\" \/>\n<meta property=\"og:description\" content=\"Hi ha sabors que resumeixen un territori. A Ses Oliveres, un d\u2019ells \u00e9s el del cap roig fregit, tamb\u00e9 conegut com a cabraix,\" \/>\n<meta property=\"og:url\" content=\"https:\/\/sesoliveresportdesoller.com\/ca\/2025\/12\/04\/cap-roig-a-ses-oliveres-el-sabor-de-la-mediterranea\/\" \/>\n<meta property=\"og:site_name\" content=\"Ses Oliveres Port de S\u00f3ller\" \/>\n<meta property=\"article:published_time\" content=\"2025-12-04T13:23:07+00:00\" \/>\n<meta property=\"article:modified_time\" content=\"2025-12-04T13:23:09+00:00\" \/>\n<meta property=\"og:image\" content=\"https:\/\/ses-oliveres-port-de-soller.fra1.digitaloceanspaces.com\/wp-content\/uploads\/2025\/12\/04140943\/WhatsApp-Image-2025-10-15-at-12.58.10.jpeg\" \/>\n\t<meta property=\"og:image:width\" content=\"2048\" \/>\n\t<meta property=\"og:image:height\" content=\"1152\" \/>\n\t<meta property=\"og:image:type\" content=\"image\/jpeg\" \/>\n<meta name=\"author\" content=\"Ses Oliveres\" \/>\n<meta name=\"twitter:card\" content=\"summary_large_image\" \/>\n<meta name=\"twitter:label1\" content=\"Escrit per\" \/>\n\t<meta name=\"twitter:data1\" content=\"Ses Oliveres\" \/>\n\t<meta name=\"twitter:label2\" content=\"Temps estimat de lectura\" \/>\n\t<meta name=\"twitter:data2\" content=\"3 minuts\" \/>\n<script type=\"application\/ld+json\" class=\"yoast-schema-graph\">{\"@context\":\"https:\/\/schema.org\",\"@graph\":[{\"@type\":\"Article\",\"@id\":\"https:\/\/sesoliveresportdesoller.com\/ca\/2025\/12\/04\/cap-roig-a-ses-oliveres-el-sabor-de-la-mediterranea\/#article\",\"isPartOf\":{\"@id\":\"https:\/\/sesoliveresportdesoller.com\/ca\/2025\/12\/04\/cap-roig-a-ses-oliveres-el-sabor-de-la-mediterranea\/\"},\"author\":{\"name\":\"Ses Oliveres\",\"@id\":\"https:\/\/sesoliveresportdesoller.com\/ca\/#\/schema\/person\/b5b7c42fb246e7a69985ce8133fca51e\"},\"headline\":\"Cap roig fregit a Ses Oliveres: el sabor que defineix el Mediterrani m\u00e9s aut\u00e8ntic\",\"datePublished\":\"2025-12-04T13:23:07+00:00\",\"dateModified\":\"2025-12-04T13:23:09+00:00\",\"mainEntityOfPage\":{\"@id\":\"https:\/\/sesoliveresportdesoller.com\/ca\/2025\/12\/04\/cap-roig-a-ses-oliveres-el-sabor-de-la-mediterranea\/\"},\"wordCount\":417,\"commentCount\":0,\"publisher\":{\"@id\":\"https:\/\/sesoliveresportdesoller.com\/ca\/#organization\"},\"image\":{\"@id\":\"https:\/\/sesoliveresportdesoller.com\/ca\/2025\/12\/04\/cap-roig-a-ses-oliveres-el-sabor-de-la-mediterranea\/#primaryimage\"},\"thumbnailUrl\":\"https:\/\/ses-oliveres-port-de-soller.fra1.digitaloceanspaces.com\/wp-content\/uploads\/2025\/12\/04140943\/WhatsApp-Image-2025-10-15-at-12.58.10.jpeg\",\"keywords\":[\"expositordepeix\",\"peix\",\"peixfresc\",\"suggeriments\"],\"articleSection\":[\"Sin categorizar\"],\"inLanguage\":\"ca\",\"potentialAction\":[{\"@type\":\"CommentAction\",\"name\":\"Comment\",\"target\":[\"https:\/\/sesoliveresportdesoller.com\/ca\/2025\/12\/04\/cap-roig-a-ses-oliveres-el-sabor-de-la-mediterranea\/#respond\"]}]},{\"@type\":\"WebPage\",\"@id\":\"https:\/\/sesoliveresportdesoller.com\/ca\/2025\/12\/04\/cap-roig-a-ses-oliveres-el-sabor-de-la-mediterranea\/\",\"url\":\"https:\/\/sesoliveresportdesoller.com\/ca\/2025\/12\/04\/cap-roig-a-ses-oliveres-el-sabor-de-la-mediterranea\/\",\"name\":\"Cap roig fregit a Ses Oliveres, el sabor de la mediterr\u00e0nea\",\"isPartOf\":{\"@id\":\"https:\/\/sesoliveresportdesoller.com\/ca\/#website\"},\"primaryImageOfPage\":{\"@id\":\"https:\/\/sesoliveresportdesoller.com\/ca\/2025\/12\/04\/cap-roig-a-ses-oliveres-el-sabor-de-la-mediterranea\/#primaryimage\"},\"image\":{\"@id\":\"https:\/\/sesoliveresportdesoller.com\/ca\/2025\/12\/04\/cap-roig-a-ses-oliveres-el-sabor-de-la-mediterranea\/#primaryimage\"},\"thumbnailUrl\":\"https:\/\/ses-oliveres-port-de-soller.fra1.digitaloceanspaces.com\/wp-content\/uploads\/2025\/12\/04140943\/WhatsApp-Image-2025-10-15-at-12.58.10.jpeg\",\"datePublished\":\"2025-12-04T13:23:07+00:00\",\"dateModified\":\"2025-12-04T13:23:09+00:00\",\"description\":\"Hi ha sabors que resumeixen un territori. A Ses Oliveres, un d\u2019ells \u00e9s el del cap roig fregit, tamb\u00e9 conegut com a cabraix,\",\"breadcrumb\":{\"@id\":\"https:\/\/sesoliveresportdesoller.com\/ca\/2025\/12\/04\/cap-roig-a-ses-oliveres-el-sabor-de-la-mediterranea\/#breadcrumb\"},\"inLanguage\":\"ca\",\"potentialAction\":[{\"@type\":\"ReadAction\",\"target\":[\"https:\/\/sesoliveresportdesoller.com\/ca\/2025\/12\/04\/cap-roig-a-ses-oliveres-el-sabor-de-la-mediterranea\/\"]}]},{\"@type\":\"ImageObject\",\"inLanguage\":\"ca\",\"@id\":\"https:\/\/sesoliveresportdesoller.com\/ca\/2025\/12\/04\/cap-roig-a-ses-oliveres-el-sabor-de-la-mediterranea\/#primaryimage\",\"url\":\"https:\/\/ses-oliveres-port-de-soller.fra1.digitaloceanspaces.com\/wp-content\/uploads\/2025\/12\/04140943\/WhatsApp-Image-2025-10-15-at-12.58.10.jpeg\",\"contentUrl\":\"https:\/\/ses-oliveres-port-de-soller.fra1.digitaloceanspaces.com\/wp-content\/uploads\/2025\/12\/04140943\/WhatsApp-Image-2025-10-15-at-12.58.10.jpeg\",\"width\":2048,\"height\":1152,\"caption\":\"Plato de cabracho frito\"},{\"@type\":\"BreadcrumbList\",\"@id\":\"https:\/\/sesoliveresportdesoller.com\/ca\/2025\/12\/04\/cap-roig-a-ses-oliveres-el-sabor-de-la-mediterranea\/#breadcrumb\",\"itemListElement\":[{\"@type\":\"ListItem\",\"position\":1,\"name\":\"Portada\",\"item\":\"https:\/\/sesoliveresportdesoller.com\/ca\/inici\/\"},{\"@type\":\"ListItem\",\"position\":2,\"name\":\"Cap roig fregit a Ses Oliveres: el sabor que defineix el Mediterrani m\u00e9s aut\u00e8ntic\"}]},{\"@type\":\"WebSite\",\"@id\":\"https:\/\/sesoliveresportdesoller.com\/ca\/#website\",\"url\":\"https:\/\/sesoliveresportdesoller.com\/ca\/\",\"name\":\"Ses Oliveres Port de S\u00f3ller\",\"description\":\"Ses Oliveres es un restaurante especializado en arroces, pescados y mariscos, situado en primera l\u00ednea del Port de S\u00f3ller.  Se trata de un concepto de cocina con productos frescos y \u201cdel mar a la mesa\u201d. Disponen de una vitrina con pescado fresco diario. Seg\u00fan sus rese\u00f1as en Google y otras plataformas como Tripadvisor, destacan por su ubicaci\u00f3n excepcional y por la calidad de sus platos.\",\"publisher\":{\"@id\":\"https:\/\/sesoliveresportdesoller.com\/ca\/#organization\"},\"potentialAction\":[{\"@type\":\"SearchAction\",\"target\":{\"@type\":\"EntryPoint\",\"urlTemplate\":\"https:\/\/sesoliveresportdesoller.com\/ca\/?s={search_term_string}\"},\"query-input\":{\"@type\":\"PropertyValueSpecification\",\"valueRequired\":true,\"valueName\":\"search_term_string\"}}],\"inLanguage\":\"ca\"},{\"@type\":\"Organization\",\"@id\":\"https:\/\/sesoliveresportdesoller.com\/ca\/#organization\",\"name\":\"Ses Oliveres Port de S\u00f3ller\",\"url\":\"https:\/\/sesoliveresportdesoller.com\/ca\/\",\"logo\":{\"@type\":\"ImageObject\",\"inLanguage\":\"ca\",\"@id\":\"https:\/\/sesoliveresportdesoller.com\/ca\/#\/schema\/logo\/image\/\",\"url\":\"https:\/\/ses-oliveres-port-de-soller.fra1.digitaloceanspaces.com\/wp-content\/uploads\/2024\/06\/25123952\/logo.svg\",\"contentUrl\":\"https:\/\/ses-oliveres-port-de-soller.fra1.digitaloceanspaces.com\/wp-content\/uploads\/2024\/06\/25123952\/logo.svg\",\"width\":128,\"height\":55,\"caption\":\"Ses Oliveres Port de S\u00f3ller\"},\"image\":{\"@id\":\"https:\/\/sesoliveresportdesoller.com\/ca\/#\/schema\/logo\/image\/\"}},{\"@type\":\"Person\",\"@id\":\"https:\/\/sesoliveresportdesoller.com\/ca\/#\/schema\/person\/b5b7c42fb246e7a69985ce8133fca51e\",\"name\":\"Ses Oliveres\",\"image\":{\"@type\":\"ImageObject\",\"inLanguage\":\"ca\",\"@id\":\"https:\/\/sesoliveresportdesoller.com\/ca\/#\/schema\/person\/image\/\",\"url\":\"https:\/\/secure.gravatar.com\/avatar\/8090ef7ea57149f9049c2bb8b917c09dff08d3f14f396d4b00da77b3f23c5970?s=96&d=mm&r=g\",\"contentUrl\":\"https:\/\/secure.gravatar.com\/avatar\/8090ef7ea57149f9049c2bb8b917c09dff08d3f14f396d4b00da77b3f23c5970?s=96&d=mm&r=g\",\"caption\":\"Ses Oliveres\"},\"url\":\"https:\/\/sesoliveresportdesoller.com\/ca\/author\/sesoliveres\/\"}]}<\/script>\n<!-- \/ Yoast SEO plugin. -->","yoast_head_json":{"title":"Cap roig fregit a Ses Oliveres, el sabor de la mediterr\u00e0nea","description":"Hi ha sabors que resumeixen un territori. A Ses Oliveres, un d\u2019ells \u00e9s el del cap roig fregit, tamb\u00e9 conegut com a cabraix,","robots":{"index":"index","follow":"follow","max-snippet":"max-snippet:-1","max-image-preview":"max-image-preview:large","max-video-preview":"max-video-preview:-1"},"canonical":"https:\/\/sesoliveresportdesoller.com\/ca\/2025\/12\/04\/cap-roig-a-ses-oliveres-el-sabor-de-la-mediterranea\/","og_locale":"ca_ES","og_type":"article","og_title":"Cap roig fregit a Ses Oliveres, el sabor de la mediterr\u00e0nea","og_description":"Hi ha sabors que resumeixen un territori. A Ses Oliveres, un d\u2019ells \u00e9s el del cap roig fregit, tamb\u00e9 conegut com a cabraix,","og_url":"https:\/\/sesoliveresportdesoller.com\/ca\/2025\/12\/04\/cap-roig-a-ses-oliveres-el-sabor-de-la-mediterranea\/","og_site_name":"Ses Oliveres Port de S\u00f3ller","article_published_time":"2025-12-04T13:23:07+00:00","article_modified_time":"2025-12-04T13:23:09+00:00","og_image":[{"width":2048,"height":1152,"url":"https:\/\/ses-oliveres-port-de-soller.fra1.digitaloceanspaces.com\/wp-content\/uploads\/2025\/12\/04140943\/WhatsApp-Image-2025-10-15-at-12.58.10.jpeg","type":"image\/jpeg"}],"author":"Ses Oliveres","twitter_card":"summary_large_image","twitter_misc":{"Escrit per":"Ses Oliveres","Temps estimat de lectura":"3 minuts"},"schema":{"@context":"https:\/\/schema.org","@graph":[{"@type":"Article","@id":"https:\/\/sesoliveresportdesoller.com\/ca\/2025\/12\/04\/cap-roig-a-ses-oliveres-el-sabor-de-la-mediterranea\/#article","isPartOf":{"@id":"https:\/\/sesoliveresportdesoller.com\/ca\/2025\/12\/04\/cap-roig-a-ses-oliveres-el-sabor-de-la-mediterranea\/"},"author":{"name":"Ses Oliveres","@id":"https:\/\/sesoliveresportdesoller.com\/ca\/#\/schema\/person\/b5b7c42fb246e7a69985ce8133fca51e"},"headline":"Cap roig fregit a Ses Oliveres: el sabor que defineix el Mediterrani m\u00e9s aut\u00e8ntic","datePublished":"2025-12-04T13:23:07+00:00","dateModified":"2025-12-04T13:23:09+00:00","mainEntityOfPage":{"@id":"https:\/\/sesoliveresportdesoller.com\/ca\/2025\/12\/04\/cap-roig-a-ses-oliveres-el-sabor-de-la-mediterranea\/"},"wordCount":417,"commentCount":0,"publisher":{"@id":"https:\/\/sesoliveresportdesoller.com\/ca\/#organization"},"image":{"@id":"https:\/\/sesoliveresportdesoller.com\/ca\/2025\/12\/04\/cap-roig-a-ses-oliveres-el-sabor-de-la-mediterranea\/#primaryimage"},"thumbnailUrl":"https:\/\/ses-oliveres-port-de-soller.fra1.digitaloceanspaces.com\/wp-content\/uploads\/2025\/12\/04140943\/WhatsApp-Image-2025-10-15-at-12.58.10.jpeg","keywords":["expositordepeix","peix","peixfresc","suggeriments"],"articleSection":["Sin categorizar"],"inLanguage":"ca","potentialAction":[{"@type":"CommentAction","name":"Comment","target":["https:\/\/sesoliveresportdesoller.com\/ca\/2025\/12\/04\/cap-roig-a-ses-oliveres-el-sabor-de-la-mediterranea\/#respond"]}]},{"@type":"WebPage","@id":"https:\/\/sesoliveresportdesoller.com\/ca\/2025\/12\/04\/cap-roig-a-ses-oliveres-el-sabor-de-la-mediterranea\/","url":"https:\/\/sesoliveresportdesoller.com\/ca\/2025\/12\/04\/cap-roig-a-ses-oliveres-el-sabor-de-la-mediterranea\/","name":"Cap roig fregit a Ses Oliveres, el sabor de la mediterr\u00e0nea","isPartOf":{"@id":"https:\/\/sesoliveresportdesoller.com\/ca\/#website"},"primaryImageOfPage":{"@id":"https:\/\/sesoliveresportdesoller.com\/ca\/2025\/12\/04\/cap-roig-a-ses-oliveres-el-sabor-de-la-mediterranea\/#primaryimage"},"image":{"@id":"https:\/\/sesoliveresportdesoller.com\/ca\/2025\/12\/04\/cap-roig-a-ses-oliveres-el-sabor-de-la-mediterranea\/#primaryimage"},"thumbnailUrl":"https:\/\/ses-oliveres-port-de-soller.fra1.digitaloceanspaces.com\/wp-content\/uploads\/2025\/12\/04140943\/WhatsApp-Image-2025-10-15-at-12.58.10.jpeg","datePublished":"2025-12-04T13:23:07+00:00","dateModified":"2025-12-04T13:23:09+00:00","description":"Hi ha sabors que resumeixen un territori. A Ses Oliveres, un d\u2019ells \u00e9s el del cap roig fregit, tamb\u00e9 conegut com a cabraix,","breadcrumb":{"@id":"https:\/\/sesoliveresportdesoller.com\/ca\/2025\/12\/04\/cap-roig-a-ses-oliveres-el-sabor-de-la-mediterranea\/#breadcrumb"},"inLanguage":"ca","potentialAction":[{"@type":"ReadAction","target":["https:\/\/sesoliveresportdesoller.com\/ca\/2025\/12\/04\/cap-roig-a-ses-oliveres-el-sabor-de-la-mediterranea\/"]}]},{"@type":"ImageObject","inLanguage":"ca","@id":"https:\/\/sesoliveresportdesoller.com\/ca\/2025\/12\/04\/cap-roig-a-ses-oliveres-el-sabor-de-la-mediterranea\/#primaryimage","url":"https:\/\/ses-oliveres-port-de-soller.fra1.digitaloceanspaces.com\/wp-content\/uploads\/2025\/12\/04140943\/WhatsApp-Image-2025-10-15-at-12.58.10.jpeg","contentUrl":"https:\/\/ses-oliveres-port-de-soller.fra1.digitaloceanspaces.com\/wp-content\/uploads\/2025\/12\/04140943\/WhatsApp-Image-2025-10-15-at-12.58.10.jpeg","width":2048,"height":1152,"caption":"Plato de cabracho frito"},{"@type":"BreadcrumbList","@id":"https:\/\/sesoliveresportdesoller.com\/ca\/2025\/12\/04\/cap-roig-a-ses-oliveres-el-sabor-de-la-mediterranea\/#breadcrumb","itemListElement":[{"@type":"ListItem","position":1,"name":"Portada","item":"https:\/\/sesoliveresportdesoller.com\/ca\/inici\/"},{"@type":"ListItem","position":2,"name":"Cap roig fregit a Ses Oliveres: el sabor que defineix el Mediterrani m\u00e9s aut\u00e8ntic"}]},{"@type":"WebSite","@id":"https:\/\/sesoliveresportdesoller.com\/ca\/#website","url":"https:\/\/sesoliveresportdesoller.com\/ca\/","name":"Ses Oliveres Port de S\u00f3ller","description":"Ses Oliveres es un restaurante especializado en arroces, pescados y mariscos, situado en primera l\u00ednea del Port de S\u00f3ller.  Se trata de un concepto de cocina con productos frescos y \u201cdel mar a la mesa\u201d. Disponen de una vitrina con pescado fresco diario. Seg\u00fan sus rese\u00f1as en Google y otras plataformas como Tripadvisor, destacan por su ubicaci\u00f3n excepcional y por la calidad de sus platos.","publisher":{"@id":"https:\/\/sesoliveresportdesoller.com\/ca\/#organization"},"potentialAction":[{"@type":"SearchAction","target":{"@type":"EntryPoint","urlTemplate":"https:\/\/sesoliveresportdesoller.com\/ca\/?s={search_term_string}"},"query-input":{"@type":"PropertyValueSpecification","valueRequired":true,"valueName":"search_term_string"}}],"inLanguage":"ca"},{"@type":"Organization","@id":"https:\/\/sesoliveresportdesoller.com\/ca\/#organization","name":"Ses Oliveres Port de S\u00f3ller","url":"https:\/\/sesoliveresportdesoller.com\/ca\/","logo":{"@type":"ImageObject","inLanguage":"ca","@id":"https:\/\/sesoliveresportdesoller.com\/ca\/#\/schema\/logo\/image\/","url":"https:\/\/ses-oliveres-port-de-soller.fra1.digitaloceanspaces.com\/wp-content\/uploads\/2024\/06\/25123952\/logo.svg","contentUrl":"https:\/\/ses-oliveres-port-de-soller.fra1.digitaloceanspaces.com\/wp-content\/uploads\/2024\/06\/25123952\/logo.svg","width":128,"height":55,"caption":"Ses Oliveres Port de S\u00f3ller"},"image":{"@id":"https:\/\/sesoliveresportdesoller.com\/ca\/#\/schema\/logo\/image\/"}},{"@type":"Person","@id":"https:\/\/sesoliveresportdesoller.com\/ca\/#\/schema\/person\/b5b7c42fb246e7a69985ce8133fca51e","name":"Ses Oliveres","image":{"@type":"ImageObject","inLanguage":"ca","@id":"https:\/\/sesoliveresportdesoller.com\/ca\/#\/schema\/person\/image\/","url":"https:\/\/secure.gravatar.com\/avatar\/8090ef7ea57149f9049c2bb8b917c09dff08d3f14f396d4b00da77b3f23c5970?s=96&d=mm&r=g","contentUrl":"https:\/\/secure.gravatar.com\/avatar\/8090ef7ea57149f9049c2bb8b917c09dff08d3f14f396d4b00da77b3f23c5970?s=96&d=mm&r=g","caption":"Ses Oliveres"},"url":"https:\/\/sesoliveresportdesoller.com\/ca\/author\/sesoliveres\/"}]}},"_links":{"self":[{"href":"https:\/\/sesoliveresportdesoller.com\/ca\/wp-json\/wp\/v2\/posts\/1736","targetHints":{"allow":["GET"]}}],"collection":[{"href":"https:\/\/sesoliveresportdesoller.com\/ca\/wp-json\/wp\/v2\/posts"}],"about":[{"href":"https:\/\/sesoliveresportdesoller.com\/ca\/wp-json\/wp\/v2\/types\/post"}],"author":[{"embeddable":true,"href":"https:\/\/sesoliveresportdesoller.com\/ca\/wp-json\/wp\/v2\/users\/3"}],"replies":[{"embeddable":true,"href":"https:\/\/sesoliveresportdesoller.com\/ca\/wp-json\/wp\/v2\/comments?post=1736"}],"version-history":[{"count":1,"href":"https:\/\/sesoliveresportdesoller.com\/ca\/wp-json\/wp\/v2\/posts\/1736\/revisions"}],"predecessor-version":[{"id":1737,"href":"https:\/\/sesoliveresportdesoller.com\/ca\/wp-json\/wp\/v2\/posts\/1736\/revisions\/1737"}],"wp:featuredmedia":[{"embeddable":true,"href":"https:\/\/sesoliveresportdesoller.com\/ca\/wp-json\/wp\/v2\/media\/1728"}],"wp:attachment":[{"href":"https:\/\/sesoliveresportdesoller.com\/ca\/wp-json\/wp\/v2\/media?parent=1736"}],"wp:term":[{"taxonomy":"category","embeddable":true,"href":"https:\/\/sesoliveresportdesoller.com\/ca\/wp-json\/wp\/v2\/categories?post=1736"},{"taxonomy":"post_tag","embeddable":true,"href":"https:\/\/sesoliveresportdesoller.com\/ca\/wp-json\/wp\/v2\/tags?post=1736"}],"curies":[{"name":"wp","href":"https:\/\/api.w.org\/{rel}","templated":true}]}}