{"id":1743,"date":"2025-12-15T09:49:28","date_gmt":"2025-12-15T08:49:28","guid":{"rendered":"https:\/\/sesoliveresportdesoller.com\/?p=1743"},"modified":"2025-12-15T09:49:30","modified_gmt":"2025-12-15T08:49:30","slug":"nadal-al-port-de-soller-calma-ses-oliveres","status":"publish","type":"post","link":"https:\/\/sesoliveresportdesoller.com\/ca\/2025\/12\/15\/nadal-al-port-de-soller-calma-ses-oliveres\/","title":{"rendered":"Nadal al Port de S\u00f3ller: tradici\u00f3, calma mediterr\u00e0nia i sabor aut\u00e8ntic a Ses Oliveres"},"content":{"rendered":"\n<p>El Nadal al <a href=\"https:\/\/trendesoller.com\/puerto-de-soller\">Port de S\u00f3ller<\/a> t\u00e9 un car\u00e0cter propi, \u00edntim i profundament lligat al territori. Aquest enclavament de la Serra de Tramuntana \u2014declarada Patrimoni Mundial per la UNESCO\u2014 ofereix al desembre un ambient ser\u00e8, t<strong>emperatures suaus per a l\u2019\u00e8poca i una vida local que mant\u00e9 intactes les seves costums<\/strong> m\u00e9s arrelades. Lluny dels grans nuclis urbans, aqu\u00ed el Nadal es viu a peu de mar, entre muntanyes i amb l\u2019olor de peix fresc que arriba des de la llotja.<\/p>\n\n\n\n<p>El port s\u2019il\u00b7lumina discretament amb llums de Nadal instal\u00b7lades per l\u2019Ajuntament de S\u00f3ller, i el passeig mar\u00edtim adquireix un ritme m\u00e9s pausat. Les barques descansen a la badia i la silueta del tramvia \u2014l\u2019hist\u00f2ric S\u00f3ller\u2013Port, en funcionament des de 1913\u2014 continua sent un dels elements m\u00e9s ic\u00f2nics d\u2019aquesta \u00e8poca de l\u2019any, especialment al capvespre, quan el sol s\u2019amaga darrere la Serra de Son Torrella i tenyeix d\u2019un taronja suau les aig\u00fces.<\/p>\n\n\n\n<p>Tot i que el desembre \u00e9s una temporada tranquil\u00b7la, el Port de S\u00f3ller <strong>mant\u00e9 activitat comercial i gastron\u00f2mica.<\/strong> Els mercats locals, com el Mercat Municipal de S\u00f3ller, ofereixen producte fresc d\u2019hivern: c\u00edtrics de la Vall \u2014les famoses taronges i llimones de S\u00f3ller\u2014, verdures de temporada i peix capturat per les embarcacions de la Confraria de Pescadors. La tradici\u00f3 marinera continua molt viva i es reflecteix no nom\u00e9s en el paisatge, sin\u00f3 tamb\u00e9 en l\u2019oferta culin\u00e0ria del port.<\/p>\n\n\n\n<p><strong>Ses Oliveres, al desembre<\/strong><\/p>\n\n\n\n<p><a href=\"https:\/\/sesoliveresportdesoller.com\/ca\/\">Ses Oliveres <\/a>\u00e9s un lloc ideal per dinar o sopar en els dies previs a les festes. El restaurant disposa d\u2019un expositor de peix fresc que mostra cada dia les peces seleccionades segons disponibilitat i captura. Aquest detall, a m\u00e9s de ser un senyal d\u2019identitat del local, permet al comensal triar directament el peix o marisc que desitja degustar, un aspecte especialment valorat per aquells que visiten el port a l\u2019hivern cercant sabors aut\u00e8ntics.<\/p>\n\n\n\n<p>Entre els plats que millor representen la cuina de Ses Oliveres durant aquestes dates destaquen les elaboracions amb peix del dia, <strong>els arrossos secs mariners <\/strong>i l<a href=\"https:\/\/sesoliveresportdesoller.com\/ca\/2025\/12\/04\/cap-roig-a-ses-oliveres-el-sabor-de-la-mediterranea\/\">es fregitures tradicionals,<\/a> sempre respectant l\u2019estacionalitat i la qualitat del producte. No existeix un men\u00fa nadalenc espec\u00edfic \u2014quelcom habitual als restaurants del port, ja que l\u2019oferta s\u2019adapta a la pesca i al mercat\u2014, per\u00f2 s\u00ed una coher\u00e8ncia absoluta amb la gastronomia local i la tradici\u00f3 mediterr\u00e0nia.<\/p>\n\n\n\n<p>El Nadal al Port de S\u00f3ller tamb\u00e9 convida a passejar. Des del moll, el cam\u00ed cap a Santa Catalina ofereix vistes privilegiades de la badia, i el far de Cap Gros es converteix en un dels escenaris m\u00e9s fotografiats de l\u2019hivern. Aquells que cerquen plans tranquils poden combinar aquests passejos amb un \u00e0pat davant la mar a Ses Oliveres, unint paisatge, cultura marinera i gastronomia de proximitat.<\/p>\n\n\n\n<p>En definitiva, el Nadal al Port de S\u00f3ller \u00e9s una celebraci\u00f3 serena, aut\u00e8ntica i profundament mediterr\u00e0nia. I en aquest ambient, Ses Oliveres esdev\u00e9 una elecci\u00f3 natural per gaudir del sabor real del port en una de les \u00e8poques m\u00e9s especials de l\u2019any.<\/p>\n","protected":false},"excerpt":{"rendered":"<p>El Nadal al Port de S\u00f3ller t\u00e9 un car\u00e0cter propi, \u00edntim i profundament lligat al territori. Aquest enclavament de la Serra de Tramuntana \u2014declarada Patrimoni Mundial per la UNESCO\u2014 ofereix al desembre un ambient ser\u00e8, temperatures suaus per a l\u2019\u00e8poca i una vida local que mant\u00e9 intactes les seves costums m\u00e9s arrelades. Lluny dels grans [&hellip;]<\/p>\n","protected":false},"author":3,"featured_media":1746,"comment_status":"open","ping_status":"open","sticky":false,"template":"","format":"standard","meta":{"footnotes":""},"categories":[1],"tags":[42,21,22,62],"class_list":["post-1743","post","type-post","status-publish","format-standard","has-post-thumbnail","hentry","category-sin-categorizar","tag-carnalabrasa","tag-expositordepeix","tag-peixfresc","tag-suggeriments"],"yoast_head":"<!-- This site is optimized with the Yoast SEO plugin v26.5 - https:\/\/yoast.com\/wordpress\/plugins\/seo\/ -->\n<title>Nadal al Port de S\u00f3ller, calma i tradici\u00f3 a Ses Oliveres<\/title>\n<meta name=\"description\" content=\"El Nadal al Port de S\u00f3ller t\u00e9 un car\u00e0cter propi, \u00edntim i profundament lligat al territori. Aquest enclavament\" \/>\n<meta name=\"robots\" content=\"index, follow, max-snippet:-1, max-image-preview:large, max-video-preview:-1\" \/>\n<link rel=\"canonical\" href=\"https:\/\/sesoliveresportdesoller.com\/ca\/2025\/12\/15\/nadal-al-port-de-soller-calma-ses-oliveres\/\" \/>\n<meta property=\"og:locale\" content=\"ca_ES\" \/>\n<meta property=\"og:type\" content=\"article\" \/>\n<meta property=\"og:title\" content=\"Nadal al Port de S\u00f3ller, calma i tradici\u00f3 a Ses Oliveres\" \/>\n<meta property=\"og:description\" content=\"El Nadal al Port de S\u00f3ller t\u00e9 un car\u00e0cter propi, \u00edntim i profundament lligat al territori. Aquest enclavament\" \/>\n<meta property=\"og:url\" content=\"https:\/\/sesoliveresportdesoller.com\/ca\/2025\/12\/15\/nadal-al-port-de-soller-calma-ses-oliveres\/\" \/>\n<meta property=\"og:site_name\" content=\"Ses Oliveres Port de S\u00f3ller\" \/>\n<meta property=\"article:published_time\" content=\"2025-12-15T08:49:28+00:00\" \/>\n<meta property=\"article:modified_time\" content=\"2025-12-15T08:49:30+00:00\" \/>\n<meta property=\"og:image\" content=\"https:\/\/ses-oliveres-port-de-soller.fra1.digitaloceanspaces.com\/wp-content\/uploads\/2025\/12\/15094747\/WhatsApp-Image-2025-12-12-at-12.21.58.jpeg\" \/>\n\t<meta property=\"og:image:width\" content=\"1536\" \/>\n\t<meta property=\"og:image:height\" content=\"1024\" \/>\n\t<meta property=\"og:image:type\" content=\"image\/jpeg\" \/>\n<meta name=\"author\" content=\"Ses Oliveres\" \/>\n<meta name=\"twitter:card\" content=\"summary_large_image\" \/>\n<meta name=\"twitter:label1\" content=\"Escrit per\" \/>\n\t<meta name=\"twitter:data1\" content=\"Ses Oliveres\" \/>\n\t<meta name=\"twitter:label2\" content=\"Temps estimat de lectura\" \/>\n\t<meta name=\"twitter:data2\" content=\"3 minuts\" \/>\n<script type=\"application\/ld+json\" class=\"yoast-schema-graph\">{\"@context\":\"https:\/\/schema.org\",\"@graph\":[{\"@type\":\"Article\",\"@id\":\"https:\/\/sesoliveresportdesoller.com\/ca\/2025\/12\/15\/nadal-al-port-de-soller-calma-ses-oliveres\/#article\",\"isPartOf\":{\"@id\":\"https:\/\/sesoliveresportdesoller.com\/ca\/2025\/12\/15\/nadal-al-port-de-soller-calma-ses-oliveres\/\"},\"author\":{\"name\":\"Ses Oliveres\",\"@id\":\"https:\/\/sesoliveresportdesoller.com\/ca\/#\/schema\/person\/b5b7c42fb246e7a69985ce8133fca51e\"},\"headline\":\"Nadal al Port de S\u00f3ller: tradici\u00f3, calma mediterr\u00e0nia i sabor aut\u00e8ntic a Ses Oliveres\",\"datePublished\":\"2025-12-15T08:49:28+00:00\",\"dateModified\":\"2025-12-15T08:49:30+00:00\",\"mainEntityOfPage\":{\"@id\":\"https:\/\/sesoliveresportdesoller.com\/ca\/2025\/12\/15\/nadal-al-port-de-soller-calma-ses-oliveres\/\"},\"wordCount\":555,\"commentCount\":0,\"publisher\":{\"@id\":\"https:\/\/sesoliveresportdesoller.com\/ca\/#organization\"},\"image\":{\"@id\":\"https:\/\/sesoliveresportdesoller.com\/ca\/2025\/12\/15\/nadal-al-port-de-soller-calma-ses-oliveres\/#primaryimage\"},\"thumbnailUrl\":\"https:\/\/ses-oliveres-port-de-soller.fra1.digitaloceanspaces.com\/wp-content\/uploads\/2025\/12\/15094747\/WhatsApp-Image-2025-12-12-at-12.21.58.jpeg\",\"keywords\":[\"carnalabrasa\",\"expositordepeix\",\"peixfresc\",\"suggeriments\"],\"articleSection\":[\"Sin categorizar\"],\"inLanguage\":\"ca\",\"potentialAction\":[{\"@type\":\"CommentAction\",\"name\":\"Comment\",\"target\":[\"https:\/\/sesoliveresportdesoller.com\/ca\/2025\/12\/15\/nadal-al-port-de-soller-calma-ses-oliveres\/#respond\"]}]},{\"@type\":\"WebPage\",\"@id\":\"https:\/\/sesoliveresportdesoller.com\/ca\/2025\/12\/15\/nadal-al-port-de-soller-calma-ses-oliveres\/\",\"url\":\"https:\/\/sesoliveresportdesoller.com\/ca\/2025\/12\/15\/nadal-al-port-de-soller-calma-ses-oliveres\/\",\"name\":\"Nadal al Port de S\u00f3ller, calma i tradici\u00f3 a Ses Oliveres\",\"isPartOf\":{\"@id\":\"https:\/\/sesoliveresportdesoller.com\/ca\/#website\"},\"primaryImageOfPage\":{\"@id\":\"https:\/\/sesoliveresportdesoller.com\/ca\/2025\/12\/15\/nadal-al-port-de-soller-calma-ses-oliveres\/#primaryimage\"},\"image\":{\"@id\":\"https:\/\/sesoliveresportdesoller.com\/ca\/2025\/12\/15\/nadal-al-port-de-soller-calma-ses-oliveres\/#primaryimage\"},\"thumbnailUrl\":\"https:\/\/ses-oliveres-port-de-soller.fra1.digitaloceanspaces.com\/wp-content\/uploads\/2025\/12\/15094747\/WhatsApp-Image-2025-12-12-at-12.21.58.jpeg\",\"datePublished\":\"2025-12-15T08:49:28+00:00\",\"dateModified\":\"2025-12-15T08:49:30+00:00\",\"description\":\"El Nadal al Port de S\u00f3ller t\u00e9 un car\u00e0cter propi, \u00edntim i profundament lligat al territori. Aquest enclavament\",\"breadcrumb\":{\"@id\":\"https:\/\/sesoliveresportdesoller.com\/ca\/2025\/12\/15\/nadal-al-port-de-soller-calma-ses-oliveres\/#breadcrumb\"},\"inLanguage\":\"ca\",\"potentialAction\":[{\"@type\":\"ReadAction\",\"target\":[\"https:\/\/sesoliveresportdesoller.com\/ca\/2025\/12\/15\/nadal-al-port-de-soller-calma-ses-oliveres\/\"]}]},{\"@type\":\"ImageObject\",\"inLanguage\":\"ca\",\"@id\":\"https:\/\/sesoliveresportdesoller.com\/ca\/2025\/12\/15\/nadal-al-port-de-soller-calma-ses-oliveres\/#primaryimage\",\"url\":\"https:\/\/ses-oliveres-port-de-soller.fra1.digitaloceanspaces.com\/wp-content\/uploads\/2025\/12\/15094747\/WhatsApp-Image-2025-12-12-at-12.21.58.jpeg\",\"contentUrl\":\"https:\/\/ses-oliveres-port-de-soller.fra1.digitaloceanspaces.com\/wp-content\/uploads\/2025\/12\/15094747\/WhatsApp-Image-2025-12-12-at-12.21.58.jpeg\",\"width\":1536,\"height\":1024,\"caption\":\"Navidad en el Puerto de S\u00f3ller\"},{\"@type\":\"BreadcrumbList\",\"@id\":\"https:\/\/sesoliveresportdesoller.com\/ca\/2025\/12\/15\/nadal-al-port-de-soller-calma-ses-oliveres\/#breadcrumb\",\"itemListElement\":[{\"@type\":\"ListItem\",\"position\":1,\"name\":\"Portada\",\"item\":\"https:\/\/sesoliveresportdesoller.com\/ca\/inici\/\"},{\"@type\":\"ListItem\",\"position\":2,\"name\":\"Nadal al Port de S\u00f3ller: tradici\u00f3, calma mediterr\u00e0nia i sabor aut\u00e8ntic a Ses Oliveres\"}]},{\"@type\":\"WebSite\",\"@id\":\"https:\/\/sesoliveresportdesoller.com\/ca\/#website\",\"url\":\"https:\/\/sesoliveresportdesoller.com\/ca\/\",\"name\":\"Ses Oliveres Port de S\u00f3ller\",\"description\":\"Ses Oliveres es un restaurante especializado en arroces, pescados y mariscos, situado en primera l\u00ednea del Port de S\u00f3ller.  Se trata de un concepto de cocina con productos frescos y \u201cdel mar a la mesa\u201d. Disponen de una vitrina con pescado fresco diario. Seg\u00fan sus rese\u00f1as en Google y otras plataformas como Tripadvisor, destacan por su ubicaci\u00f3n excepcional y por la calidad de sus platos.\",\"publisher\":{\"@id\":\"https:\/\/sesoliveresportdesoller.com\/ca\/#organization\"},\"potentialAction\":[{\"@type\":\"SearchAction\",\"target\":{\"@type\":\"EntryPoint\",\"urlTemplate\":\"https:\/\/sesoliveresportdesoller.com\/ca\/?s={search_term_string}\"},\"query-input\":{\"@type\":\"PropertyValueSpecification\",\"valueRequired\":true,\"valueName\":\"search_term_string\"}}],\"inLanguage\":\"ca\"},{\"@type\":\"Organization\",\"@id\":\"https:\/\/sesoliveresportdesoller.com\/ca\/#organization\",\"name\":\"Ses Oliveres Port de S\u00f3ller\",\"url\":\"https:\/\/sesoliveresportdesoller.com\/ca\/\",\"logo\":{\"@type\":\"ImageObject\",\"inLanguage\":\"ca\",\"@id\":\"https:\/\/sesoliveresportdesoller.com\/ca\/#\/schema\/logo\/image\/\",\"url\":\"https:\/\/ses-oliveres-port-de-soller.fra1.digitaloceanspaces.com\/wp-content\/uploads\/2024\/06\/25123952\/logo.svg\",\"contentUrl\":\"https:\/\/ses-oliveres-port-de-soller.fra1.digitaloceanspaces.com\/wp-content\/uploads\/2024\/06\/25123952\/logo.svg\",\"width\":128,\"height\":55,\"caption\":\"Ses Oliveres Port de S\u00f3ller\"},\"image\":{\"@id\":\"https:\/\/sesoliveresportdesoller.com\/ca\/#\/schema\/logo\/image\/\"}},{\"@type\":\"Person\",\"@id\":\"https:\/\/sesoliveresportdesoller.com\/ca\/#\/schema\/person\/b5b7c42fb246e7a69985ce8133fca51e\",\"name\":\"Ses Oliveres\",\"image\":{\"@type\":\"ImageObject\",\"inLanguage\":\"ca\",\"@id\":\"https:\/\/sesoliveresportdesoller.com\/ca\/#\/schema\/person\/image\/\",\"url\":\"https:\/\/secure.gravatar.com\/avatar\/8090ef7ea57149f9049c2bb8b917c09dff08d3f14f396d4b00da77b3f23c5970?s=96&d=mm&r=g\",\"contentUrl\":\"https:\/\/secure.gravatar.com\/avatar\/8090ef7ea57149f9049c2bb8b917c09dff08d3f14f396d4b00da77b3f23c5970?s=96&d=mm&r=g\",\"caption\":\"Ses Oliveres\"},\"url\":\"https:\/\/sesoliveresportdesoller.com\/ca\/author\/sesoliveres\/\"}]}<\/script>\n<!-- \/ Yoast SEO plugin. -->","yoast_head_json":{"title":"Nadal al Port de S\u00f3ller, calma i tradici\u00f3 a Ses Oliveres","description":"El Nadal al Port de S\u00f3ller t\u00e9 un car\u00e0cter propi, \u00edntim i profundament lligat al territori. Aquest enclavament","robots":{"index":"index","follow":"follow","max-snippet":"max-snippet:-1","max-image-preview":"max-image-preview:large","max-video-preview":"max-video-preview:-1"},"canonical":"https:\/\/sesoliveresportdesoller.com\/ca\/2025\/12\/15\/nadal-al-port-de-soller-calma-ses-oliveres\/","og_locale":"ca_ES","og_type":"article","og_title":"Nadal al Port de S\u00f3ller, calma i tradici\u00f3 a Ses Oliveres","og_description":"El Nadal al Port de S\u00f3ller t\u00e9 un car\u00e0cter propi, \u00edntim i profundament lligat al territori. Aquest enclavament","og_url":"https:\/\/sesoliveresportdesoller.com\/ca\/2025\/12\/15\/nadal-al-port-de-soller-calma-ses-oliveres\/","og_site_name":"Ses Oliveres Port de S\u00f3ller","article_published_time":"2025-12-15T08:49:28+00:00","article_modified_time":"2025-12-15T08:49:30+00:00","og_image":[{"width":1536,"height":1024,"url":"https:\/\/ses-oliveres-port-de-soller.fra1.digitaloceanspaces.com\/wp-content\/uploads\/2025\/12\/15094747\/WhatsApp-Image-2025-12-12-at-12.21.58.jpeg","type":"image\/jpeg"}],"author":"Ses Oliveres","twitter_card":"summary_large_image","twitter_misc":{"Escrit per":"Ses Oliveres","Temps estimat de lectura":"3 minuts"},"schema":{"@context":"https:\/\/schema.org","@graph":[{"@type":"Article","@id":"https:\/\/sesoliveresportdesoller.com\/ca\/2025\/12\/15\/nadal-al-port-de-soller-calma-ses-oliveres\/#article","isPartOf":{"@id":"https:\/\/sesoliveresportdesoller.com\/ca\/2025\/12\/15\/nadal-al-port-de-soller-calma-ses-oliveres\/"},"author":{"name":"Ses Oliveres","@id":"https:\/\/sesoliveresportdesoller.com\/ca\/#\/schema\/person\/b5b7c42fb246e7a69985ce8133fca51e"},"headline":"Nadal al Port de S\u00f3ller: tradici\u00f3, calma mediterr\u00e0nia i sabor aut\u00e8ntic a Ses Oliveres","datePublished":"2025-12-15T08:49:28+00:00","dateModified":"2025-12-15T08:49:30+00:00","mainEntityOfPage":{"@id":"https:\/\/sesoliveresportdesoller.com\/ca\/2025\/12\/15\/nadal-al-port-de-soller-calma-ses-oliveres\/"},"wordCount":555,"commentCount":0,"publisher":{"@id":"https:\/\/sesoliveresportdesoller.com\/ca\/#organization"},"image":{"@id":"https:\/\/sesoliveresportdesoller.com\/ca\/2025\/12\/15\/nadal-al-port-de-soller-calma-ses-oliveres\/#primaryimage"},"thumbnailUrl":"https:\/\/ses-oliveres-port-de-soller.fra1.digitaloceanspaces.com\/wp-content\/uploads\/2025\/12\/15094747\/WhatsApp-Image-2025-12-12-at-12.21.58.jpeg","keywords":["carnalabrasa","expositordepeix","peixfresc","suggeriments"],"articleSection":["Sin categorizar"],"inLanguage":"ca","potentialAction":[{"@type":"CommentAction","name":"Comment","target":["https:\/\/sesoliveresportdesoller.com\/ca\/2025\/12\/15\/nadal-al-port-de-soller-calma-ses-oliveres\/#respond"]}]},{"@type":"WebPage","@id":"https:\/\/sesoliveresportdesoller.com\/ca\/2025\/12\/15\/nadal-al-port-de-soller-calma-ses-oliveres\/","url":"https:\/\/sesoliveresportdesoller.com\/ca\/2025\/12\/15\/nadal-al-port-de-soller-calma-ses-oliveres\/","name":"Nadal al Port de S\u00f3ller, calma i tradici\u00f3 a Ses Oliveres","isPartOf":{"@id":"https:\/\/sesoliveresportdesoller.com\/ca\/#website"},"primaryImageOfPage":{"@id":"https:\/\/sesoliveresportdesoller.com\/ca\/2025\/12\/15\/nadal-al-port-de-soller-calma-ses-oliveres\/#primaryimage"},"image":{"@id":"https:\/\/sesoliveresportdesoller.com\/ca\/2025\/12\/15\/nadal-al-port-de-soller-calma-ses-oliveres\/#primaryimage"},"thumbnailUrl":"https:\/\/ses-oliveres-port-de-soller.fra1.digitaloceanspaces.com\/wp-content\/uploads\/2025\/12\/15094747\/WhatsApp-Image-2025-12-12-at-12.21.58.jpeg","datePublished":"2025-12-15T08:49:28+00:00","dateModified":"2025-12-15T08:49:30+00:00","description":"El Nadal al Port de S\u00f3ller t\u00e9 un car\u00e0cter propi, \u00edntim i profundament lligat al territori. Aquest enclavament","breadcrumb":{"@id":"https:\/\/sesoliveresportdesoller.com\/ca\/2025\/12\/15\/nadal-al-port-de-soller-calma-ses-oliveres\/#breadcrumb"},"inLanguage":"ca","potentialAction":[{"@type":"ReadAction","target":["https:\/\/sesoliveresportdesoller.com\/ca\/2025\/12\/15\/nadal-al-port-de-soller-calma-ses-oliveres\/"]}]},{"@type":"ImageObject","inLanguage":"ca","@id":"https:\/\/sesoliveresportdesoller.com\/ca\/2025\/12\/15\/nadal-al-port-de-soller-calma-ses-oliveres\/#primaryimage","url":"https:\/\/ses-oliveres-port-de-soller.fra1.digitaloceanspaces.com\/wp-content\/uploads\/2025\/12\/15094747\/WhatsApp-Image-2025-12-12-at-12.21.58.jpeg","contentUrl":"https:\/\/ses-oliveres-port-de-soller.fra1.digitaloceanspaces.com\/wp-content\/uploads\/2025\/12\/15094747\/WhatsApp-Image-2025-12-12-at-12.21.58.jpeg","width":1536,"height":1024,"caption":"Navidad en el Puerto de S\u00f3ller"},{"@type":"BreadcrumbList","@id":"https:\/\/sesoliveresportdesoller.com\/ca\/2025\/12\/15\/nadal-al-port-de-soller-calma-ses-oliveres\/#breadcrumb","itemListElement":[{"@type":"ListItem","position":1,"name":"Portada","item":"https:\/\/sesoliveresportdesoller.com\/ca\/inici\/"},{"@type":"ListItem","position":2,"name":"Nadal al Port de S\u00f3ller: tradici\u00f3, calma mediterr\u00e0nia i sabor aut\u00e8ntic a Ses Oliveres"}]},{"@type":"WebSite","@id":"https:\/\/sesoliveresportdesoller.com\/ca\/#website","url":"https:\/\/sesoliveresportdesoller.com\/ca\/","name":"Ses Oliveres Port de S\u00f3ller","description":"Ses Oliveres es un restaurante especializado en arroces, pescados y mariscos, situado en primera l\u00ednea del Port de S\u00f3ller.  Se trata de un concepto de cocina con productos frescos y \u201cdel mar a la mesa\u201d. Disponen de una vitrina con pescado fresco diario. Seg\u00fan sus rese\u00f1as en Google y otras plataformas como Tripadvisor, destacan por su ubicaci\u00f3n excepcional y por la calidad de sus platos.","publisher":{"@id":"https:\/\/sesoliveresportdesoller.com\/ca\/#organization"},"potentialAction":[{"@type":"SearchAction","target":{"@type":"EntryPoint","urlTemplate":"https:\/\/sesoliveresportdesoller.com\/ca\/?s={search_term_string}"},"query-input":{"@type":"PropertyValueSpecification","valueRequired":true,"valueName":"search_term_string"}}],"inLanguage":"ca"},{"@type":"Organization","@id":"https:\/\/sesoliveresportdesoller.com\/ca\/#organization","name":"Ses Oliveres Port de S\u00f3ller","url":"https:\/\/sesoliveresportdesoller.com\/ca\/","logo":{"@type":"ImageObject","inLanguage":"ca","@id":"https:\/\/sesoliveresportdesoller.com\/ca\/#\/schema\/logo\/image\/","url":"https:\/\/ses-oliveres-port-de-soller.fra1.digitaloceanspaces.com\/wp-content\/uploads\/2024\/06\/25123952\/logo.svg","contentUrl":"https:\/\/ses-oliveres-port-de-soller.fra1.digitaloceanspaces.com\/wp-content\/uploads\/2024\/06\/25123952\/logo.svg","width":128,"height":55,"caption":"Ses Oliveres Port de S\u00f3ller"},"image":{"@id":"https:\/\/sesoliveresportdesoller.com\/ca\/#\/schema\/logo\/image\/"}},{"@type":"Person","@id":"https:\/\/sesoliveresportdesoller.com\/ca\/#\/schema\/person\/b5b7c42fb246e7a69985ce8133fca51e","name":"Ses Oliveres","image":{"@type":"ImageObject","inLanguage":"ca","@id":"https:\/\/sesoliveresportdesoller.com\/ca\/#\/schema\/person\/image\/","url":"https:\/\/secure.gravatar.com\/avatar\/8090ef7ea57149f9049c2bb8b917c09dff08d3f14f396d4b00da77b3f23c5970?s=96&d=mm&r=g","contentUrl":"https:\/\/secure.gravatar.com\/avatar\/8090ef7ea57149f9049c2bb8b917c09dff08d3f14f396d4b00da77b3f23c5970?s=96&d=mm&r=g","caption":"Ses Oliveres"},"url":"https:\/\/sesoliveresportdesoller.com\/ca\/author\/sesoliveres\/"}]}},"_links":{"self":[{"href":"https:\/\/sesoliveresportdesoller.com\/ca\/wp-json\/wp\/v2\/posts\/1743","targetHints":{"allow":["GET"]}}],"collection":[{"href":"https:\/\/sesoliveresportdesoller.com\/ca\/wp-json\/wp\/v2\/posts"}],"about":[{"href":"https:\/\/sesoliveresportdesoller.com\/ca\/wp-json\/wp\/v2\/types\/post"}],"author":[{"embeddable":true,"href":"https:\/\/sesoliveresportdesoller.com\/ca\/wp-json\/wp\/v2\/users\/3"}],"replies":[{"embeddable":true,"href":"https:\/\/sesoliveresportdesoller.com\/ca\/wp-json\/wp\/v2\/comments?post=1743"}],"version-history":[{"count":1,"href":"https:\/\/sesoliveresportdesoller.com\/ca\/wp-json\/wp\/v2\/posts\/1743\/revisions"}],"predecessor-version":[{"id":1744,"href":"https:\/\/sesoliveresportdesoller.com\/ca\/wp-json\/wp\/v2\/posts\/1743\/revisions\/1744"}],"wp:featuredmedia":[{"embeddable":true,"href":"https:\/\/sesoliveresportdesoller.com\/ca\/wp-json\/wp\/v2\/media\/1746"}],"wp:attachment":[{"href":"https:\/\/sesoliveresportdesoller.com\/ca\/wp-json\/wp\/v2\/media?parent=1743"}],"wp:term":[{"taxonomy":"category","embeddable":true,"href":"https:\/\/sesoliveresportdesoller.com\/ca\/wp-json\/wp\/v2\/categories?post=1743"},{"taxonomy":"post_tag","embeddable":true,"href":"https:\/\/sesoliveresportdesoller.com\/ca\/wp-json\/wp\/v2\/tags?post=1743"}],"curies":[{"name":"wp","href":"https:\/\/api.w.org\/{rel}","templated":true}]}}