{"id":1757,"date":"2025-12-22T13:38:53","date_gmt":"2025-12-22T12:38:53","guid":{"rendered":"https:\/\/sesoliveresportdesoller.com\/?p=1757"},"modified":"2025-12-22T13:38:54","modified_gmt":"2025-12-22T12:38:54","slug":"gambes-amb-all-sabor-i-producte-a-ses-oliveres","status":"publish","type":"post","link":"https:\/\/sesoliveresportdesoller.com\/ca\/2025\/12\/22\/gambes-amb-all-sabor-i-producte-a-ses-oliveres\/","title":{"rendered":"Gambes amb all, sabor i producte a Ses Oliveres"},"content":{"rendered":"\n<p>\u00abAll cru i vi pur, passen el port segur.\u00bb<\/p>\n\n\n\n<p>Un refrany popular que encaixa a la perfecci\u00f3 amb un dels plats m\u00e9s recognoscibles de la cuina mediterr\u00e0nia i amb una de les elaboracions m\u00e9s honestes de <strong>Ses Oliveres<\/strong>: les gambes amb all.<\/p>\n\n\n\n<p><a href=\"https:\/\/sesoliveresportdesoller.com\">A la cuina de Ses Oliveres<\/a>, situada davant la mar al Port de S\u00f3ller, aquest plat s\u2019elabora des del respecte absolut pel producte i per la tradici\u00f3. <strong>No hi ha reinterpretacions innecess\u00e0ries <\/strong>ni ornaments superflus. Gambes fresques, all, oli d\u2019oliva i julivert. Res m\u00e9s. La clau \u00e9s la selecci\u00f3 del g\u00e8nere i el punt exacte de cocci\u00f3, aquell instant prec\u00eds en qu\u00e8 la gamba mant\u00e9 la textura ferma i sucosa sense perdre la seva dol\u00e7or natural.<\/p>\n\n\n\n<p>Des del punt de vista nutricional, <strong>la gamba \u00e9s un aliment especialment interessant.<\/strong> Aporta prote\u00efnes d\u2019alt valor biol\u00f2gic, \u00e9s baixa en greixos i cont\u00e9 minerals essencials com el iode, el f\u00f2sfor i el seleni, fonamentals per al metabolisme energ\u00e8tic i el bon funcionament del sistema immunitari. Tamb\u00e9 \u00e9s rica en vitamina B12, imprescindible per al sistema nervi\u00f3s i la formaci\u00f3 de gl\u00f2buls vermells.<\/p>\n\n\n\n<h3 class=\"wp-block-heading\">L\u2019all, molt m\u00e9s que un condiment<\/h3>\n\n\n\n<p>L\u2019all, protagonista silenci\u00f3s del plat, es treballa amb cura perqu\u00e8 perfumi l\u2019oli sense cremar-se. M\u00e9s enll\u00e0 de la seva pot\u00e8ncia arom\u00e0tica, destaca per les seves propietats antioxidants i antiinflamat\u00f2ries, aix\u00ed com pel seu paper tradicional en la salut cardiovascular gr\u00e0cies als seus compostos sulfurats naturals.<\/p>\n\n\n\n<p>El julivert fresc, afegit al final, aporta equilibri, color i frescor. \u00c9s una herba rica en vitamina C i vitamina K, amb efectes antioxidants i digestius. La seva funci\u00f3 no \u00e9s decorativa: neteja el paladar i arrodoneix el conjunt.<\/p>\n\n\n\n<p><strong>Servides en cassola, amb l\u2019oli encara calent<\/strong> i l\u2019aroma envoltant la taula, les gambes amb all de Ses Oliveres conviden a gaudir sense presses. S\u00f3n un plat pensat per compartir, per sucar pa i per acompanyar amb un vi blanc ben fred, mirant el port i deixant que el temps passi m\u00e9s a poc a poc.<\/p>\n\n\n\n<p>Una recepta aparentment senzilla, per\u00f2 que demostra que la bona cuina no necessita discursos complexos: <a href=\"https:\/\/sesoliveresportdesoller.com\/ca\/2025\/10\/24\/de-la-gamba-roja-al-llamantol-els-reis-de-la-mar-a-ses-oliveres\/\">nom\u00e9s producte fresc<\/a>, t\u00e8cnica precisa i respecte pel que \u00e9s essencial.<\/p>\n\n\n\n<p><\/p>\n","protected":false},"excerpt":{"rendered":"<p>\u00abAll cru i vi pur, passen el port segur.\u00bb Un refrany popular que encaixa a la perfecci\u00f3 amb un dels plats m\u00e9s recognoscibles de la cuina mediterr\u00e0nia i amb una de les elaboracions m\u00e9s honestes de Ses Oliveres: les gambes amb all. A la cuina de Ses Oliveres, situada davant la mar al Port de [&hellip;]<\/p>\n","protected":false},"author":3,"featured_media":1750,"comment_status":"open","ping_status":"open","sticky":false,"template":"","format":"standard","meta":{"footnotes":""},"categories":[1],"tags":[21,62],"class_list":["post-1757","post","type-post","status-publish","format-standard","has-post-thumbnail","hentry","category-sin-categorizar","tag-expositordepeix","tag-suggeriments"],"yoast_head":"<!-- This site is optimized with the Yoast SEO plugin v26.5 - https:\/\/yoast.com\/wordpress\/plugins\/seo\/ -->\n<title>Gambes amb all, sabor i producte a Ses Oliveres<\/title>\n<meta name=\"description\" content=\"Un refrany popular que encaixa a la perfecci\u00f3 amb un dels plats m\u00e9s recognoscibles de la cuina mediterr\u00e0nia i amb una de les elaboracions\" \/>\n<meta name=\"robots\" content=\"index, follow, max-snippet:-1, max-image-preview:large, max-video-preview:-1\" \/>\n<link rel=\"canonical\" href=\"https:\/\/sesoliveresportdesoller.com\/ca\/2025\/12\/22\/gambes-amb-all-sabor-i-producte-a-ses-oliveres\/\" \/>\n<meta property=\"og:locale\" content=\"ca_ES\" \/>\n<meta property=\"og:type\" content=\"article\" \/>\n<meta property=\"og:title\" content=\"Gambes amb all, sabor i producte a Ses Oliveres\" \/>\n<meta property=\"og:description\" content=\"Un refrany popular que encaixa a la perfecci\u00f3 amb un dels plats m\u00e9s recognoscibles de la cuina mediterr\u00e0nia i amb una de les elaboracions\" \/>\n<meta property=\"og:url\" content=\"https:\/\/sesoliveresportdesoller.com\/ca\/2025\/12\/22\/gambes-amb-all-sabor-i-producte-a-ses-oliveres\/\" \/>\n<meta property=\"og:site_name\" content=\"Ses Oliveres Port de S\u00f3ller\" \/>\n<meta property=\"article:published_time\" content=\"2025-12-22T12:38:53+00:00\" \/>\n<meta property=\"article:modified_time\" content=\"2025-12-22T12:38:54+00:00\" \/>\n<meta property=\"og:image\" content=\"https:\/\/ses-oliveres-port-de-soller.fra1.digitaloceanspaces.com\/wp-content\/uploads\/2025\/12\/22132516\/WhatsApp-Image-2025-12-15-at-13.25.20.jpeg\" \/>\n\t<meta property=\"og:image:width\" content=\"2048\" \/>\n\t<meta property=\"og:image:height\" content=\"1152\" \/>\n\t<meta property=\"og:image:type\" content=\"image\/jpeg\" \/>\n<meta name=\"author\" content=\"Ses Oliveres\" \/>\n<meta name=\"twitter:card\" content=\"summary_large_image\" \/>\n<meta name=\"twitter:label1\" content=\"Escrit per\" \/>\n\t<meta name=\"twitter:data1\" content=\"Ses Oliveres\" \/>\n\t<meta name=\"twitter:label2\" content=\"Temps estimat de lectura\" \/>\n\t<meta name=\"twitter:data2\" content=\"2 minuts\" \/>\n<script type=\"application\/ld+json\" class=\"yoast-schema-graph\">{\"@context\":\"https:\/\/schema.org\",\"@graph\":[{\"@type\":\"Article\",\"@id\":\"https:\/\/sesoliveresportdesoller.com\/ca\/2025\/12\/22\/gambes-amb-all-sabor-i-producte-a-ses-oliveres\/#article\",\"isPartOf\":{\"@id\":\"https:\/\/sesoliveresportdesoller.com\/ca\/2025\/12\/22\/gambes-amb-all-sabor-i-producte-a-ses-oliveres\/\"},\"author\":{\"name\":\"Ses Oliveres\",\"@id\":\"https:\/\/sesoliveresportdesoller.com\/ca\/#\/schema\/person\/b5b7c42fb246e7a69985ce8133fca51e\"},\"headline\":\"Gambes amb all, sabor i producte a Ses Oliveres\",\"datePublished\":\"2025-12-22T12:38:53+00:00\",\"dateModified\":\"2025-12-22T12:38:54+00:00\",\"mainEntityOfPage\":{\"@id\":\"https:\/\/sesoliveresportdesoller.com\/ca\/2025\/12\/22\/gambes-amb-all-sabor-i-producte-a-ses-oliveres\/\"},\"wordCount\":396,\"commentCount\":0,\"publisher\":{\"@id\":\"https:\/\/sesoliveresportdesoller.com\/ca\/#organization\"},\"image\":{\"@id\":\"https:\/\/sesoliveresportdesoller.com\/ca\/2025\/12\/22\/gambes-amb-all-sabor-i-producte-a-ses-oliveres\/#primaryimage\"},\"thumbnailUrl\":\"https:\/\/ses-oliveres-port-de-soller.fra1.digitaloceanspaces.com\/wp-content\/uploads\/2025\/12\/22132516\/WhatsApp-Image-2025-12-15-at-13.25.20.jpeg\",\"keywords\":[\"expositordepeix\",\"suggeriments\"],\"articleSection\":[\"Sin categorizar\"],\"inLanguage\":\"ca\",\"potentialAction\":[{\"@type\":\"CommentAction\",\"name\":\"Comment\",\"target\":[\"https:\/\/sesoliveresportdesoller.com\/ca\/2025\/12\/22\/gambes-amb-all-sabor-i-producte-a-ses-oliveres\/#respond\"]}]},{\"@type\":\"WebPage\",\"@id\":\"https:\/\/sesoliveresportdesoller.com\/ca\/2025\/12\/22\/gambes-amb-all-sabor-i-producte-a-ses-oliveres\/\",\"url\":\"https:\/\/sesoliveresportdesoller.com\/ca\/2025\/12\/22\/gambes-amb-all-sabor-i-producte-a-ses-oliveres\/\",\"name\":\"Gambes amb all, sabor i producte a Ses Oliveres\",\"isPartOf\":{\"@id\":\"https:\/\/sesoliveresportdesoller.com\/ca\/#website\"},\"primaryImageOfPage\":{\"@id\":\"https:\/\/sesoliveresportdesoller.com\/ca\/2025\/12\/22\/gambes-amb-all-sabor-i-producte-a-ses-oliveres\/#primaryimage\"},\"image\":{\"@id\":\"https:\/\/sesoliveresportdesoller.com\/ca\/2025\/12\/22\/gambes-amb-all-sabor-i-producte-a-ses-oliveres\/#primaryimage\"},\"thumbnailUrl\":\"https:\/\/ses-oliveres-port-de-soller.fra1.digitaloceanspaces.com\/wp-content\/uploads\/2025\/12\/22132516\/WhatsApp-Image-2025-12-15-at-13.25.20.jpeg\",\"datePublished\":\"2025-12-22T12:38:53+00:00\",\"dateModified\":\"2025-12-22T12:38:54+00:00\",\"description\":\"Un refrany popular que encaixa a la perfecci\u00f3 amb un dels plats m\u00e9s recognoscibles de la cuina mediterr\u00e0nia i amb una de les elaboracions\",\"breadcrumb\":{\"@id\":\"https:\/\/sesoliveresportdesoller.com\/ca\/2025\/12\/22\/gambes-amb-all-sabor-i-producte-a-ses-oliveres\/#breadcrumb\"},\"inLanguage\":\"ca\",\"potentialAction\":[{\"@type\":\"ReadAction\",\"target\":[\"https:\/\/sesoliveresportdesoller.com\/ca\/2025\/12\/22\/gambes-amb-all-sabor-i-producte-a-ses-oliveres\/\"]}]},{\"@type\":\"ImageObject\",\"inLanguage\":\"ca\",\"@id\":\"https:\/\/sesoliveresportdesoller.com\/ca\/2025\/12\/22\/gambes-amb-all-sabor-i-producte-a-ses-oliveres\/#primaryimage\",\"url\":\"https:\/\/ses-oliveres-port-de-soller.fra1.digitaloceanspaces.com\/wp-content\/uploads\/2025\/12\/22132516\/WhatsApp-Image-2025-12-15-at-13.25.20.jpeg\",\"contentUrl\":\"https:\/\/ses-oliveres-port-de-soller.fra1.digitaloceanspaces.com\/wp-content\/uploads\/2025\/12\/22132516\/WhatsApp-Image-2025-12-15-at-13.25.20.jpeg\",\"width\":2048,\"height\":1152,\"caption\":\"Cazuela de gambas al ajillo espolvoreadas con perejil\"},{\"@type\":\"BreadcrumbList\",\"@id\":\"https:\/\/sesoliveresportdesoller.com\/ca\/2025\/12\/22\/gambes-amb-all-sabor-i-producte-a-ses-oliveres\/#breadcrumb\",\"itemListElement\":[{\"@type\":\"ListItem\",\"position\":1,\"name\":\"Portada\",\"item\":\"https:\/\/sesoliveresportdesoller.com\/ca\/inici\/\"},{\"@type\":\"ListItem\",\"position\":2,\"name\":\"Gambes amb all, sabor i producte a Ses Oliveres\"}]},{\"@type\":\"WebSite\",\"@id\":\"https:\/\/sesoliveresportdesoller.com\/ca\/#website\",\"url\":\"https:\/\/sesoliveresportdesoller.com\/ca\/\",\"name\":\"Ses Oliveres Port de S\u00f3ller\",\"description\":\"Ses Oliveres es un restaurante especializado en arroces, pescados y mariscos, situado en primera l\u00ednea del Port de S\u00f3ller.  Se trata de un concepto de cocina con productos frescos y \u201cdel mar a la mesa\u201d. Disponen de una vitrina con pescado fresco diario. Seg\u00fan sus rese\u00f1as en Google y otras plataformas como Tripadvisor, destacan por su ubicaci\u00f3n excepcional y por la calidad de sus platos.\",\"publisher\":{\"@id\":\"https:\/\/sesoliveresportdesoller.com\/ca\/#organization\"},\"potentialAction\":[{\"@type\":\"SearchAction\",\"target\":{\"@type\":\"EntryPoint\",\"urlTemplate\":\"https:\/\/sesoliveresportdesoller.com\/ca\/?s={search_term_string}\"},\"query-input\":{\"@type\":\"PropertyValueSpecification\",\"valueRequired\":true,\"valueName\":\"search_term_string\"}}],\"inLanguage\":\"ca\"},{\"@type\":\"Organization\",\"@id\":\"https:\/\/sesoliveresportdesoller.com\/ca\/#organization\",\"name\":\"Ses Oliveres Port de S\u00f3ller\",\"url\":\"https:\/\/sesoliveresportdesoller.com\/ca\/\",\"logo\":{\"@type\":\"ImageObject\",\"inLanguage\":\"ca\",\"@id\":\"https:\/\/sesoliveresportdesoller.com\/ca\/#\/schema\/logo\/image\/\",\"url\":\"https:\/\/ses-oliveres-port-de-soller.fra1.digitaloceanspaces.com\/wp-content\/uploads\/2024\/06\/25123952\/logo.svg\",\"contentUrl\":\"https:\/\/ses-oliveres-port-de-soller.fra1.digitaloceanspaces.com\/wp-content\/uploads\/2024\/06\/25123952\/logo.svg\",\"width\":128,\"height\":55,\"caption\":\"Ses Oliveres Port de S\u00f3ller\"},\"image\":{\"@id\":\"https:\/\/sesoliveresportdesoller.com\/ca\/#\/schema\/logo\/image\/\"}},{\"@type\":\"Person\",\"@id\":\"https:\/\/sesoliveresportdesoller.com\/ca\/#\/schema\/person\/b5b7c42fb246e7a69985ce8133fca51e\",\"name\":\"Ses Oliveres\",\"image\":{\"@type\":\"ImageObject\",\"inLanguage\":\"ca\",\"@id\":\"https:\/\/sesoliveresportdesoller.com\/ca\/#\/schema\/person\/image\/\",\"url\":\"https:\/\/secure.gravatar.com\/avatar\/8090ef7ea57149f9049c2bb8b917c09dff08d3f14f396d4b00da77b3f23c5970?s=96&d=mm&r=g\",\"contentUrl\":\"https:\/\/secure.gravatar.com\/avatar\/8090ef7ea57149f9049c2bb8b917c09dff08d3f14f396d4b00da77b3f23c5970?s=96&d=mm&r=g\",\"caption\":\"Ses Oliveres\"},\"url\":\"https:\/\/sesoliveresportdesoller.com\/ca\/author\/sesoliveres\/\"}]}<\/script>\n<!-- \/ Yoast SEO plugin. -->","yoast_head_json":{"title":"Gambes amb all, sabor i producte a Ses Oliveres","description":"Un refrany popular que encaixa a la perfecci\u00f3 amb un dels plats m\u00e9s recognoscibles de la cuina mediterr\u00e0nia i amb una de les elaboracions","robots":{"index":"index","follow":"follow","max-snippet":"max-snippet:-1","max-image-preview":"max-image-preview:large","max-video-preview":"max-video-preview:-1"},"canonical":"https:\/\/sesoliveresportdesoller.com\/ca\/2025\/12\/22\/gambes-amb-all-sabor-i-producte-a-ses-oliveres\/","og_locale":"ca_ES","og_type":"article","og_title":"Gambes amb all, sabor i producte a Ses Oliveres","og_description":"Un refrany popular que encaixa a la perfecci\u00f3 amb un dels plats m\u00e9s recognoscibles de la cuina mediterr\u00e0nia i amb una de les elaboracions","og_url":"https:\/\/sesoliveresportdesoller.com\/ca\/2025\/12\/22\/gambes-amb-all-sabor-i-producte-a-ses-oliveres\/","og_site_name":"Ses Oliveres Port de S\u00f3ller","article_published_time":"2025-12-22T12:38:53+00:00","article_modified_time":"2025-12-22T12:38:54+00:00","og_image":[{"width":2048,"height":1152,"url":"https:\/\/ses-oliveres-port-de-soller.fra1.digitaloceanspaces.com\/wp-content\/uploads\/2025\/12\/22132516\/WhatsApp-Image-2025-12-15-at-13.25.20.jpeg","type":"image\/jpeg"}],"author":"Ses Oliveres","twitter_card":"summary_large_image","twitter_misc":{"Escrit per":"Ses Oliveres","Temps estimat de lectura":"2 minuts"},"schema":{"@context":"https:\/\/schema.org","@graph":[{"@type":"Article","@id":"https:\/\/sesoliveresportdesoller.com\/ca\/2025\/12\/22\/gambes-amb-all-sabor-i-producte-a-ses-oliveres\/#article","isPartOf":{"@id":"https:\/\/sesoliveresportdesoller.com\/ca\/2025\/12\/22\/gambes-amb-all-sabor-i-producte-a-ses-oliveres\/"},"author":{"name":"Ses Oliveres","@id":"https:\/\/sesoliveresportdesoller.com\/ca\/#\/schema\/person\/b5b7c42fb246e7a69985ce8133fca51e"},"headline":"Gambes amb all, sabor i producte a Ses Oliveres","datePublished":"2025-12-22T12:38:53+00:00","dateModified":"2025-12-22T12:38:54+00:00","mainEntityOfPage":{"@id":"https:\/\/sesoliveresportdesoller.com\/ca\/2025\/12\/22\/gambes-amb-all-sabor-i-producte-a-ses-oliveres\/"},"wordCount":396,"commentCount":0,"publisher":{"@id":"https:\/\/sesoliveresportdesoller.com\/ca\/#organization"},"image":{"@id":"https:\/\/sesoliveresportdesoller.com\/ca\/2025\/12\/22\/gambes-amb-all-sabor-i-producte-a-ses-oliveres\/#primaryimage"},"thumbnailUrl":"https:\/\/ses-oliveres-port-de-soller.fra1.digitaloceanspaces.com\/wp-content\/uploads\/2025\/12\/22132516\/WhatsApp-Image-2025-12-15-at-13.25.20.jpeg","keywords":["expositordepeix","suggeriments"],"articleSection":["Sin categorizar"],"inLanguage":"ca","potentialAction":[{"@type":"CommentAction","name":"Comment","target":["https:\/\/sesoliveresportdesoller.com\/ca\/2025\/12\/22\/gambes-amb-all-sabor-i-producte-a-ses-oliveres\/#respond"]}]},{"@type":"WebPage","@id":"https:\/\/sesoliveresportdesoller.com\/ca\/2025\/12\/22\/gambes-amb-all-sabor-i-producte-a-ses-oliveres\/","url":"https:\/\/sesoliveresportdesoller.com\/ca\/2025\/12\/22\/gambes-amb-all-sabor-i-producte-a-ses-oliveres\/","name":"Gambes amb all, sabor i producte a Ses Oliveres","isPartOf":{"@id":"https:\/\/sesoliveresportdesoller.com\/ca\/#website"},"primaryImageOfPage":{"@id":"https:\/\/sesoliveresportdesoller.com\/ca\/2025\/12\/22\/gambes-amb-all-sabor-i-producte-a-ses-oliveres\/#primaryimage"},"image":{"@id":"https:\/\/sesoliveresportdesoller.com\/ca\/2025\/12\/22\/gambes-amb-all-sabor-i-producte-a-ses-oliveres\/#primaryimage"},"thumbnailUrl":"https:\/\/ses-oliveres-port-de-soller.fra1.digitaloceanspaces.com\/wp-content\/uploads\/2025\/12\/22132516\/WhatsApp-Image-2025-12-15-at-13.25.20.jpeg","datePublished":"2025-12-22T12:38:53+00:00","dateModified":"2025-12-22T12:38:54+00:00","description":"Un refrany popular que encaixa a la perfecci\u00f3 amb un dels plats m\u00e9s recognoscibles de la cuina mediterr\u00e0nia i amb una de les elaboracions","breadcrumb":{"@id":"https:\/\/sesoliveresportdesoller.com\/ca\/2025\/12\/22\/gambes-amb-all-sabor-i-producte-a-ses-oliveres\/#breadcrumb"},"inLanguage":"ca","potentialAction":[{"@type":"ReadAction","target":["https:\/\/sesoliveresportdesoller.com\/ca\/2025\/12\/22\/gambes-amb-all-sabor-i-producte-a-ses-oliveres\/"]}]},{"@type":"ImageObject","inLanguage":"ca","@id":"https:\/\/sesoliveresportdesoller.com\/ca\/2025\/12\/22\/gambes-amb-all-sabor-i-producte-a-ses-oliveres\/#primaryimage","url":"https:\/\/ses-oliveres-port-de-soller.fra1.digitaloceanspaces.com\/wp-content\/uploads\/2025\/12\/22132516\/WhatsApp-Image-2025-12-15-at-13.25.20.jpeg","contentUrl":"https:\/\/ses-oliveres-port-de-soller.fra1.digitaloceanspaces.com\/wp-content\/uploads\/2025\/12\/22132516\/WhatsApp-Image-2025-12-15-at-13.25.20.jpeg","width":2048,"height":1152,"caption":"Cazuela de gambas al ajillo espolvoreadas con perejil"},{"@type":"BreadcrumbList","@id":"https:\/\/sesoliveresportdesoller.com\/ca\/2025\/12\/22\/gambes-amb-all-sabor-i-producte-a-ses-oliveres\/#breadcrumb","itemListElement":[{"@type":"ListItem","position":1,"name":"Portada","item":"https:\/\/sesoliveresportdesoller.com\/ca\/inici\/"},{"@type":"ListItem","position":2,"name":"Gambes amb all, sabor i producte a Ses Oliveres"}]},{"@type":"WebSite","@id":"https:\/\/sesoliveresportdesoller.com\/ca\/#website","url":"https:\/\/sesoliveresportdesoller.com\/ca\/","name":"Ses Oliveres Port de S\u00f3ller","description":"Ses Oliveres es un restaurante especializado en arroces, pescados y mariscos, situado en primera l\u00ednea del Port de S\u00f3ller.  Se trata de un concepto de cocina con productos frescos y \u201cdel mar a la mesa\u201d. Disponen de una vitrina con pescado fresco diario. Seg\u00fan sus rese\u00f1as en Google y otras plataformas como Tripadvisor, destacan por su ubicaci\u00f3n excepcional y por la calidad de sus platos.","publisher":{"@id":"https:\/\/sesoliveresportdesoller.com\/ca\/#organization"},"potentialAction":[{"@type":"SearchAction","target":{"@type":"EntryPoint","urlTemplate":"https:\/\/sesoliveresportdesoller.com\/ca\/?s={search_term_string}"},"query-input":{"@type":"PropertyValueSpecification","valueRequired":true,"valueName":"search_term_string"}}],"inLanguage":"ca"},{"@type":"Organization","@id":"https:\/\/sesoliveresportdesoller.com\/ca\/#organization","name":"Ses Oliveres Port de S\u00f3ller","url":"https:\/\/sesoliveresportdesoller.com\/ca\/","logo":{"@type":"ImageObject","inLanguage":"ca","@id":"https:\/\/sesoliveresportdesoller.com\/ca\/#\/schema\/logo\/image\/","url":"https:\/\/ses-oliveres-port-de-soller.fra1.digitaloceanspaces.com\/wp-content\/uploads\/2024\/06\/25123952\/logo.svg","contentUrl":"https:\/\/ses-oliveres-port-de-soller.fra1.digitaloceanspaces.com\/wp-content\/uploads\/2024\/06\/25123952\/logo.svg","width":128,"height":55,"caption":"Ses Oliveres Port de S\u00f3ller"},"image":{"@id":"https:\/\/sesoliveresportdesoller.com\/ca\/#\/schema\/logo\/image\/"}},{"@type":"Person","@id":"https:\/\/sesoliveresportdesoller.com\/ca\/#\/schema\/person\/b5b7c42fb246e7a69985ce8133fca51e","name":"Ses Oliveres","image":{"@type":"ImageObject","inLanguage":"ca","@id":"https:\/\/sesoliveresportdesoller.com\/ca\/#\/schema\/person\/image\/","url":"https:\/\/secure.gravatar.com\/avatar\/8090ef7ea57149f9049c2bb8b917c09dff08d3f14f396d4b00da77b3f23c5970?s=96&d=mm&r=g","contentUrl":"https:\/\/secure.gravatar.com\/avatar\/8090ef7ea57149f9049c2bb8b917c09dff08d3f14f396d4b00da77b3f23c5970?s=96&d=mm&r=g","caption":"Ses Oliveres"},"url":"https:\/\/sesoliveresportdesoller.com\/ca\/author\/sesoliveres\/"}]}},"_links":{"self":[{"href":"https:\/\/sesoliveresportdesoller.com\/ca\/wp-json\/wp\/v2\/posts\/1757","targetHints":{"allow":["GET"]}}],"collection":[{"href":"https:\/\/sesoliveresportdesoller.com\/ca\/wp-json\/wp\/v2\/posts"}],"about":[{"href":"https:\/\/sesoliveresportdesoller.com\/ca\/wp-json\/wp\/v2\/types\/post"}],"author":[{"embeddable":true,"href":"https:\/\/sesoliveresportdesoller.com\/ca\/wp-json\/wp\/v2\/users\/3"}],"replies":[{"embeddable":true,"href":"https:\/\/sesoliveresportdesoller.com\/ca\/wp-json\/wp\/v2\/comments?post=1757"}],"version-history":[{"count":1,"href":"https:\/\/sesoliveresportdesoller.com\/ca\/wp-json\/wp\/v2\/posts\/1757\/revisions"}],"predecessor-version":[{"id":1758,"href":"https:\/\/sesoliveresportdesoller.com\/ca\/wp-json\/wp\/v2\/posts\/1757\/revisions\/1758"}],"wp:featuredmedia":[{"embeddable":true,"href":"https:\/\/sesoliveresportdesoller.com\/ca\/wp-json\/wp\/v2\/media\/1750"}],"wp:attachment":[{"href":"https:\/\/sesoliveresportdesoller.com\/ca\/wp-json\/wp\/v2\/media?parent=1757"}],"wp:term":[{"taxonomy":"category","embeddable":true,"href":"https:\/\/sesoliveresportdesoller.com\/ca\/wp-json\/wp\/v2\/categories?post=1757"},{"taxonomy":"post_tag","embeddable":true,"href":"https:\/\/sesoliveresportdesoller.com\/ca\/wp-json\/wp\/v2\/tags?post=1757"}],"curies":[{"name":"wp","href":"https:\/\/api.w.org\/{rel}","templated":true}]}}