{"id":1874,"date":"2026-02-27T08:10:03","date_gmt":"2026-02-27T07:10:03","guid":{"rendered":"https:\/\/sesoliveresportdesoller.com\/?p=1874"},"modified":"2026-02-27T08:10:05","modified_gmt":"2026-02-27T07:10:05","slug":"celebra-el-dia-de-les-illes-balears-a-ses-oliveres","status":"publish","type":"post","link":"https:\/\/sesoliveresportdesoller.com\/ca\/2026\/02\/27\/celebra-el-dia-de-les-illes-balears-a-ses-oliveres\/","title":{"rendered":"Dia de les Illes Balears a S\u00f3ller i Port de S\u00f3ller: tradici\u00f3, identitat i gastronomia"},"content":{"rendered":"\n<p>El <strong>Dia de les Illes Balears<\/strong>, que se celebra cada <strong>1 de mar\u00e7<\/strong>, commemora l\u2019entrada en vigor de l\u2019<strong>Estatut d\u2019Autonomia de 1983<\/strong>, el marc legal que va consolidar l\u2019autogovern de l\u2019arxip\u00e8lag. M\u00e9s enll\u00e0 del car\u00e0cter institucional, aquesta data s\u2019ha convertit en una celebraci\u00f3 de la <strong>identitat, la cultura i les tradicions balears<\/strong>.<\/p>\n\n\n\n<p>Impulsat oficialment pel <a href=\"https:\/\/www.caib.es\/webgoib\/es\/\">Govern de les Illes Balear<\/a>s, el programa inclou activitats culturals, jornades de portes obertes, concerts, mercats artesanals i esdeveniments populars a totes les illes. \u00c9s un moment en qu\u00e8 Mallorca reivindica el seu patrimoni hist\u00f2ric, la seva llengua i el producte local.<\/p>\n\n\n\n<p>Si enguany el dilluns \u00e9s festiu, el cap de setmana es transforma en una escapada perfecta per viure el Dia de les Illes Balears des d\u2019una perspectiva aut\u00e8ntica: recorrent la vall de S\u00f3ller i gaudint de la Mediterr\u00e0nia al Port de S\u00f3ller.<\/p>\n\n\n\n<h2 class=\"wp-block-heading\">Celebrar la identitat balear entre la Serra de Tramuntana i la mar<\/h2>\n\n\n\n<p>S\u00f3ller \u00e9s un dels indrets que millor representen l\u2019ess\u00e8ncia mallorquina. Situat en plena Serra de Tramuntana, declarada Patrimoni Mundial per la UNESCO, combina tradici\u00f3 agr\u00edcola, arquitectura modernista i un paisatge de tarongers i muntanyes que defineix el car\u00e0cter de la vall.<\/p>\n\n\n\n<p>Durant el Dia de les Illes Balears, molts municipis organitzen activitats que posen en valor l\u2019artesania, la m\u00fasica popular i la gastronomia local. Passejar per la pla\u00e7a de S\u00f3ller, aturar-se davant l\u2019esgl\u00e9sia de Sant Bartomeu o gaudir de l\u2019ambient de mercat \u00e9s una manera senzilla de connectar amb aquesta identitat que la jornada celebra.<\/p>\n\n\n\n<p>Des del centre hist\u00f2ric, el tramvia hist\u00f2ric connecta amb el Port de S\u00f3ller en un trajecte que simbolitza perfectament la relaci\u00f3 entre interior i costa, tradici\u00f3 i obertura a la mar.<\/p>\n\n\n\n<h2 class=\"wp-block-heading\">Gastronomia davant la badia: una manera de celebrar les Balears<\/h2>\n\n\n\n<p>El Dia de les Illes Balears tamb\u00e9 \u00e9s una celebraci\u00f3 del <strong>producte local<\/strong>. I pocs llocs representen millor aquesta connexi\u00f3 amb el territori que una taula davant la mar al Port de S\u00f3ller.<\/p>\n\n\n\n<p>La badia, protegida i lluminosa, convida a passejar pel moll, contemplar el far i gaudir de l\u2019aire mediterrani. \u00c9s el moment ideal per reservar a <a href=\"https:\/\/sesoliveresportdesoller.com\/\">https:\/\/sesoliveresportdesoller.com\/<\/a> i consultar la carta actualitzada, basada en peix fresc i marisc seleccionat di\u00e0riament.<\/p>\n\n\n\n<p>A <strong>Ses Oliveres Port de S\u00f3ller<\/strong>, l\u2019experi\u00e8ncia gastron\u00f2mica est\u00e0 lligada a l\u2019entorn: cuina mediterr\u00e0nia honesta, producte de la mar i una terrassa en primera l\u00ednia on la llum del capvespre es converteix en part del men\u00fa. Celebrar el Dia de les Illes Balears aqu\u00ed no \u00e9s nom\u00e9s dinar o sopar; \u00e9s retre homenatge a la mar que defineix la hist\u00f2ria de l\u2019arxip\u00e8lag.<\/p>\n\n\n\n<p>L\u2019equip de sala assessora sobre les captures del dia, les formes de preparaci\u00f3 i les combinacions amb vins, garantint una experi\u00e8ncia completa i personalitzada.<\/p>\n\n\n\n<p>Aprofitar aquest petit pont per rec\u00f3rrer S\u00f3ller, respirar la Tramuntana i acabar el dia davant la Mediterr\u00e0nia \u00e9s una manera coherent i aut\u00e8ntica de viure el Dia de les Illes Balears. Tradici\u00f3, paisatge i gastronomia s\u2019uneixen en una jornada que celebra all\u00f2 que realment fa \u00faniques les nostres illes.<\/p>\n","protected":false},"excerpt":{"rendered":"<p>El Dia de les Illes Balears, que se celebra cada 1 de mar\u00e7, commemora l\u2019entrada en vigor de l\u2019Estatut d\u2019Autonomia de 1983, el marc legal que va consolidar l\u2019autogovern de l\u2019arxip\u00e8lag. M\u00e9s enll\u00e0 del car\u00e0cter institucional, aquesta data s\u2019ha convertit en una celebraci\u00f3 de la identitat, la cultura i les tradicions balears. Impulsat oficialment pel [&hellip;]<\/p>\n","protected":false},"author":3,"featured_media":1871,"comment_status":"open","ping_status":"open","sticky":false,"template":"","format":"standard","meta":{"footnotes":""},"categories":[1],"tags":[73,138],"class_list":["post-1874","post","type-post","status-publish","format-standard","has-post-thumbnail","hentry","category-sin-categorizar","tag-port-de-soller","tag-ses-oliveres-port-de-soller"],"yoast_head":"<!-- This site is optimized with the Yoast SEO plugin v26.5 - https:\/\/yoast.com\/wordpress\/plugins\/seo\/ -->\n<title>Celebra el d\u00eda de les Illes Balears a Ses Oliveres<\/title>\n<meta name=\"description\" content=\"El Dia de les Illes Balears, que se celebra cada 1 de mar\u00e7, commemora l\u2019entrada en vigor de l\u2019Estatut d\u2019Autonomia de 1983\" \/>\n<meta name=\"robots\" content=\"index, follow, max-snippet:-1, max-image-preview:large, max-video-preview:-1\" \/>\n<link rel=\"canonical\" href=\"https:\/\/sesoliveresportdesoller.com\/ca\/2026\/02\/27\/celebra-el-dia-de-les-illes-balears-a-ses-oliveres\/\" \/>\n<meta property=\"og:locale\" content=\"ca_ES\" \/>\n<meta property=\"og:type\" content=\"article\" \/>\n<meta property=\"og:title\" content=\"Celebra el d\u00eda de les Illes Balears a Ses Oliveres\" \/>\n<meta property=\"og:description\" content=\"El Dia de les Illes Balears, que se celebra cada 1 de mar\u00e7, commemora l\u2019entrada en vigor de l\u2019Estatut d\u2019Autonomia de 1983\" \/>\n<meta property=\"og:url\" content=\"https:\/\/sesoliveresportdesoller.com\/ca\/2026\/02\/27\/celebra-el-dia-de-les-illes-balears-a-ses-oliveres\/\" \/>\n<meta property=\"og:site_name\" content=\"Ses Oliveres Port de S\u00f3ller\" \/>\n<meta property=\"article:published_time\" content=\"2026-02-27T07:10:03+00:00\" \/>\n<meta property=\"article:modified_time\" content=\"2026-02-27T07:10:05+00:00\" \/>\n<meta property=\"og:image\" content=\"https:\/\/ses-oliveres-port-de-soller.fra1.digitaloceanspaces.com\/wp-content\/uploads\/2026\/02\/27080204\/Ses-Oliveres-Port-de-Soller.png\" \/>\n\t<meta property=\"og:image:width\" content=\"940\" \/>\n\t<meta property=\"og:image:height\" content=\"788\" \/>\n\t<meta property=\"og:image:type\" content=\"image\/png\" \/>\n<meta name=\"author\" content=\"Ses Oliveres\" \/>\n<meta name=\"twitter:card\" content=\"summary_large_image\" \/>\n<meta name=\"twitter:label1\" content=\"Escrit per\" \/>\n\t<meta name=\"twitter:data1\" content=\"Ses Oliveres\" \/>\n\t<meta name=\"twitter:label2\" content=\"Temps estimat de lectura\" \/>\n\t<meta name=\"twitter:data2\" content=\"3 minuts\" \/>\n<script type=\"application\/ld+json\" class=\"yoast-schema-graph\">{\"@context\":\"https:\/\/schema.org\",\"@graph\":[{\"@type\":\"Article\",\"@id\":\"https:\/\/sesoliveresportdesoller.com\/ca\/2026\/02\/27\/celebra-el-dia-de-les-illes-balears-a-ses-oliveres\/#article\",\"isPartOf\":{\"@id\":\"https:\/\/sesoliveresportdesoller.com\/ca\/2026\/02\/27\/celebra-el-dia-de-les-illes-balears-a-ses-oliveres\/\"},\"author\":{\"name\":\"Ses Oliveres\",\"@id\":\"https:\/\/sesoliveresportdesoller.com\/ca\/#\/schema\/person\/b5b7c42fb246e7a69985ce8133fca51e\"},\"headline\":\"Dia de les Illes Balears a S\u00f3ller i Port de S\u00f3ller: tradici\u00f3, identitat i gastronomia\",\"datePublished\":\"2026-02-27T07:10:03+00:00\",\"dateModified\":\"2026-02-27T07:10:05+00:00\",\"mainEntityOfPage\":{\"@id\":\"https:\/\/sesoliveresportdesoller.com\/ca\/2026\/02\/27\/celebra-el-dia-de-les-illes-balears-a-ses-oliveres\/\"},\"wordCount\":562,\"commentCount\":0,\"publisher\":{\"@id\":\"https:\/\/sesoliveresportdesoller.com\/ca\/#organization\"},\"image\":{\"@id\":\"https:\/\/sesoliveresportdesoller.com\/ca\/2026\/02\/27\/celebra-el-dia-de-les-illes-balears-a-ses-oliveres\/#primaryimage\"},\"thumbnailUrl\":\"https:\/\/ses-oliveres-port-de-soller.fra1.digitaloceanspaces.com\/wp-content\/uploads\/2026\/02\/27080204\/Ses-Oliveres-Port-de-Soller.png\",\"keywords\":[\"port de S\u00f3ller\",\"Ses Oliveres Port de S\u00f3ller\"],\"articleSection\":[\"Sin categorizar\"],\"inLanguage\":\"ca\",\"potentialAction\":[{\"@type\":\"CommentAction\",\"name\":\"Comment\",\"target\":[\"https:\/\/sesoliveresportdesoller.com\/ca\/2026\/02\/27\/celebra-el-dia-de-les-illes-balears-a-ses-oliveres\/#respond\"]}]},{\"@type\":\"WebPage\",\"@id\":\"https:\/\/sesoliveresportdesoller.com\/ca\/2026\/02\/27\/celebra-el-dia-de-les-illes-balears-a-ses-oliveres\/\",\"url\":\"https:\/\/sesoliveresportdesoller.com\/ca\/2026\/02\/27\/celebra-el-dia-de-les-illes-balears-a-ses-oliveres\/\",\"name\":\"Celebra el d\u00eda de les Illes Balears a Ses Oliveres\",\"isPartOf\":{\"@id\":\"https:\/\/sesoliveresportdesoller.com\/ca\/#website\"},\"primaryImageOfPage\":{\"@id\":\"https:\/\/sesoliveresportdesoller.com\/ca\/2026\/02\/27\/celebra-el-dia-de-les-illes-balears-a-ses-oliveres\/#primaryimage\"},\"image\":{\"@id\":\"https:\/\/sesoliveresportdesoller.com\/ca\/2026\/02\/27\/celebra-el-dia-de-les-illes-balears-a-ses-oliveres\/#primaryimage\"},\"thumbnailUrl\":\"https:\/\/ses-oliveres-port-de-soller.fra1.digitaloceanspaces.com\/wp-content\/uploads\/2026\/02\/27080204\/Ses-Oliveres-Port-de-Soller.png\",\"datePublished\":\"2026-02-27T07:10:03+00:00\",\"dateModified\":\"2026-02-27T07:10:05+00:00\",\"description\":\"El Dia de les Illes Balears, que se celebra cada 1 de mar\u00e7, commemora l\u2019entrada en vigor de l\u2019Estatut d\u2019Autonomia de 1983\",\"breadcrumb\":{\"@id\":\"https:\/\/sesoliveresportdesoller.com\/ca\/2026\/02\/27\/celebra-el-dia-de-les-illes-balears-a-ses-oliveres\/#breadcrumb\"},\"inLanguage\":\"ca\",\"potentialAction\":[{\"@type\":\"ReadAction\",\"target\":[\"https:\/\/sesoliveresportdesoller.com\/ca\/2026\/02\/27\/celebra-el-dia-de-les-illes-balears-a-ses-oliveres\/\"]}]},{\"@type\":\"ImageObject\",\"inLanguage\":\"ca\",\"@id\":\"https:\/\/sesoliveresportdesoller.com\/ca\/2026\/02\/27\/celebra-el-dia-de-les-illes-balears-a-ses-oliveres\/#primaryimage\",\"url\":\"https:\/\/ses-oliveres-port-de-soller.fra1.digitaloceanspaces.com\/wp-content\/uploads\/2026\/02\/27080204\/Ses-Oliveres-Port-de-Soller.png\",\"contentUrl\":\"https:\/\/ses-oliveres-port-de-soller.fra1.digitaloceanspaces.com\/wp-content\/uploads\/2026\/02\/27080204\/Ses-Oliveres-Port-de-Soller.png\",\"width\":940,\"height\":788,\"caption\":\"Dia de les Illes Balears Ses Oliveres\"},{\"@type\":\"BreadcrumbList\",\"@id\":\"https:\/\/sesoliveresportdesoller.com\/ca\/2026\/02\/27\/celebra-el-dia-de-les-illes-balears-a-ses-oliveres\/#breadcrumb\",\"itemListElement\":[{\"@type\":\"ListItem\",\"position\":1,\"name\":\"Portada\",\"item\":\"https:\/\/sesoliveresportdesoller.com\/ca\/inici\/\"},{\"@type\":\"ListItem\",\"position\":2,\"name\":\"Dia de les Illes Balears a S\u00f3ller i Port de S\u00f3ller: tradici\u00f3, identitat i gastronomia\"}]},{\"@type\":\"WebSite\",\"@id\":\"https:\/\/sesoliveresportdesoller.com\/ca\/#website\",\"url\":\"https:\/\/sesoliveresportdesoller.com\/ca\/\",\"name\":\"Ses Oliveres Port de S\u00f3ller\",\"description\":\"Ses Oliveres es un restaurante especializado en arroces, pescados y mariscos, situado en primera l\u00ednea del Port de S\u00f3ller.  Se trata de un concepto de cocina con productos frescos y \u201cdel mar a la mesa\u201d. Disponen de una vitrina con pescado fresco diario. Seg\u00fan sus rese\u00f1as en Google y otras plataformas como Tripadvisor, destacan por su ubicaci\u00f3n excepcional y por la calidad de sus platos.\",\"publisher\":{\"@id\":\"https:\/\/sesoliveresportdesoller.com\/ca\/#organization\"},\"potentialAction\":[{\"@type\":\"SearchAction\",\"target\":{\"@type\":\"EntryPoint\",\"urlTemplate\":\"https:\/\/sesoliveresportdesoller.com\/ca\/?s={search_term_string}\"},\"query-input\":{\"@type\":\"PropertyValueSpecification\",\"valueRequired\":true,\"valueName\":\"search_term_string\"}}],\"inLanguage\":\"ca\"},{\"@type\":\"Organization\",\"@id\":\"https:\/\/sesoliveresportdesoller.com\/ca\/#organization\",\"name\":\"Ses Oliveres Port de S\u00f3ller\",\"url\":\"https:\/\/sesoliveresportdesoller.com\/ca\/\",\"logo\":{\"@type\":\"ImageObject\",\"inLanguage\":\"ca\",\"@id\":\"https:\/\/sesoliveresportdesoller.com\/ca\/#\/schema\/logo\/image\/\",\"url\":\"https:\/\/ses-oliveres-port-de-soller.fra1.digitaloceanspaces.com\/wp-content\/uploads\/2024\/06\/25123952\/logo.svg\",\"contentUrl\":\"https:\/\/ses-oliveres-port-de-soller.fra1.digitaloceanspaces.com\/wp-content\/uploads\/2024\/06\/25123952\/logo.svg\",\"width\":128,\"height\":55,\"caption\":\"Ses Oliveres Port de S\u00f3ller\"},\"image\":{\"@id\":\"https:\/\/sesoliveresportdesoller.com\/ca\/#\/schema\/logo\/image\/\"}},{\"@type\":\"Person\",\"@id\":\"https:\/\/sesoliveresportdesoller.com\/ca\/#\/schema\/person\/b5b7c42fb246e7a69985ce8133fca51e\",\"name\":\"Ses Oliveres\",\"image\":{\"@type\":\"ImageObject\",\"inLanguage\":\"ca\",\"@id\":\"https:\/\/sesoliveresportdesoller.com\/ca\/#\/schema\/person\/image\/\",\"url\":\"https:\/\/secure.gravatar.com\/avatar\/8090ef7ea57149f9049c2bb8b917c09dff08d3f14f396d4b00da77b3f23c5970?s=96&d=mm&r=g\",\"contentUrl\":\"https:\/\/secure.gravatar.com\/avatar\/8090ef7ea57149f9049c2bb8b917c09dff08d3f14f396d4b00da77b3f23c5970?s=96&d=mm&r=g\",\"caption\":\"Ses Oliveres\"},\"url\":\"https:\/\/sesoliveresportdesoller.com\/ca\/author\/sesoliveres\/\"}]}<\/script>\n<!-- \/ Yoast SEO plugin. -->","yoast_head_json":{"title":"Celebra el d\u00eda de les Illes Balears a Ses Oliveres","description":"El Dia de les Illes Balears, que se celebra cada 1 de mar\u00e7, commemora l\u2019entrada en vigor de l\u2019Estatut d\u2019Autonomia de 1983","robots":{"index":"index","follow":"follow","max-snippet":"max-snippet:-1","max-image-preview":"max-image-preview:large","max-video-preview":"max-video-preview:-1"},"canonical":"https:\/\/sesoliveresportdesoller.com\/ca\/2026\/02\/27\/celebra-el-dia-de-les-illes-balears-a-ses-oliveres\/","og_locale":"ca_ES","og_type":"article","og_title":"Celebra el d\u00eda de les Illes Balears a Ses Oliveres","og_description":"El Dia de les Illes Balears, que se celebra cada 1 de mar\u00e7, commemora l\u2019entrada en vigor de l\u2019Estatut d\u2019Autonomia de 1983","og_url":"https:\/\/sesoliveresportdesoller.com\/ca\/2026\/02\/27\/celebra-el-dia-de-les-illes-balears-a-ses-oliveres\/","og_site_name":"Ses Oliveres Port de S\u00f3ller","article_published_time":"2026-02-27T07:10:03+00:00","article_modified_time":"2026-02-27T07:10:05+00:00","og_image":[{"width":940,"height":788,"url":"https:\/\/ses-oliveres-port-de-soller.fra1.digitaloceanspaces.com\/wp-content\/uploads\/2026\/02\/27080204\/Ses-Oliveres-Port-de-Soller.png","type":"image\/png"}],"author":"Ses Oliveres","twitter_card":"summary_large_image","twitter_misc":{"Escrit per":"Ses Oliveres","Temps estimat de lectura":"3 minuts"},"schema":{"@context":"https:\/\/schema.org","@graph":[{"@type":"Article","@id":"https:\/\/sesoliveresportdesoller.com\/ca\/2026\/02\/27\/celebra-el-dia-de-les-illes-balears-a-ses-oliveres\/#article","isPartOf":{"@id":"https:\/\/sesoliveresportdesoller.com\/ca\/2026\/02\/27\/celebra-el-dia-de-les-illes-balears-a-ses-oliveres\/"},"author":{"name":"Ses Oliveres","@id":"https:\/\/sesoliveresportdesoller.com\/ca\/#\/schema\/person\/b5b7c42fb246e7a69985ce8133fca51e"},"headline":"Dia de les Illes Balears a S\u00f3ller i Port de S\u00f3ller: tradici\u00f3, identitat i gastronomia","datePublished":"2026-02-27T07:10:03+00:00","dateModified":"2026-02-27T07:10:05+00:00","mainEntityOfPage":{"@id":"https:\/\/sesoliveresportdesoller.com\/ca\/2026\/02\/27\/celebra-el-dia-de-les-illes-balears-a-ses-oliveres\/"},"wordCount":562,"commentCount":0,"publisher":{"@id":"https:\/\/sesoliveresportdesoller.com\/ca\/#organization"},"image":{"@id":"https:\/\/sesoliveresportdesoller.com\/ca\/2026\/02\/27\/celebra-el-dia-de-les-illes-balears-a-ses-oliveres\/#primaryimage"},"thumbnailUrl":"https:\/\/ses-oliveres-port-de-soller.fra1.digitaloceanspaces.com\/wp-content\/uploads\/2026\/02\/27080204\/Ses-Oliveres-Port-de-Soller.png","keywords":["port de S\u00f3ller","Ses Oliveres Port de S\u00f3ller"],"articleSection":["Sin categorizar"],"inLanguage":"ca","potentialAction":[{"@type":"CommentAction","name":"Comment","target":["https:\/\/sesoliveresportdesoller.com\/ca\/2026\/02\/27\/celebra-el-dia-de-les-illes-balears-a-ses-oliveres\/#respond"]}]},{"@type":"WebPage","@id":"https:\/\/sesoliveresportdesoller.com\/ca\/2026\/02\/27\/celebra-el-dia-de-les-illes-balears-a-ses-oliveres\/","url":"https:\/\/sesoliveresportdesoller.com\/ca\/2026\/02\/27\/celebra-el-dia-de-les-illes-balears-a-ses-oliveres\/","name":"Celebra el d\u00eda de les Illes Balears a Ses Oliveres","isPartOf":{"@id":"https:\/\/sesoliveresportdesoller.com\/ca\/#website"},"primaryImageOfPage":{"@id":"https:\/\/sesoliveresportdesoller.com\/ca\/2026\/02\/27\/celebra-el-dia-de-les-illes-balears-a-ses-oliveres\/#primaryimage"},"image":{"@id":"https:\/\/sesoliveresportdesoller.com\/ca\/2026\/02\/27\/celebra-el-dia-de-les-illes-balears-a-ses-oliveres\/#primaryimage"},"thumbnailUrl":"https:\/\/ses-oliveres-port-de-soller.fra1.digitaloceanspaces.com\/wp-content\/uploads\/2026\/02\/27080204\/Ses-Oliveres-Port-de-Soller.png","datePublished":"2026-02-27T07:10:03+00:00","dateModified":"2026-02-27T07:10:05+00:00","description":"El Dia de les Illes Balears, que se celebra cada 1 de mar\u00e7, commemora l\u2019entrada en vigor de l\u2019Estatut d\u2019Autonomia de 1983","breadcrumb":{"@id":"https:\/\/sesoliveresportdesoller.com\/ca\/2026\/02\/27\/celebra-el-dia-de-les-illes-balears-a-ses-oliveres\/#breadcrumb"},"inLanguage":"ca","potentialAction":[{"@type":"ReadAction","target":["https:\/\/sesoliveresportdesoller.com\/ca\/2026\/02\/27\/celebra-el-dia-de-les-illes-balears-a-ses-oliveres\/"]}]},{"@type":"ImageObject","inLanguage":"ca","@id":"https:\/\/sesoliveresportdesoller.com\/ca\/2026\/02\/27\/celebra-el-dia-de-les-illes-balears-a-ses-oliveres\/#primaryimage","url":"https:\/\/ses-oliveres-port-de-soller.fra1.digitaloceanspaces.com\/wp-content\/uploads\/2026\/02\/27080204\/Ses-Oliveres-Port-de-Soller.png","contentUrl":"https:\/\/ses-oliveres-port-de-soller.fra1.digitaloceanspaces.com\/wp-content\/uploads\/2026\/02\/27080204\/Ses-Oliveres-Port-de-Soller.png","width":940,"height":788,"caption":"Dia de les Illes Balears Ses Oliveres"},{"@type":"BreadcrumbList","@id":"https:\/\/sesoliveresportdesoller.com\/ca\/2026\/02\/27\/celebra-el-dia-de-les-illes-balears-a-ses-oliveres\/#breadcrumb","itemListElement":[{"@type":"ListItem","position":1,"name":"Portada","item":"https:\/\/sesoliveresportdesoller.com\/ca\/inici\/"},{"@type":"ListItem","position":2,"name":"Dia de les Illes Balears a S\u00f3ller i Port de S\u00f3ller: tradici\u00f3, identitat i gastronomia"}]},{"@type":"WebSite","@id":"https:\/\/sesoliveresportdesoller.com\/ca\/#website","url":"https:\/\/sesoliveresportdesoller.com\/ca\/","name":"Ses Oliveres Port de S\u00f3ller","description":"Ses Oliveres es un restaurante especializado en arroces, pescados y mariscos, situado en primera l\u00ednea del Port de S\u00f3ller.  Se trata de un concepto de cocina con productos frescos y \u201cdel mar a la mesa\u201d. Disponen de una vitrina con pescado fresco diario. Seg\u00fan sus rese\u00f1as en Google y otras plataformas como Tripadvisor, destacan por su ubicaci\u00f3n excepcional y por la calidad de sus platos.","publisher":{"@id":"https:\/\/sesoliveresportdesoller.com\/ca\/#organization"},"potentialAction":[{"@type":"SearchAction","target":{"@type":"EntryPoint","urlTemplate":"https:\/\/sesoliveresportdesoller.com\/ca\/?s={search_term_string}"},"query-input":{"@type":"PropertyValueSpecification","valueRequired":true,"valueName":"search_term_string"}}],"inLanguage":"ca"},{"@type":"Organization","@id":"https:\/\/sesoliveresportdesoller.com\/ca\/#organization","name":"Ses Oliveres Port de S\u00f3ller","url":"https:\/\/sesoliveresportdesoller.com\/ca\/","logo":{"@type":"ImageObject","inLanguage":"ca","@id":"https:\/\/sesoliveresportdesoller.com\/ca\/#\/schema\/logo\/image\/","url":"https:\/\/ses-oliveres-port-de-soller.fra1.digitaloceanspaces.com\/wp-content\/uploads\/2024\/06\/25123952\/logo.svg","contentUrl":"https:\/\/ses-oliveres-port-de-soller.fra1.digitaloceanspaces.com\/wp-content\/uploads\/2024\/06\/25123952\/logo.svg","width":128,"height":55,"caption":"Ses Oliveres Port de S\u00f3ller"},"image":{"@id":"https:\/\/sesoliveresportdesoller.com\/ca\/#\/schema\/logo\/image\/"}},{"@type":"Person","@id":"https:\/\/sesoliveresportdesoller.com\/ca\/#\/schema\/person\/b5b7c42fb246e7a69985ce8133fca51e","name":"Ses Oliveres","image":{"@type":"ImageObject","inLanguage":"ca","@id":"https:\/\/sesoliveresportdesoller.com\/ca\/#\/schema\/person\/image\/","url":"https:\/\/secure.gravatar.com\/avatar\/8090ef7ea57149f9049c2bb8b917c09dff08d3f14f396d4b00da77b3f23c5970?s=96&d=mm&r=g","contentUrl":"https:\/\/secure.gravatar.com\/avatar\/8090ef7ea57149f9049c2bb8b917c09dff08d3f14f396d4b00da77b3f23c5970?s=96&d=mm&r=g","caption":"Ses Oliveres"},"url":"https:\/\/sesoliveresportdesoller.com\/ca\/author\/sesoliveres\/"}]}},"_links":{"self":[{"href":"https:\/\/sesoliveresportdesoller.com\/ca\/wp-json\/wp\/v2\/posts\/1874","targetHints":{"allow":["GET"]}}],"collection":[{"href":"https:\/\/sesoliveresportdesoller.com\/ca\/wp-json\/wp\/v2\/posts"}],"about":[{"href":"https:\/\/sesoliveresportdesoller.com\/ca\/wp-json\/wp\/v2\/types\/post"}],"author":[{"embeddable":true,"href":"https:\/\/sesoliveresportdesoller.com\/ca\/wp-json\/wp\/v2\/users\/3"}],"replies":[{"embeddable":true,"href":"https:\/\/sesoliveresportdesoller.com\/ca\/wp-json\/wp\/v2\/comments?post=1874"}],"version-history":[{"count":1,"href":"https:\/\/sesoliveresportdesoller.com\/ca\/wp-json\/wp\/v2\/posts\/1874\/revisions"}],"predecessor-version":[{"id":1875,"href":"https:\/\/sesoliveresportdesoller.com\/ca\/wp-json\/wp\/v2\/posts\/1874\/revisions\/1875"}],"wp:featuredmedia":[{"embeddable":true,"href":"https:\/\/sesoliveresportdesoller.com\/ca\/wp-json\/wp\/v2\/media\/1871"}],"wp:attachment":[{"href":"https:\/\/sesoliveresportdesoller.com\/ca\/wp-json\/wp\/v2\/media?parent=1874"}],"wp:term":[{"taxonomy":"category","embeddable":true,"href":"https:\/\/sesoliveresportdesoller.com\/ca\/wp-json\/wp\/v2\/categories?post=1874"},{"taxonomy":"post_tag","embeddable":true,"href":"https:\/\/sesoliveresportdesoller.com\/ca\/wp-json\/wp\/v2\/tags?post=1874"}],"curies":[{"name":"wp","href":"https:\/\/api.w.org\/{rel}","templated":true}]}}