{"id":1883,"date":"2026-03-06T09:56:01","date_gmt":"2026-03-06T08:56:01","guid":{"rendered":"https:\/\/sesoliveresportdesoller.com\/?p=1883"},"modified":"2026-03-09T09:57:03","modified_gmt":"2026-03-09T08:57:03","slug":"passeig-de-traves-i-aturada-a-ses-oliveres-port-de-soller","status":"publish","type":"post","link":"https:\/\/sesoliveresportdesoller.com\/ca\/2026\/03\/06\/passeig-de-traves-i-aturada-a-ses-oliveres-port-de-soller\/","title":{"rendered":"Passejar pel Passeig Es Trav\u00e9s i gaudir de la terrassa de Ses Oliveres al Port de S\u00f3ller"},"content":{"rendered":"\n<p>El <strong>Passeig Es Trav\u00e9s<\/strong>, al cor del <strong>Port de S\u00f3ller<\/strong>, \u00e9s un d\u2019aquells llocs on el temps sembla avan\u00e7ar a un ritme diferent. Davant la badia, amb el Mediterrani desplegant-se en una corba perfecta i les muntanyes de la <strong>Serra de Tramuntana<\/strong> abra\u00e7ant el port, aquest passeig mar\u00edtim s\u2019ha convertit en un dels espais m\u00e9s agradables per a residents i visitants que volen gaudir de Mallorca amb calma.<\/p>\n\n\n\n<p>Al llarg d\u2019aquest passeig, el so de les ones, el pas del hist\u00f2ric tramvia i l\u2019ambient relaxat de les terrasses creen una escena t\u00edpicament mediterr\u00e0nia. Entre aquests llocs destaca <strong>Ses Oliveres Port de S\u00f3ller<\/strong>, un restaurant situat en primera l\u00ednia on l\u2019experi\u00e8ncia gastron\u00f2mica es combina amb una ubicaci\u00f3 privilegiada davant la mar.<\/p>\n\n\n\n<h2 class=\"wp-block-heading\">Una terrassa per gaudir del Mediterrani<\/h2>\n\n\n\n<p>Seure a la <strong>terrassa de Ses Oliveres<\/strong> \u00e9s una manera senzilla i aut\u00e8ntica de viure el Port de S\u00f3ller. Des de les taules exteriors es pot contemplar el moviment tranquil del passeig, observar com arriben les barques al port i gaudir de la llum que canvia al llarg del dia sobre l\u2019aigua.<\/p>\n\n\n\n<p>La terrassa s\u2019integra perfectament en l\u2019ambient del <strong>Passeig Es Trav\u00e9s<\/strong>, permetent als comensals gaudir del paisatge mentre degusten una proposta gastron\u00f2mica basada en el producte fresc i en la tradici\u00f3 mediterr\u00e0nia.<\/p>\n\n\n\n<p>Per a aquells que vulguin planificar la seva visita, \u00e9s possible consultar la <strong>carta completa del restaurant directament a la web oficial de <a href=\"https:\/\/sesoliveresportdesoller.com\/\">https:\/\/sesoliveresportdesoller.com\/<\/a><\/strong>, on es detallen els plats de peix, marisc i especialitats de la casa.<\/p>\n\n\n\n<p>El Port de S\u00f3ller \u00e9s, a m\u00e9s, un dels enclavaments m\u00e9s coneguts de l\u2019illa i forma part de l\u2019espectacular entorn natural de la <strong>Serra de Tramuntana<\/strong>, declarada Patrimoni Mundial per la UNESCO. A la web oficial de turisme de Mallorca es pot descobrir m\u00e9s informaci\u00f3 sobre el dest\u00ed i les seves rutes:<br><a href=\"https:\/\/www.illesbalears.travel\/ca\/mallorca\">https:\/\/www.illesbalears.travel\/ca\/mallorca<\/a>.<\/p>\n\n\n\n<h2 class=\"wp-block-heading\">Bon servei i cuina mediterr\u00e0nia davant la mar<\/h2>\n\n\n\n<p>Un dels aspectes que m\u00e9s valoren els visitants de <strong>Ses Oliveres<\/strong> \u00e9s el <strong>tracte proper i professional de l\u2019equip de sala<\/strong>. El personal est\u00e0 sempre atent a les necessitats dels comensals, assessorant sobre la carta i suggerint la millor manera de gaudir de cada plat.<\/p>\n\n\n\n<p>En un entorn tan relaxat com el <strong>Passeig Es Trav\u00e9s<\/strong>, moltes persones opten per un dinar lleuger o un aperitiu mentre contemplen la badia. Algunes sugger\u00e8ncies senzilles i delicioses poden ser unes <strong>croquetes casolanes<\/strong>, cremoses i plenes de sabor, o uns <strong>calamars a l\u2019andalusa<\/strong>, cruixents per fora i tendres per dins, ideals per compartir.<\/p>\n\n\n\n<p>Aquests plats encaixen perfectament amb una beguda refrescant. A la terrassa de <strong>Ses Oliveres Port de S\u00f3ller<\/strong> es pot acompanyar l\u2019aperitiu amb un <strong>refresc ben fred<\/strong>, una <strong>cervesa ben tirada<\/strong> o una <strong>copeta de vi blanc<\/strong>, especialment agradable durant els dies assolellats del port.<\/p>\n\n\n\n<p>A m\u00e9s, aquells que desitgin organitzar un dinar m\u00e9s complet poden <strong>fer la seva reserva directament des de la p\u00e0gina del restaurant <a href=\"https:\/\/sesoliveresportdesoller.com\/\">https:\/\/sesoliveresportdesoller.com\/<\/a><\/strong>, assegurant aix\u00ed una taula en un dels enclavaments m\u00e9s atractius del port.<\/p>\n\n\n\n<h2 class=\"wp-block-heading\">Un pla perfecte al Port de S\u00f3ller<\/h2>\n\n\n\n<p>Passejar pel <strong>Passeig Es Trav\u00e9s<\/strong>, aturar-se a observar la mar i seure a la terrassa de <strong>Ses Oliveres<\/strong> \u00e9s un d\u2019aquests petits plans que resumeixen perfectament l\u2019esperit del Mediterrani.<\/p>\n\n\n\n<p>La combinaci\u00f3 de <strong>paisatge, gastronomia i bon servei<\/strong> converteix aquesta experi\u00e8ncia en una parada imprescindible per a aquells que visiten el <strong>Port de S\u00f3ller<\/strong> o simplement volen gaudir d\u2019un \u00e0pat tranquil davant la mar.<\/p>\n\n\n\n<p>Perqu\u00e8, a vegades, el millor de Mallorca no s\u00f3n els grans plans, sin\u00f3 aquests moments senzills: una taula al sol, un plat per compartir i el so de la mar a pocs metres.<\/p>\n","protected":false},"excerpt":{"rendered":"<p>El Passeig Es Trav\u00e9s, al cor del Port de S\u00f3ller, \u00e9s un d\u2019aquells llocs on el temps sembla avan\u00e7ar a un ritme diferent. Davant la badia, amb el Mediterrani desplegant-se en una corba perfecta i les muntanyes de la Serra de Tramuntana abra\u00e7ant el port, aquest passeig mar\u00edtim s\u2019ha convertit en un dels espais m\u00e9s [&hellip;]<\/p>\n","protected":false},"author":3,"featured_media":1880,"comment_status":"open","ping_status":"open","sticky":false,"template":"","format":"standard","meta":{"footnotes":""},"categories":[1],"tags":[73,138,48],"class_list":["post-1883","post","type-post","status-publish","format-standard","has-post-thumbnail","hentry","category-sin-categorizar","tag-port-de-soller","tag-ses-oliveres-port-de-soller","tag-vermut-2"],"yoast_head":"<!-- This site is optimized with the Yoast SEO plugin v26.5 - https:\/\/yoast.com\/wordpress\/plugins\/seo\/ -->\n<title>El Passeig del Trav\u00e9s i l&#039;aturada obligat\u00f2ria a Ses Oliveres<\/title>\n<meta name=\"description\" content=\"El Passeig Es Trav\u00e9s, al cor del Port de S\u00f3ller, \u00e9s un d\u2019aquells llocs on el temps sembla avan\u00e7ar a un ritme diferent.\" \/>\n<meta name=\"robots\" content=\"index, follow, max-snippet:-1, max-image-preview:large, max-video-preview:-1\" \/>\n<link rel=\"canonical\" href=\"https:\/\/sesoliveresportdesoller.com\/ca\/2026\/03\/06\/passeig-de-traves-i-aturada-a-ses-oliveres-port-de-soller\/\" \/>\n<meta property=\"og:locale\" content=\"ca_ES\" \/>\n<meta property=\"og:type\" content=\"article\" \/>\n<meta property=\"og:title\" content=\"El Passeig del Trav\u00e9s i l&#039;aturada obligat\u00f2ria a Ses Oliveres\" \/>\n<meta property=\"og:description\" content=\"El Passeig Es Trav\u00e9s, al cor del Port de S\u00f3ller, \u00e9s un d\u2019aquells llocs on el temps sembla avan\u00e7ar a un ritme diferent.\" \/>\n<meta property=\"og:url\" content=\"https:\/\/sesoliveresportdesoller.com\/ca\/2026\/03\/06\/passeig-de-traves-i-aturada-a-ses-oliveres-port-de-soller\/\" \/>\n<meta property=\"og:site_name\" content=\"Ses Oliveres Port de S\u00f3ller\" \/>\n<meta property=\"article:published_time\" content=\"2026-03-06T08:56:01+00:00\" \/>\n<meta property=\"article:modified_time\" content=\"2026-03-09T08:57:03+00:00\" \/>\n<meta property=\"og:image\" content=\"https:\/\/ses-oliveres-port-de-soller.fra1.digitaloceanspaces.com\/wp-content\/uploads\/2026\/03\/09094923\/WhatsApp-Image-2026-02-27-at-12.51.52-1.jpeg\" \/>\n\t<meta property=\"og:image:width\" content=\"2048\" \/>\n\t<meta property=\"og:image:height\" content=\"1152\" \/>\n\t<meta property=\"og:image:type\" content=\"image\/jpeg\" \/>\n<meta name=\"author\" content=\"Ses Oliveres\" \/>\n<meta name=\"twitter:card\" content=\"summary_large_image\" \/>\n<meta name=\"twitter:label1\" content=\"Escrit per\" \/>\n\t<meta name=\"twitter:data1\" content=\"Ses Oliveres\" \/>\n\t<meta name=\"twitter:label2\" content=\"Temps estimat de lectura\" \/>\n\t<meta name=\"twitter:data2\" content=\"3 minuts\" \/>\n<script type=\"application\/ld+json\" class=\"yoast-schema-graph\">{\"@context\":\"https:\/\/schema.org\",\"@graph\":[{\"@type\":\"Article\",\"@id\":\"https:\/\/sesoliveresportdesoller.com\/ca\/2026\/03\/06\/passeig-de-traves-i-aturada-a-ses-oliveres-port-de-soller\/#article\",\"isPartOf\":{\"@id\":\"https:\/\/sesoliveresportdesoller.com\/ca\/2026\/03\/06\/passeig-de-traves-i-aturada-a-ses-oliveres-port-de-soller\/\"},\"author\":{\"name\":\"Ses Oliveres\",\"@id\":\"https:\/\/sesoliveresportdesoller.com\/ca\/#\/schema\/person\/b5b7c42fb246e7a69985ce8133fca51e\"},\"headline\":\"Passejar pel Passeig Es Trav\u00e9s i gaudir de la terrassa de Ses Oliveres al Port de S\u00f3ller\",\"datePublished\":\"2026-03-06T08:56:01+00:00\",\"dateModified\":\"2026-03-09T08:57:03+00:00\",\"mainEntityOfPage\":{\"@id\":\"https:\/\/sesoliveresportdesoller.com\/ca\/2026\/03\/06\/passeig-de-traves-i-aturada-a-ses-oliveres-port-de-soller\/\"},\"wordCount\":668,\"commentCount\":0,\"publisher\":{\"@id\":\"https:\/\/sesoliveresportdesoller.com\/ca\/#organization\"},\"image\":{\"@id\":\"https:\/\/sesoliveresportdesoller.com\/ca\/2026\/03\/06\/passeig-de-traves-i-aturada-a-ses-oliveres-port-de-soller\/#primaryimage\"},\"thumbnailUrl\":\"https:\/\/ses-oliveres-port-de-soller.fra1.digitaloceanspaces.com\/wp-content\/uploads\/2026\/03\/09094923\/WhatsApp-Image-2026-02-27-at-12.51.52-1.jpeg\",\"keywords\":[\"port de S\u00f3ller\",\"Ses Oliveres Port de S\u00f3ller\",\"vermut\"],\"articleSection\":[\"Sin categorizar\"],\"inLanguage\":\"ca\",\"potentialAction\":[{\"@type\":\"CommentAction\",\"name\":\"Comment\",\"target\":[\"https:\/\/sesoliveresportdesoller.com\/ca\/2026\/03\/06\/passeig-de-traves-i-aturada-a-ses-oliveres-port-de-soller\/#respond\"]}]},{\"@type\":\"WebPage\",\"@id\":\"https:\/\/sesoliveresportdesoller.com\/ca\/2026\/03\/06\/passeig-de-traves-i-aturada-a-ses-oliveres-port-de-soller\/\",\"url\":\"https:\/\/sesoliveresportdesoller.com\/ca\/2026\/03\/06\/passeig-de-traves-i-aturada-a-ses-oliveres-port-de-soller\/\",\"name\":\"El Passeig del Trav\u00e9s i l'aturada obligat\u00f2ria a Ses Oliveres\",\"isPartOf\":{\"@id\":\"https:\/\/sesoliveresportdesoller.com\/ca\/#website\"},\"primaryImageOfPage\":{\"@id\":\"https:\/\/sesoliveresportdesoller.com\/ca\/2026\/03\/06\/passeig-de-traves-i-aturada-a-ses-oliveres-port-de-soller\/#primaryimage\"},\"image\":{\"@id\":\"https:\/\/sesoliveresportdesoller.com\/ca\/2026\/03\/06\/passeig-de-traves-i-aturada-a-ses-oliveres-port-de-soller\/#primaryimage\"},\"thumbnailUrl\":\"https:\/\/ses-oliveres-port-de-soller.fra1.digitaloceanspaces.com\/wp-content\/uploads\/2026\/03\/09094923\/WhatsApp-Image-2026-02-27-at-12.51.52-1.jpeg\",\"datePublished\":\"2026-03-06T08:56:01+00:00\",\"dateModified\":\"2026-03-09T08:57:03+00:00\",\"description\":\"El Passeig Es Trav\u00e9s, al cor del Port de S\u00f3ller, \u00e9s un d\u2019aquells llocs on el temps sembla avan\u00e7ar a un ritme diferent.\",\"breadcrumb\":{\"@id\":\"https:\/\/sesoliveresportdesoller.com\/ca\/2026\/03\/06\/passeig-de-traves-i-aturada-a-ses-oliveres-port-de-soller\/#breadcrumb\"},\"inLanguage\":\"ca\",\"potentialAction\":[{\"@type\":\"ReadAction\",\"target\":[\"https:\/\/sesoliveresportdesoller.com\/ca\/2026\/03\/06\/passeig-de-traves-i-aturada-a-ses-oliveres-port-de-soller\/\"]}]},{\"@type\":\"ImageObject\",\"inLanguage\":\"ca\",\"@id\":\"https:\/\/sesoliveresportdesoller.com\/ca\/2026\/03\/06\/passeig-de-traves-i-aturada-a-ses-oliveres-port-de-soller\/#primaryimage\",\"url\":\"https:\/\/ses-oliveres-port-de-soller.fra1.digitaloceanspaces.com\/wp-content\/uploads\/2026\/03\/09094923\/WhatsApp-Image-2026-02-27-at-12.51.52-1.jpeg\",\"contentUrl\":\"https:\/\/ses-oliveres-port-de-soller.fra1.digitaloceanspaces.com\/wp-content\/uploads\/2026\/03\/09094923\/WhatsApp-Image-2026-02-27-at-12.51.52-1.jpeg\",\"width\":2048,\"height\":1152,\"caption\":\"Agradable terraza de Ses Oliveres Port de S\u00f3ller ubicada en Passeig Es Trav\u00e9s\"},{\"@type\":\"BreadcrumbList\",\"@id\":\"https:\/\/sesoliveresportdesoller.com\/ca\/2026\/03\/06\/passeig-de-traves-i-aturada-a-ses-oliveres-port-de-soller\/#breadcrumb\",\"itemListElement\":[{\"@type\":\"ListItem\",\"position\":1,\"name\":\"Portada\",\"item\":\"https:\/\/sesoliveresportdesoller.com\/ca\/inici\/\"},{\"@type\":\"ListItem\",\"position\":2,\"name\":\"Passejar pel Passeig Es Trav\u00e9s i gaudir de la terrassa de Ses Oliveres al Port de S\u00f3ller\"}]},{\"@type\":\"WebSite\",\"@id\":\"https:\/\/sesoliveresportdesoller.com\/ca\/#website\",\"url\":\"https:\/\/sesoliveresportdesoller.com\/ca\/\",\"name\":\"Ses Oliveres Port de S\u00f3ller\",\"description\":\"Ses Oliveres es un restaurante especializado en arroces, pescados y mariscos, situado en primera l\u00ednea del Port de S\u00f3ller.  Se trata de un concepto de cocina con productos frescos y \u201cdel mar a la mesa\u201d. Disponen de una vitrina con pescado fresco diario. Seg\u00fan sus rese\u00f1as en Google y otras plataformas como Tripadvisor, destacan por su ubicaci\u00f3n excepcional y por la calidad de sus platos.\",\"publisher\":{\"@id\":\"https:\/\/sesoliveresportdesoller.com\/ca\/#organization\"},\"potentialAction\":[{\"@type\":\"SearchAction\",\"target\":{\"@type\":\"EntryPoint\",\"urlTemplate\":\"https:\/\/sesoliveresportdesoller.com\/ca\/?s={search_term_string}\"},\"query-input\":{\"@type\":\"PropertyValueSpecification\",\"valueRequired\":true,\"valueName\":\"search_term_string\"}}],\"inLanguage\":\"ca\"},{\"@type\":\"Organization\",\"@id\":\"https:\/\/sesoliveresportdesoller.com\/ca\/#organization\",\"name\":\"Ses Oliveres Port de S\u00f3ller\",\"url\":\"https:\/\/sesoliveresportdesoller.com\/ca\/\",\"logo\":{\"@type\":\"ImageObject\",\"inLanguage\":\"ca\",\"@id\":\"https:\/\/sesoliveresportdesoller.com\/ca\/#\/schema\/logo\/image\/\",\"url\":\"https:\/\/ses-oliveres-port-de-soller.fra1.digitaloceanspaces.com\/wp-content\/uploads\/2024\/06\/25123952\/logo.svg\",\"contentUrl\":\"https:\/\/ses-oliveres-port-de-soller.fra1.digitaloceanspaces.com\/wp-content\/uploads\/2024\/06\/25123952\/logo.svg\",\"width\":128,\"height\":55,\"caption\":\"Ses Oliveres Port de S\u00f3ller\"},\"image\":{\"@id\":\"https:\/\/sesoliveresportdesoller.com\/ca\/#\/schema\/logo\/image\/\"}},{\"@type\":\"Person\",\"@id\":\"https:\/\/sesoliveresportdesoller.com\/ca\/#\/schema\/person\/b5b7c42fb246e7a69985ce8133fca51e\",\"name\":\"Ses Oliveres\",\"image\":{\"@type\":\"ImageObject\",\"inLanguage\":\"ca\",\"@id\":\"https:\/\/sesoliveresportdesoller.com\/ca\/#\/schema\/person\/image\/\",\"url\":\"https:\/\/secure.gravatar.com\/avatar\/8090ef7ea57149f9049c2bb8b917c09dff08d3f14f396d4b00da77b3f23c5970?s=96&d=mm&r=g\",\"contentUrl\":\"https:\/\/secure.gravatar.com\/avatar\/8090ef7ea57149f9049c2bb8b917c09dff08d3f14f396d4b00da77b3f23c5970?s=96&d=mm&r=g\",\"caption\":\"Ses Oliveres\"},\"url\":\"https:\/\/sesoliveresportdesoller.com\/ca\/author\/sesoliveres\/\"}]}<\/script>\n<!-- \/ Yoast SEO plugin. -->","yoast_head_json":{"title":"El Passeig del Trav\u00e9s i l'aturada obligat\u00f2ria a Ses Oliveres","description":"El Passeig Es Trav\u00e9s, al cor del Port de S\u00f3ller, \u00e9s un d\u2019aquells llocs on el temps sembla avan\u00e7ar a un ritme diferent.","robots":{"index":"index","follow":"follow","max-snippet":"max-snippet:-1","max-image-preview":"max-image-preview:large","max-video-preview":"max-video-preview:-1"},"canonical":"https:\/\/sesoliveresportdesoller.com\/ca\/2026\/03\/06\/passeig-de-traves-i-aturada-a-ses-oliveres-port-de-soller\/","og_locale":"ca_ES","og_type":"article","og_title":"El Passeig del Trav\u00e9s i l'aturada obligat\u00f2ria a Ses Oliveres","og_description":"El Passeig Es Trav\u00e9s, al cor del Port de S\u00f3ller, \u00e9s un d\u2019aquells llocs on el temps sembla avan\u00e7ar a un ritme diferent.","og_url":"https:\/\/sesoliveresportdesoller.com\/ca\/2026\/03\/06\/passeig-de-traves-i-aturada-a-ses-oliveres-port-de-soller\/","og_site_name":"Ses Oliveres Port de S\u00f3ller","article_published_time":"2026-03-06T08:56:01+00:00","article_modified_time":"2026-03-09T08:57:03+00:00","og_image":[{"width":2048,"height":1152,"url":"https:\/\/ses-oliveres-port-de-soller.fra1.digitaloceanspaces.com\/wp-content\/uploads\/2026\/03\/09094923\/WhatsApp-Image-2026-02-27-at-12.51.52-1.jpeg","type":"image\/jpeg"}],"author":"Ses Oliveres","twitter_card":"summary_large_image","twitter_misc":{"Escrit per":"Ses Oliveres","Temps estimat de lectura":"3 minuts"},"schema":{"@context":"https:\/\/schema.org","@graph":[{"@type":"Article","@id":"https:\/\/sesoliveresportdesoller.com\/ca\/2026\/03\/06\/passeig-de-traves-i-aturada-a-ses-oliveres-port-de-soller\/#article","isPartOf":{"@id":"https:\/\/sesoliveresportdesoller.com\/ca\/2026\/03\/06\/passeig-de-traves-i-aturada-a-ses-oliveres-port-de-soller\/"},"author":{"name":"Ses Oliveres","@id":"https:\/\/sesoliveresportdesoller.com\/ca\/#\/schema\/person\/b5b7c42fb246e7a69985ce8133fca51e"},"headline":"Passejar pel Passeig Es Trav\u00e9s i gaudir de la terrassa de Ses Oliveres al Port de S\u00f3ller","datePublished":"2026-03-06T08:56:01+00:00","dateModified":"2026-03-09T08:57:03+00:00","mainEntityOfPage":{"@id":"https:\/\/sesoliveresportdesoller.com\/ca\/2026\/03\/06\/passeig-de-traves-i-aturada-a-ses-oliveres-port-de-soller\/"},"wordCount":668,"commentCount":0,"publisher":{"@id":"https:\/\/sesoliveresportdesoller.com\/ca\/#organization"},"image":{"@id":"https:\/\/sesoliveresportdesoller.com\/ca\/2026\/03\/06\/passeig-de-traves-i-aturada-a-ses-oliveres-port-de-soller\/#primaryimage"},"thumbnailUrl":"https:\/\/ses-oliveres-port-de-soller.fra1.digitaloceanspaces.com\/wp-content\/uploads\/2026\/03\/09094923\/WhatsApp-Image-2026-02-27-at-12.51.52-1.jpeg","keywords":["port de S\u00f3ller","Ses Oliveres Port de S\u00f3ller","vermut"],"articleSection":["Sin categorizar"],"inLanguage":"ca","potentialAction":[{"@type":"CommentAction","name":"Comment","target":["https:\/\/sesoliveresportdesoller.com\/ca\/2026\/03\/06\/passeig-de-traves-i-aturada-a-ses-oliveres-port-de-soller\/#respond"]}]},{"@type":"WebPage","@id":"https:\/\/sesoliveresportdesoller.com\/ca\/2026\/03\/06\/passeig-de-traves-i-aturada-a-ses-oliveres-port-de-soller\/","url":"https:\/\/sesoliveresportdesoller.com\/ca\/2026\/03\/06\/passeig-de-traves-i-aturada-a-ses-oliveres-port-de-soller\/","name":"El Passeig del Trav\u00e9s i l'aturada obligat\u00f2ria a Ses Oliveres","isPartOf":{"@id":"https:\/\/sesoliveresportdesoller.com\/ca\/#website"},"primaryImageOfPage":{"@id":"https:\/\/sesoliveresportdesoller.com\/ca\/2026\/03\/06\/passeig-de-traves-i-aturada-a-ses-oliveres-port-de-soller\/#primaryimage"},"image":{"@id":"https:\/\/sesoliveresportdesoller.com\/ca\/2026\/03\/06\/passeig-de-traves-i-aturada-a-ses-oliveres-port-de-soller\/#primaryimage"},"thumbnailUrl":"https:\/\/ses-oliveres-port-de-soller.fra1.digitaloceanspaces.com\/wp-content\/uploads\/2026\/03\/09094923\/WhatsApp-Image-2026-02-27-at-12.51.52-1.jpeg","datePublished":"2026-03-06T08:56:01+00:00","dateModified":"2026-03-09T08:57:03+00:00","description":"El Passeig Es Trav\u00e9s, al cor del Port de S\u00f3ller, \u00e9s un d\u2019aquells llocs on el temps sembla avan\u00e7ar a un ritme diferent.","breadcrumb":{"@id":"https:\/\/sesoliveresportdesoller.com\/ca\/2026\/03\/06\/passeig-de-traves-i-aturada-a-ses-oliveres-port-de-soller\/#breadcrumb"},"inLanguage":"ca","potentialAction":[{"@type":"ReadAction","target":["https:\/\/sesoliveresportdesoller.com\/ca\/2026\/03\/06\/passeig-de-traves-i-aturada-a-ses-oliveres-port-de-soller\/"]}]},{"@type":"ImageObject","inLanguage":"ca","@id":"https:\/\/sesoliveresportdesoller.com\/ca\/2026\/03\/06\/passeig-de-traves-i-aturada-a-ses-oliveres-port-de-soller\/#primaryimage","url":"https:\/\/ses-oliveres-port-de-soller.fra1.digitaloceanspaces.com\/wp-content\/uploads\/2026\/03\/09094923\/WhatsApp-Image-2026-02-27-at-12.51.52-1.jpeg","contentUrl":"https:\/\/ses-oliveres-port-de-soller.fra1.digitaloceanspaces.com\/wp-content\/uploads\/2026\/03\/09094923\/WhatsApp-Image-2026-02-27-at-12.51.52-1.jpeg","width":2048,"height":1152,"caption":"Agradable terraza de Ses Oliveres Port de S\u00f3ller ubicada en Passeig Es Trav\u00e9s"},{"@type":"BreadcrumbList","@id":"https:\/\/sesoliveresportdesoller.com\/ca\/2026\/03\/06\/passeig-de-traves-i-aturada-a-ses-oliveres-port-de-soller\/#breadcrumb","itemListElement":[{"@type":"ListItem","position":1,"name":"Portada","item":"https:\/\/sesoliveresportdesoller.com\/ca\/inici\/"},{"@type":"ListItem","position":2,"name":"Passejar pel Passeig Es Trav\u00e9s i gaudir de la terrassa de Ses Oliveres al Port de S\u00f3ller"}]},{"@type":"WebSite","@id":"https:\/\/sesoliveresportdesoller.com\/ca\/#website","url":"https:\/\/sesoliveresportdesoller.com\/ca\/","name":"Ses Oliveres Port de S\u00f3ller","description":"Ses Oliveres es un restaurante especializado en arroces, pescados y mariscos, situado en primera l\u00ednea del Port de S\u00f3ller.  Se trata de un concepto de cocina con productos frescos y \u201cdel mar a la mesa\u201d. Disponen de una vitrina con pescado fresco diario. Seg\u00fan sus rese\u00f1as en Google y otras plataformas como Tripadvisor, destacan por su ubicaci\u00f3n excepcional y por la calidad de sus platos.","publisher":{"@id":"https:\/\/sesoliveresportdesoller.com\/ca\/#organization"},"potentialAction":[{"@type":"SearchAction","target":{"@type":"EntryPoint","urlTemplate":"https:\/\/sesoliveresportdesoller.com\/ca\/?s={search_term_string}"},"query-input":{"@type":"PropertyValueSpecification","valueRequired":true,"valueName":"search_term_string"}}],"inLanguage":"ca"},{"@type":"Organization","@id":"https:\/\/sesoliveresportdesoller.com\/ca\/#organization","name":"Ses Oliveres Port de S\u00f3ller","url":"https:\/\/sesoliveresportdesoller.com\/ca\/","logo":{"@type":"ImageObject","inLanguage":"ca","@id":"https:\/\/sesoliveresportdesoller.com\/ca\/#\/schema\/logo\/image\/","url":"https:\/\/ses-oliveres-port-de-soller.fra1.digitaloceanspaces.com\/wp-content\/uploads\/2024\/06\/25123952\/logo.svg","contentUrl":"https:\/\/ses-oliveres-port-de-soller.fra1.digitaloceanspaces.com\/wp-content\/uploads\/2024\/06\/25123952\/logo.svg","width":128,"height":55,"caption":"Ses Oliveres Port de S\u00f3ller"},"image":{"@id":"https:\/\/sesoliveresportdesoller.com\/ca\/#\/schema\/logo\/image\/"}},{"@type":"Person","@id":"https:\/\/sesoliveresportdesoller.com\/ca\/#\/schema\/person\/b5b7c42fb246e7a69985ce8133fca51e","name":"Ses Oliveres","image":{"@type":"ImageObject","inLanguage":"ca","@id":"https:\/\/sesoliveresportdesoller.com\/ca\/#\/schema\/person\/image\/","url":"https:\/\/secure.gravatar.com\/avatar\/8090ef7ea57149f9049c2bb8b917c09dff08d3f14f396d4b00da77b3f23c5970?s=96&d=mm&r=g","contentUrl":"https:\/\/secure.gravatar.com\/avatar\/8090ef7ea57149f9049c2bb8b917c09dff08d3f14f396d4b00da77b3f23c5970?s=96&d=mm&r=g","caption":"Ses Oliveres"},"url":"https:\/\/sesoliveresportdesoller.com\/ca\/author\/sesoliveres\/"}]}},"_links":{"self":[{"href":"https:\/\/sesoliveresportdesoller.com\/ca\/wp-json\/wp\/v2\/posts\/1883","targetHints":{"allow":["GET"]}}],"collection":[{"href":"https:\/\/sesoliveresportdesoller.com\/ca\/wp-json\/wp\/v2\/posts"}],"about":[{"href":"https:\/\/sesoliveresportdesoller.com\/ca\/wp-json\/wp\/v2\/types\/post"}],"author":[{"embeddable":true,"href":"https:\/\/sesoliveresportdesoller.com\/ca\/wp-json\/wp\/v2\/users\/3"}],"replies":[{"embeddable":true,"href":"https:\/\/sesoliveresportdesoller.com\/ca\/wp-json\/wp\/v2\/comments?post=1883"}],"version-history":[{"count":1,"href":"https:\/\/sesoliveresportdesoller.com\/ca\/wp-json\/wp\/v2\/posts\/1883\/revisions"}],"predecessor-version":[{"id":1884,"href":"https:\/\/sesoliveresportdesoller.com\/ca\/wp-json\/wp\/v2\/posts\/1883\/revisions\/1884"}],"wp:featuredmedia":[{"embeddable":true,"href":"https:\/\/sesoliveresportdesoller.com\/ca\/wp-json\/wp\/v2\/media\/1880"}],"wp:attachment":[{"href":"https:\/\/sesoliveresportdesoller.com\/ca\/wp-json\/wp\/v2\/media?parent=1883"}],"wp:term":[{"taxonomy":"category","embeddable":true,"href":"https:\/\/sesoliveresportdesoller.com\/ca\/wp-json\/wp\/v2\/categories?post=1883"},{"taxonomy":"post_tag","embeddable":true,"href":"https:\/\/sesoliveresportdesoller.com\/ca\/wp-json\/wp\/v2\/tags?post=1883"}],"curies":[{"name":"wp","href":"https:\/\/api.w.org\/{rel}","templated":true}]}}