{"id":1937,"date":"2026-04-10T12:59:49","date_gmt":"2026-04-10T10:59:49","guid":{"rendered":"https:\/\/sesoliveresportdesoller.com\/?p=1937"},"modified":"2026-04-12T13:00:18","modified_gmt":"2026-04-12T11:00:18","slug":"tresors-de-la-mar-a-ses-oliveres-port-de-soller","status":"publish","type":"post","link":"https:\/\/sesoliveresportdesoller.com\/ca\/2026\/04\/10\/tresors-de-la-mar-a-ses-oliveres-port-de-soller\/","title":{"rendered":"Tresors de la mar al Port de S\u00f3ller: frescor, temporada i sabor aut\u00e8ntic"},"content":{"rendered":"\n<h2 class=\"wp-block-heading\">El valor de triar peix i marisc de temporada<\/h2>\n\n\n\n<p>La imatge evoca una combinaci\u00f3 de sensacions urbanes i mediterr\u00e0nies, per\u00f2 hi ha un fil conductor que ho travessa tot: <strong>la connexi\u00f3 amb la mar i els seus tresors<\/strong>. Al Port de S\u00f3ller, aquesta connexi\u00f3 es tradueix en una cuina basada en <strong>producte fresc, de proximitat i de temporada<\/strong>. Apostar per peix i marisc de temporada no \u00e9s nom\u00e9s una elecci\u00f3 gastron\u00f2mica, sin\u00f3 tamb\u00e9 una manera de respectar els cicles naturals i garantir el m\u00e0xim sabor a cada plat.<\/p>\n\n\n\n<p>A restaurants com <a href=\"https:\/\/sesoliveresportdesoller.com\/\">Ses Oliveres Port de S\u00f3ller<\/a>, aquesta filosofia es reflecteix en una carta viva que s\u2019adapta al que la mar ofereix en cada moment. Perqu\u00e8 no tots els peixos tenen el mateix sabor durant tot l\u2019any, ni tots els mariscs arriben al seu punt \u00f2ptim al mateix temps.<\/p>\n\n\n\n<h2 class=\"wp-block-heading\">Suggeriments de temporada: qu\u00e8 triar en cada moment<\/h2>\n\n\n\n<p>Durant la primavera i l\u2019estiu, la Mediterr\u00e0nia es mostra especialment generosa. \u00c9s el moment ideal per gaudir de <strong>peixos lleugers i saborosos<\/strong>, com l\u2019orada, el llobarro o el gall de Sant Pere, perfectes per a preparacions a la graella o al forn que respecten la seva textura i sabor natural.<\/p>\n\n\n\n<p>Pel que fa al marisc, destaquen opcions com les gambes, els musclos o les clo\u00efsses, que en aquesta \u00e8poca presenten <strong>una qualitat excepcional i un sabor m\u00e9s intens<\/strong>. Tractats amb senzillesa, aquests productes permeten connectar directament amb l\u2019ess\u00e8ncia de la mar.<\/p>\n\n\n\n<p>Per saber m\u00e9s sobre la import\u00e0ncia de consumir productes de temporada, pots consultar aquesta guia sobre <a>peix de temporada a Espanya<\/a>, que explica com els cicles naturals influeixen en la qualitat del producte.<\/p>\n\n\n\n<figure class=\"wp-block-image size-large\"><img fetchpriority=\"high\" decoding=\"async\" width=\"1024\" height=\"768\" src=\"https:\/\/ses-oliveres-port-de-soller.fra1.digitaloceanspaces.com\/wp-content\/uploads\/2024\/10\/24182523\/El-expositor-de-pescado-de-Ses-Oliveres-Port-de-Soller-1024x768.jpg\" alt=\"expositor de pescado Ses oliveres\" class=\"wp-image-1257\" srcset=\"https:\/\/ses-oliveres-port-de-soller.fra1.digitaloceanspaces.com\/wp-content\/uploads\/2024\/10\/24182523\/El-expositor-de-pescado-de-Ses-Oliveres-Port-de-Soller-1024x768.jpg 1024w, https:\/\/ses-oliveres-port-de-soller.fra1.digitaloceanspaces.com\/wp-content\/uploads\/2024\/10\/24182523\/El-expositor-de-pescado-de-Ses-Oliveres-Port-de-Soller-300x225.jpg 300w, https:\/\/ses-oliveres-port-de-soller.fra1.digitaloceanspaces.com\/wp-content\/uploads\/2024\/10\/24182523\/El-expositor-de-pescado-de-Ses-Oliveres-Port-de-Soller-768x576.jpg 768w, https:\/\/ses-oliveres-port-de-soller.fra1.digitaloceanspaces.com\/wp-content\/uploads\/2024\/10\/24182523\/El-expositor-de-pescado-de-Ses-Oliveres-Port-de-Soller-1536x1152.jpg 1536w, https:\/\/ses-oliveres-port-de-soller.fra1.digitaloceanspaces.com\/wp-content\/uploads\/2024\/10\/24182523\/El-expositor-de-pescado-de-Ses-Oliveres-Port-de-Soller.jpg 1600w\" sizes=\"(max-width: 1024px) 100vw, 1024px\" \/><\/figure>\n\n\n\n<h2 class=\"wp-block-heading\">Frescor que marca la difer\u00e8ncia<\/h2>\n\n\n\n<p>Un dels aspectes m\u00e9s valorats pels visitants del Port de S\u00f3ller \u00e9s la <strong>frescor del producte<\/strong>. No es tracta nom\u00e9s que el peix sigui recentment capturat, sin\u00f3 de tot el proc\u00e9s que hi ha darrere: selecci\u00f3, conservaci\u00f3 i preparaci\u00f3.<\/p>\n\n\n\n<p>A <a href=\"https:\/\/sesoliveresportdesoller.com\/\">Ses Oliveres Port de S\u00f3ller<\/a>, el comprom\u00eds amb la qualitat es tradueix en una acurada selecci\u00f3 di\u00e0ria, on cada pe\u00e7a compleix amb els est\u00e0ndards m\u00e9s exigents. Aquest enfocament permet oferir plats on el producte \u00e9s el veritable protagonista, sense artificis innecessaris.<\/p>\n\n\n\n<p>A m\u00e9s, la seva ubicaci\u00f3 privilegiada a primera l\u00ednia del Passeig Es Trav\u00e9s converteix cada \u00e0pat en una experi\u00e8ncia completa: <strong>sabor, vistes i ambient mediterrani<\/strong> es combinen per crear moments memorables.<\/p>\n\n\n\n<h2 class=\"wp-block-heading\">Una experi\u00e8ncia gastron\u00f2mica lligada a la mar<\/h2>\n\n\n\n<p>Parlar de peix i marisc fresc \u00e9s parlar de tradici\u00f3, cultura i identitat. A Mallorca, la mar no \u00e9s nom\u00e9s un paisatge, sin\u00f3 una font constant d\u2019inspiraci\u00f3 culin\u00e0ria.<\/p>\n\n\n\n<p>Triar plats basats en <strong>tresors de la mar<\/strong> \u00e9s apostar per una cuina honesta, on cada ingredient explica una hist\u00f2ria. Des d\u2019un senzill peix a la planxa fins a elaboracions m\u00e9s complexes, el m\u00e9s important \u00e9s respectar el producte i deixar-lo brillar.<\/p>\n\n\n\n<p>Si cerques una experi\u00e8ncia aut\u00e8ntica, on la temporada i la frescor marquen la difer\u00e8ncia, pots consultar la carta i reservar taula directament a la web de <a href=\"https:\/\/sesoliveresportdesoller.com\/\">Ses Oliveres Port de S\u00f3ller<\/a>. Perqu\u00e8 quan la mar est\u00e0 en el seu millor moment, la taula tamb\u00e9 ho est\u00e0.<\/p>\n","protected":false},"excerpt":{"rendered":"<p>El valor de triar peix i marisc de temporada La imatge evoca una combinaci\u00f3 de sensacions urbanes i mediterr\u00e0nies, per\u00f2 hi ha un fil conductor que ho travessa tot: la connexi\u00f3 amb la mar i els seus tresors. Al Port de S\u00f3ller, aquesta connexi\u00f3 es tradueix en una cuina basada en producte fresc, de proximitat [&hellip;]<\/p>\n","protected":false},"author":3,"featured_media":1932,"comment_status":"open","ping_status":"open","sticky":false,"template":"","format":"standard","meta":{"footnotes":""},"categories":[1],"tags":[21,73,138],"class_list":["post-1937","post","type-post","status-publish","format-standard","has-post-thumbnail","hentry","category-sin-categorizar","tag-expositordepeix","tag-port-de-soller","tag-ses-oliveres-port-de-soller"],"yoast_head":"<!-- This site is optimized with the Yoast SEO plugin v26.5 - https:\/\/yoast.com\/wordpress\/plugins\/seo\/ -->\n<title>Tresors de la mar a Ses Oliveres Port de S\u00f3ller<\/title>\n<meta name=\"description\" content=\"La imatge evoca una combinaci\u00f3 de sensacions urbanes i mediterr\u00e0nies, per\u00f2 hi ha un fil conductor que ho travessa tot:\" \/>\n<meta name=\"robots\" content=\"index, follow, max-snippet:-1, max-image-preview:large, max-video-preview:-1\" \/>\n<link rel=\"canonical\" href=\"https:\/\/sesoliveresportdesoller.com\/ca\/2026\/04\/10\/tresors-de-la-mar-a-ses-oliveres-port-de-soller\/\" \/>\n<meta property=\"og:locale\" content=\"ca_ES\" \/>\n<meta property=\"og:type\" content=\"article\" \/>\n<meta property=\"og:title\" content=\"Tresors de la mar a Ses Oliveres Port de S\u00f3ller\" \/>\n<meta property=\"og:description\" content=\"La imatge evoca una combinaci\u00f3 de sensacions urbanes i mediterr\u00e0nies, per\u00f2 hi ha un fil conductor que ho travessa tot:\" \/>\n<meta property=\"og:url\" content=\"https:\/\/sesoliveresportdesoller.com\/ca\/2026\/04\/10\/tresors-de-la-mar-a-ses-oliveres-port-de-soller\/\" \/>\n<meta property=\"og:site_name\" content=\"Ses Oliveres Port de S\u00f3ller\" \/>\n<meta property=\"article:published_time\" content=\"2026-04-10T10:59:49+00:00\" \/>\n<meta property=\"article:modified_time\" content=\"2026-04-12T11:00:18+00:00\" \/>\n<meta property=\"og:image\" content=\"https:\/\/ses-oliveres-port-de-soller.fra1.digitaloceanspaces.com\/wp-content\/uploads\/2026\/04\/12123428\/WhatsApp-Image-2026-04-08-at-08.37.17.jpeg\" \/>\n\t<meta property=\"og:image:width\" content=\"2048\" \/>\n\t<meta property=\"og:image:height\" content=\"1152\" \/>\n\t<meta property=\"og:image:type\" content=\"image\/jpeg\" \/>\n<meta name=\"author\" content=\"Ses Oliveres\" \/>\n<meta name=\"twitter:card\" content=\"summary_large_image\" \/>\n<meta name=\"twitter:label1\" content=\"Escrit per\" \/>\n\t<meta name=\"twitter:data1\" content=\"Ses Oliveres\" \/>\n\t<meta name=\"twitter:label2\" content=\"Temps estimat de lectura\" \/>\n\t<meta name=\"twitter:data2\" content=\"3 minuts\" \/>\n<script type=\"application\/ld+json\" class=\"yoast-schema-graph\">{\"@context\":\"https:\/\/schema.org\",\"@graph\":[{\"@type\":\"Article\",\"@id\":\"https:\/\/sesoliveresportdesoller.com\/ca\/2026\/04\/10\/tresors-de-la-mar-a-ses-oliveres-port-de-soller\/#article\",\"isPartOf\":{\"@id\":\"https:\/\/sesoliveresportdesoller.com\/ca\/2026\/04\/10\/tresors-de-la-mar-a-ses-oliveres-port-de-soller\/\"},\"author\":{\"name\":\"Ses Oliveres\",\"@id\":\"https:\/\/sesoliveresportdesoller.com\/ca\/#\/schema\/person\/b5b7c42fb246e7a69985ce8133fca51e\"},\"headline\":\"Tresors de la mar al Port de S\u00f3ller: frescor, temporada i sabor aut\u00e8ntic\",\"datePublished\":\"2026-04-10T10:59:49+00:00\",\"dateModified\":\"2026-04-12T11:00:18+00:00\",\"mainEntityOfPage\":{\"@id\":\"https:\/\/sesoliveresportdesoller.com\/ca\/2026\/04\/10\/tresors-de-la-mar-a-ses-oliveres-port-de-soller\/\"},\"wordCount\":570,\"commentCount\":0,\"publisher\":{\"@id\":\"https:\/\/sesoliveresportdesoller.com\/ca\/#organization\"},\"image\":{\"@id\":\"https:\/\/sesoliveresportdesoller.com\/ca\/2026\/04\/10\/tresors-de-la-mar-a-ses-oliveres-port-de-soller\/#primaryimage\"},\"thumbnailUrl\":\"https:\/\/ses-oliveres-port-de-soller.fra1.digitaloceanspaces.com\/wp-content\/uploads\/2026\/04\/12123428\/WhatsApp-Image-2026-04-08-at-08.37.17.jpeg\",\"keywords\":[\"expositordepeix\",\"port de S\u00f3ller\",\"Ses Oliveres Port de S\u00f3ller\"],\"articleSection\":[\"Sin categorizar\"],\"inLanguage\":\"ca\",\"potentialAction\":[{\"@type\":\"CommentAction\",\"name\":\"Comment\",\"target\":[\"https:\/\/sesoliveresportdesoller.com\/ca\/2026\/04\/10\/tresors-de-la-mar-a-ses-oliveres-port-de-soller\/#respond\"]}]},{\"@type\":\"WebPage\",\"@id\":\"https:\/\/sesoliveresportdesoller.com\/ca\/2026\/04\/10\/tresors-de-la-mar-a-ses-oliveres-port-de-soller\/\",\"url\":\"https:\/\/sesoliveresportdesoller.com\/ca\/2026\/04\/10\/tresors-de-la-mar-a-ses-oliveres-port-de-soller\/\",\"name\":\"Tresors de la mar a Ses Oliveres Port de S\u00f3ller\",\"isPartOf\":{\"@id\":\"https:\/\/sesoliveresportdesoller.com\/ca\/#website\"},\"primaryImageOfPage\":{\"@id\":\"https:\/\/sesoliveresportdesoller.com\/ca\/2026\/04\/10\/tresors-de-la-mar-a-ses-oliveres-port-de-soller\/#primaryimage\"},\"image\":{\"@id\":\"https:\/\/sesoliveresportdesoller.com\/ca\/2026\/04\/10\/tresors-de-la-mar-a-ses-oliveres-port-de-soller\/#primaryimage\"},\"thumbnailUrl\":\"https:\/\/ses-oliveres-port-de-soller.fra1.digitaloceanspaces.com\/wp-content\/uploads\/2026\/04\/12123428\/WhatsApp-Image-2026-04-08-at-08.37.17.jpeg\",\"datePublished\":\"2026-04-10T10:59:49+00:00\",\"dateModified\":\"2026-04-12T11:00:18+00:00\",\"description\":\"La imatge evoca una combinaci\u00f3 de sensacions urbanes i mediterr\u00e0nies, per\u00f2 hi ha un fil conductor que ho travessa tot:\",\"breadcrumb\":{\"@id\":\"https:\/\/sesoliveresportdesoller.com\/ca\/2026\/04\/10\/tresors-de-la-mar-a-ses-oliveres-port-de-soller\/#breadcrumb\"},\"inLanguage\":\"ca\",\"potentialAction\":[{\"@type\":\"ReadAction\",\"target\":[\"https:\/\/sesoliveresportdesoller.com\/ca\/2026\/04\/10\/tresors-de-la-mar-a-ses-oliveres-port-de-soller\/\"]}]},{\"@type\":\"ImageObject\",\"inLanguage\":\"ca\",\"@id\":\"https:\/\/sesoliveresportdesoller.com\/ca\/2026\/04\/10\/tresors-de-la-mar-a-ses-oliveres-port-de-soller\/#primaryimage\",\"url\":\"https:\/\/ses-oliveres-port-de-soller.fra1.digitaloceanspaces.com\/wp-content\/uploads\/2026\/04\/12123428\/WhatsApp-Image-2026-04-08-at-08.37.17.jpeg\",\"contentUrl\":\"https:\/\/ses-oliveres-port-de-soller.fra1.digitaloceanspaces.com\/wp-content\/uploads\/2026\/04\/12123428\/WhatsApp-Image-2026-04-08-at-08.37.17.jpeg\",\"width\":2048,\"height\":1152,\"caption\":\"Pescado y marisco fresco en el expositor de Ses Oliveres port de S\u00f3ller\"},{\"@type\":\"BreadcrumbList\",\"@id\":\"https:\/\/sesoliveresportdesoller.com\/ca\/2026\/04\/10\/tresors-de-la-mar-a-ses-oliveres-port-de-soller\/#breadcrumb\",\"itemListElement\":[{\"@type\":\"ListItem\",\"position\":1,\"name\":\"Portada\",\"item\":\"https:\/\/sesoliveresportdesoller.com\/ca\/inici\/\"},{\"@type\":\"ListItem\",\"position\":2,\"name\":\"Tresors de la mar al Port de S\u00f3ller: frescor, temporada i sabor aut\u00e8ntic\"}]},{\"@type\":\"WebSite\",\"@id\":\"https:\/\/sesoliveresportdesoller.com\/ca\/#website\",\"url\":\"https:\/\/sesoliveresportdesoller.com\/ca\/\",\"name\":\"Ses Oliveres Port de S\u00f3ller\",\"description\":\"Ses Oliveres es un restaurante especializado en arroces, pescados y mariscos, situado en primera l\u00ednea del Port de S\u00f3ller.  Se trata de un concepto de cocina con productos frescos y \u201cdel mar a la mesa\u201d. Disponen de una vitrina con pescado fresco diario. Seg\u00fan sus rese\u00f1as en Google y otras plataformas como Tripadvisor, destacan por su ubicaci\u00f3n excepcional y por la calidad de sus platos.\",\"publisher\":{\"@id\":\"https:\/\/sesoliveresportdesoller.com\/ca\/#organization\"},\"potentialAction\":[{\"@type\":\"SearchAction\",\"target\":{\"@type\":\"EntryPoint\",\"urlTemplate\":\"https:\/\/sesoliveresportdesoller.com\/ca\/?s={search_term_string}\"},\"query-input\":{\"@type\":\"PropertyValueSpecification\",\"valueRequired\":true,\"valueName\":\"search_term_string\"}}],\"inLanguage\":\"ca\"},{\"@type\":\"Organization\",\"@id\":\"https:\/\/sesoliveresportdesoller.com\/ca\/#organization\",\"name\":\"Ses Oliveres Port de S\u00f3ller\",\"url\":\"https:\/\/sesoliveresportdesoller.com\/ca\/\",\"logo\":{\"@type\":\"ImageObject\",\"inLanguage\":\"ca\",\"@id\":\"https:\/\/sesoliveresportdesoller.com\/ca\/#\/schema\/logo\/image\/\",\"url\":\"https:\/\/ses-oliveres-port-de-soller.fra1.digitaloceanspaces.com\/wp-content\/uploads\/2024\/06\/25123952\/logo.svg\",\"contentUrl\":\"https:\/\/ses-oliveres-port-de-soller.fra1.digitaloceanspaces.com\/wp-content\/uploads\/2024\/06\/25123952\/logo.svg\",\"width\":128,\"height\":55,\"caption\":\"Ses Oliveres Port de S\u00f3ller\"},\"image\":{\"@id\":\"https:\/\/sesoliveresportdesoller.com\/ca\/#\/schema\/logo\/image\/\"}},{\"@type\":\"Person\",\"@id\":\"https:\/\/sesoliveresportdesoller.com\/ca\/#\/schema\/person\/b5b7c42fb246e7a69985ce8133fca51e\",\"name\":\"Ses Oliveres\",\"image\":{\"@type\":\"ImageObject\",\"inLanguage\":\"ca\",\"@id\":\"https:\/\/sesoliveresportdesoller.com\/ca\/#\/schema\/person\/image\/\",\"url\":\"https:\/\/secure.gravatar.com\/avatar\/8090ef7ea57149f9049c2bb8b917c09dff08d3f14f396d4b00da77b3f23c5970?s=96&d=mm&r=g\",\"contentUrl\":\"https:\/\/secure.gravatar.com\/avatar\/8090ef7ea57149f9049c2bb8b917c09dff08d3f14f396d4b00da77b3f23c5970?s=96&d=mm&r=g\",\"caption\":\"Ses Oliveres\"},\"url\":\"https:\/\/sesoliveresportdesoller.com\/ca\/author\/sesoliveres\/\"}]}<\/script>\n<!-- \/ Yoast SEO plugin. -->","yoast_head_json":{"title":"Tresors de la mar a Ses Oliveres Port de S\u00f3ller","description":"La imatge evoca una combinaci\u00f3 de sensacions urbanes i mediterr\u00e0nies, per\u00f2 hi ha un fil conductor que ho travessa tot:","robots":{"index":"index","follow":"follow","max-snippet":"max-snippet:-1","max-image-preview":"max-image-preview:large","max-video-preview":"max-video-preview:-1"},"canonical":"https:\/\/sesoliveresportdesoller.com\/ca\/2026\/04\/10\/tresors-de-la-mar-a-ses-oliveres-port-de-soller\/","og_locale":"ca_ES","og_type":"article","og_title":"Tresors de la mar a Ses Oliveres Port de S\u00f3ller","og_description":"La imatge evoca una combinaci\u00f3 de sensacions urbanes i mediterr\u00e0nies, per\u00f2 hi ha un fil conductor que ho travessa tot:","og_url":"https:\/\/sesoliveresportdesoller.com\/ca\/2026\/04\/10\/tresors-de-la-mar-a-ses-oliveres-port-de-soller\/","og_site_name":"Ses Oliveres Port de S\u00f3ller","article_published_time":"2026-04-10T10:59:49+00:00","article_modified_time":"2026-04-12T11:00:18+00:00","og_image":[{"width":2048,"height":1152,"url":"https:\/\/ses-oliveres-port-de-soller.fra1.digitaloceanspaces.com\/wp-content\/uploads\/2026\/04\/12123428\/WhatsApp-Image-2026-04-08-at-08.37.17.jpeg","type":"image\/jpeg"}],"author":"Ses Oliveres","twitter_card":"summary_large_image","twitter_misc":{"Escrit per":"Ses Oliveres","Temps estimat de lectura":"3 minuts"},"schema":{"@context":"https:\/\/schema.org","@graph":[{"@type":"Article","@id":"https:\/\/sesoliveresportdesoller.com\/ca\/2026\/04\/10\/tresors-de-la-mar-a-ses-oliveres-port-de-soller\/#article","isPartOf":{"@id":"https:\/\/sesoliveresportdesoller.com\/ca\/2026\/04\/10\/tresors-de-la-mar-a-ses-oliveres-port-de-soller\/"},"author":{"name":"Ses Oliveres","@id":"https:\/\/sesoliveresportdesoller.com\/ca\/#\/schema\/person\/b5b7c42fb246e7a69985ce8133fca51e"},"headline":"Tresors de la mar al Port de S\u00f3ller: frescor, temporada i sabor aut\u00e8ntic","datePublished":"2026-04-10T10:59:49+00:00","dateModified":"2026-04-12T11:00:18+00:00","mainEntityOfPage":{"@id":"https:\/\/sesoliveresportdesoller.com\/ca\/2026\/04\/10\/tresors-de-la-mar-a-ses-oliveres-port-de-soller\/"},"wordCount":570,"commentCount":0,"publisher":{"@id":"https:\/\/sesoliveresportdesoller.com\/ca\/#organization"},"image":{"@id":"https:\/\/sesoliveresportdesoller.com\/ca\/2026\/04\/10\/tresors-de-la-mar-a-ses-oliveres-port-de-soller\/#primaryimage"},"thumbnailUrl":"https:\/\/ses-oliveres-port-de-soller.fra1.digitaloceanspaces.com\/wp-content\/uploads\/2026\/04\/12123428\/WhatsApp-Image-2026-04-08-at-08.37.17.jpeg","keywords":["expositordepeix","port de S\u00f3ller","Ses Oliveres Port de S\u00f3ller"],"articleSection":["Sin categorizar"],"inLanguage":"ca","potentialAction":[{"@type":"CommentAction","name":"Comment","target":["https:\/\/sesoliveresportdesoller.com\/ca\/2026\/04\/10\/tresors-de-la-mar-a-ses-oliveres-port-de-soller\/#respond"]}]},{"@type":"WebPage","@id":"https:\/\/sesoliveresportdesoller.com\/ca\/2026\/04\/10\/tresors-de-la-mar-a-ses-oliveres-port-de-soller\/","url":"https:\/\/sesoliveresportdesoller.com\/ca\/2026\/04\/10\/tresors-de-la-mar-a-ses-oliveres-port-de-soller\/","name":"Tresors de la mar a Ses Oliveres Port de S\u00f3ller","isPartOf":{"@id":"https:\/\/sesoliveresportdesoller.com\/ca\/#website"},"primaryImageOfPage":{"@id":"https:\/\/sesoliveresportdesoller.com\/ca\/2026\/04\/10\/tresors-de-la-mar-a-ses-oliveres-port-de-soller\/#primaryimage"},"image":{"@id":"https:\/\/sesoliveresportdesoller.com\/ca\/2026\/04\/10\/tresors-de-la-mar-a-ses-oliveres-port-de-soller\/#primaryimage"},"thumbnailUrl":"https:\/\/ses-oliveres-port-de-soller.fra1.digitaloceanspaces.com\/wp-content\/uploads\/2026\/04\/12123428\/WhatsApp-Image-2026-04-08-at-08.37.17.jpeg","datePublished":"2026-04-10T10:59:49+00:00","dateModified":"2026-04-12T11:00:18+00:00","description":"La imatge evoca una combinaci\u00f3 de sensacions urbanes i mediterr\u00e0nies, per\u00f2 hi ha un fil conductor que ho travessa tot:","breadcrumb":{"@id":"https:\/\/sesoliveresportdesoller.com\/ca\/2026\/04\/10\/tresors-de-la-mar-a-ses-oliveres-port-de-soller\/#breadcrumb"},"inLanguage":"ca","potentialAction":[{"@type":"ReadAction","target":["https:\/\/sesoliveresportdesoller.com\/ca\/2026\/04\/10\/tresors-de-la-mar-a-ses-oliveres-port-de-soller\/"]}]},{"@type":"ImageObject","inLanguage":"ca","@id":"https:\/\/sesoliveresportdesoller.com\/ca\/2026\/04\/10\/tresors-de-la-mar-a-ses-oliveres-port-de-soller\/#primaryimage","url":"https:\/\/ses-oliveres-port-de-soller.fra1.digitaloceanspaces.com\/wp-content\/uploads\/2026\/04\/12123428\/WhatsApp-Image-2026-04-08-at-08.37.17.jpeg","contentUrl":"https:\/\/ses-oliveres-port-de-soller.fra1.digitaloceanspaces.com\/wp-content\/uploads\/2026\/04\/12123428\/WhatsApp-Image-2026-04-08-at-08.37.17.jpeg","width":2048,"height":1152,"caption":"Pescado y marisco fresco en el expositor de Ses Oliveres port de S\u00f3ller"},{"@type":"BreadcrumbList","@id":"https:\/\/sesoliveresportdesoller.com\/ca\/2026\/04\/10\/tresors-de-la-mar-a-ses-oliveres-port-de-soller\/#breadcrumb","itemListElement":[{"@type":"ListItem","position":1,"name":"Portada","item":"https:\/\/sesoliveresportdesoller.com\/ca\/inici\/"},{"@type":"ListItem","position":2,"name":"Tresors de la mar al Port de S\u00f3ller: frescor, temporada i sabor aut\u00e8ntic"}]},{"@type":"WebSite","@id":"https:\/\/sesoliveresportdesoller.com\/ca\/#website","url":"https:\/\/sesoliveresportdesoller.com\/ca\/","name":"Ses Oliveres Port de S\u00f3ller","description":"Ses Oliveres es un restaurante especializado en arroces, pescados y mariscos, situado en primera l\u00ednea del Port de S\u00f3ller.  Se trata de un concepto de cocina con productos frescos y \u201cdel mar a la mesa\u201d. Disponen de una vitrina con pescado fresco diario. Seg\u00fan sus rese\u00f1as en Google y otras plataformas como Tripadvisor, destacan por su ubicaci\u00f3n excepcional y por la calidad de sus platos.","publisher":{"@id":"https:\/\/sesoliveresportdesoller.com\/ca\/#organization"},"potentialAction":[{"@type":"SearchAction","target":{"@type":"EntryPoint","urlTemplate":"https:\/\/sesoliveresportdesoller.com\/ca\/?s={search_term_string}"},"query-input":{"@type":"PropertyValueSpecification","valueRequired":true,"valueName":"search_term_string"}}],"inLanguage":"ca"},{"@type":"Organization","@id":"https:\/\/sesoliveresportdesoller.com\/ca\/#organization","name":"Ses Oliveres Port de S\u00f3ller","url":"https:\/\/sesoliveresportdesoller.com\/ca\/","logo":{"@type":"ImageObject","inLanguage":"ca","@id":"https:\/\/sesoliveresportdesoller.com\/ca\/#\/schema\/logo\/image\/","url":"https:\/\/ses-oliveres-port-de-soller.fra1.digitaloceanspaces.com\/wp-content\/uploads\/2024\/06\/25123952\/logo.svg","contentUrl":"https:\/\/ses-oliveres-port-de-soller.fra1.digitaloceanspaces.com\/wp-content\/uploads\/2024\/06\/25123952\/logo.svg","width":128,"height":55,"caption":"Ses Oliveres Port de S\u00f3ller"},"image":{"@id":"https:\/\/sesoliveresportdesoller.com\/ca\/#\/schema\/logo\/image\/"}},{"@type":"Person","@id":"https:\/\/sesoliveresportdesoller.com\/ca\/#\/schema\/person\/b5b7c42fb246e7a69985ce8133fca51e","name":"Ses Oliveres","image":{"@type":"ImageObject","inLanguage":"ca","@id":"https:\/\/sesoliveresportdesoller.com\/ca\/#\/schema\/person\/image\/","url":"https:\/\/secure.gravatar.com\/avatar\/8090ef7ea57149f9049c2bb8b917c09dff08d3f14f396d4b00da77b3f23c5970?s=96&d=mm&r=g","contentUrl":"https:\/\/secure.gravatar.com\/avatar\/8090ef7ea57149f9049c2bb8b917c09dff08d3f14f396d4b00da77b3f23c5970?s=96&d=mm&r=g","caption":"Ses Oliveres"},"url":"https:\/\/sesoliveresportdesoller.com\/ca\/author\/sesoliveres\/"}]}},"_links":{"self":[{"href":"https:\/\/sesoliveresportdesoller.com\/ca\/wp-json\/wp\/v2\/posts\/1937","targetHints":{"allow":["GET"]}}],"collection":[{"href":"https:\/\/sesoliveresportdesoller.com\/ca\/wp-json\/wp\/v2\/posts"}],"about":[{"href":"https:\/\/sesoliveresportdesoller.com\/ca\/wp-json\/wp\/v2\/types\/post"}],"author":[{"embeddable":true,"href":"https:\/\/sesoliveresportdesoller.com\/ca\/wp-json\/wp\/v2\/users\/3"}],"replies":[{"embeddable":true,"href":"https:\/\/sesoliveresportdesoller.com\/ca\/wp-json\/wp\/v2\/comments?post=1937"}],"version-history":[{"count":1,"href":"https:\/\/sesoliveresportdesoller.com\/ca\/wp-json\/wp\/v2\/posts\/1937\/revisions"}],"predecessor-version":[{"id":1938,"href":"https:\/\/sesoliveresportdesoller.com\/ca\/wp-json\/wp\/v2\/posts\/1937\/revisions\/1938"}],"wp:featuredmedia":[{"embeddable":true,"href":"https:\/\/sesoliveresportdesoller.com\/ca\/wp-json\/wp\/v2\/media\/1932"}],"wp:attachment":[{"href":"https:\/\/sesoliveresportdesoller.com\/ca\/wp-json\/wp\/v2\/media?parent=1937"}],"wp:term":[{"taxonomy":"category","embeddable":true,"href":"https:\/\/sesoliveresportdesoller.com\/ca\/wp-json\/wp\/v2\/categories?post=1937"},{"taxonomy":"post_tag","embeddable":true,"href":"https:\/\/sesoliveresportdesoller.com\/ca\/wp-json\/wp\/v2\/tags?post=1937"}],"curies":[{"name":"wp","href":"https:\/\/api.w.org\/{rel}","templated":true}]}}