{"id":1947,"date":"2026-04-17T11:33:48","date_gmt":"2026-04-17T09:33:48","guid":{"rendered":"https:\/\/sesoliveresportdesoller.com\/?p=1947"},"modified":"2026-04-21T11:35:58","modified_gmt":"2026-04-21T09:35:58","slug":"peix-fresc-de-temporada-a-ses-oliveres-port-de-soller","status":"publish","type":"post","link":"https:\/\/sesoliveresportdesoller.com\/ca\/2026\/04\/17\/peix-fresc-de-temporada-a-ses-oliveres-port-de-soller\/","title":{"rendered":"Peix fresc de temporada a Ses Oliveres Port de S\u00f3ller"},"content":{"rendered":"\n<h2 class=\"wp-block-heading\">El sabor de la mar en el seu millor moment<\/h2>\n\n\n\n<p>La primavera al Port de S\u00f3ller \u00e9s un dels moments m\u00e9s interessants de l\u2019any per gaudir del <strong>peix fresc de temporada<\/strong>, quan la Mediterr\u00e0nia ofereix captures de gran qualitat que passen gaireb\u00e9 directament de la mar al plat. A Ses Oliveres Port de S\u00f3ller, aquesta frescor no \u00e9s nom\u00e9s un concepte, sin\u00f3 la base de la seva proposta gastron\u00f2mica, que pots descobrir a la seva web oficial <a href=\"https:\/\/sesoliveresportdesoller.com\/\">https:\/\/sesoliveresportdesoller.com\/<\/a>.<\/p>\n\n\n\n<p>El gran protagonista d\u2019aquesta \u00e8poca \u00e9s el <strong>roger (Mullus surmuletus)<\/strong>, un peix de roca molt apreciat a la cuina mediterr\u00e0nia per la seva carn ferma, el seu sabor intens i la seva textura delicada. Segons el portal oficial del Govern balear sobre pesca <a>https:\/\/www.caib.es\/sites\/peix\/<\/a>, el roger arriba al seu millor moment a la primavera gr\u00e0cies a la seva alimentaci\u00f3 natural, fet que es tradueix en un producte m\u00e9s sabor\u00f3s i equilibrat.<\/p>\n\n\n\n<h2 class=\"wp-block-heading\">L\u2019expositor de peix: frescor que es veu<\/h2>\n\n\n\n<p>Un dels grans atractius de menjar a primera l\u00ednia de mar \u00e9s poder triar directament de l\u2019<strong>expositor de peix fresc<\/strong>, una pr\u00e0ctica que converteix l\u2019experi\u00e8ncia en una cosa m\u00e9s aut\u00e8ntica i propera. A <a href=\"https:\/\/sesoliveresportdesoller.com\/\">https:\/\/sesoliveresportdesoller.com\/<\/a>, el client no nom\u00e9s veu el producte, sin\u00f3 que participa en la seva elecci\u00f3.<\/p>\n\n\n\n<p>Aquest expositor no es limita al roger, sin\u00f3 que inclou altres <strong>suggeriments de temporada<\/strong> com l\u2019orada salvatge, el llobarro, el gall de Sant Pere o el rap, esp\u00e8cies habituals a les aig\u00fces de Mallorca. Totes elles responen a criteris de frescor i estacionalitat, d\u2019acord amb les recomanacions internacionals sobre consum responsable de peix que recull la FAO <a href=\"https:\/\/www.fao.org\/fishery\/es\">https:\/\/www.fao.org\/fishery\/es<\/a>.<\/p>\n\n\n\n<h2 class=\"wp-block-heading\">Primavera vora la mar: una experi\u00e8ncia completa<\/h2>\n\n\n\n<p>Gaudir de peix fresc a la primavera al <strong>Passeig Es Trav\u00e9s<\/strong> va molt m\u00e9s enll\u00e0 del plat. La combinaci\u00f3 de temperatures suaus, llum natural i la proximitat de la mar crea un entorn que potencia cada mat\u00eds del producte.<\/p>\n\n\n\n<p>En aquest context, la cuina aposta per t\u00e8cniques senzilles com la planxa o el forn, que respecten la qualitat del peix sense emmascarar-la. El resultat \u00e9s una gastronomia honesta, on el sabor original \u00e9s el protagonista.<\/p>\n\n\n\n<p>A m\u00e9s, l\u2019equip de sala t\u00e9 un paper clau, orientant el client segons el peix del dia, la mida de la pe\u00e7a o el punt de cocci\u00f3 ideal, convertint cada \u00e0pat en una experi\u00e8ncia personalitzada.<\/p>\n\n\n\n<h2 class=\"wp-block-heading\">Per qu\u00e8 triar peix de temporada<\/h2>\n\n\n\n<p>Triar <strong>peix de temporada<\/strong> \u00e9s una decisi\u00f3 que va m\u00e9s enll\u00e0 del gust. Implica apostar per un producte m\u00e9s fresc, amb millor valor nutricional i respectu\u00f3s amb els cicles naturals de la mar.<\/p>\n\n\n\n<p>A la primavera, la Mediterr\u00e0nia ofereix una diversitat \u00fanica que es reflecteix directament a la taula. Apostar per restaurants com <a href=\"https:\/\/sesoliveresportdesoller.com\/\">https:\/\/sesoliveresportdesoller.com\/<\/a> significa entendre i respectar aquest cicle, transformant-lo en una experi\u00e8ncia gastron\u00f2mica aut\u00e8ntica.<\/p>\n\n\n\n<p>En definitiva, si vols gaudir de Mallorca en la seva ess\u00e8ncia m\u00e9s pura, el peix fresc de temporada, triat directament de l\u2019expositor i degustat davant la mar, \u00e9s una de les millors decisions que pots prendre.<\/p>\n","protected":false},"excerpt":{"rendered":"<p>El sabor de la mar en el seu millor moment La primavera al Port de S\u00f3ller \u00e9s un dels moments m\u00e9s interessants de l\u2019any per gaudir del peix fresc de temporada, quan la Mediterr\u00e0nia ofereix captures de gran qualitat que passen gaireb\u00e9 directament de la mar al plat. A Ses Oliveres Port de S\u00f3ller, aquesta [&hellip;]<\/p>\n","protected":false},"author":3,"featured_media":1942,"comment_status":"open","ping_status":"open","sticky":false,"template":"","format":"standard","meta":{"footnotes":""},"categories":[1],"tags":[21,22,73,62],"class_list":["post-1947","post","type-post","status-publish","format-standard","has-post-thumbnail","hentry","category-sin-categorizar","tag-expositordepeix","tag-peixfresc","tag-port-de-soller","tag-suggeriments"],"yoast_head":"<!-- This site is optimized with the Yoast SEO plugin v26.5 - https:\/\/yoast.com\/wordpress\/plugins\/seo\/ -->\n<title>Peix fresc de temporada a Ses Oliveres Port de S\u00f3ller - Ses Oliveres Port de S\u00f3ller<\/title>\n<meta name=\"description\" content=\"La primavera al Port de S\u00f3ller \u00e9s un dels moments m\u00e9s interessants de l\u2019any per gaudir del peix fresc de temporada, quan la Mediterr\u00e0nia\" \/>\n<meta name=\"robots\" content=\"index, follow, max-snippet:-1, max-image-preview:large, max-video-preview:-1\" \/>\n<link rel=\"canonical\" href=\"https:\/\/sesoliveresportdesoller.com\/ca\/2026\/04\/17\/peix-fresc-de-temporada-a-ses-oliveres-port-de-soller\/\" \/>\n<meta property=\"og:locale\" content=\"ca_ES\" \/>\n<meta property=\"og:type\" content=\"article\" \/>\n<meta property=\"og:title\" content=\"Peix fresc de temporada a Ses Oliveres Port de S\u00f3ller - Ses Oliveres Port de S\u00f3ller\" \/>\n<meta property=\"og:description\" content=\"La primavera al Port de S\u00f3ller \u00e9s un dels moments m\u00e9s interessants de l\u2019any per gaudir del peix fresc de temporada, quan la Mediterr\u00e0nia\" \/>\n<meta property=\"og:url\" content=\"https:\/\/sesoliveresportdesoller.com\/ca\/2026\/04\/17\/peix-fresc-de-temporada-a-ses-oliveres-port-de-soller\/\" \/>\n<meta property=\"og:site_name\" content=\"Ses Oliveres Port de S\u00f3ller\" \/>\n<meta property=\"article:published_time\" content=\"2026-04-17T09:33:48+00:00\" \/>\n<meta property=\"article:modified_time\" content=\"2026-04-21T09:35:58+00:00\" \/>\n<meta property=\"og:image\" content=\"https:\/\/ses-oliveres-port-de-soller.fra1.digitaloceanspaces.com\/wp-content\/uploads\/2026\/04\/21112449\/WhatsApp-Image-2026-04-21-at-08.38.31.jpeg\" \/>\n\t<meta property=\"og:image:width\" content=\"1600\" \/>\n\t<meta property=\"og:image:height\" content=\"1422\" \/>\n\t<meta property=\"og:image:type\" content=\"image\/jpeg\" \/>\n<meta name=\"author\" content=\"Ses Oliveres\" \/>\n<meta name=\"twitter:card\" content=\"summary_large_image\" \/>\n<meta name=\"twitter:label1\" content=\"Escrit per\" \/>\n\t<meta name=\"twitter:data1\" content=\"Ses Oliveres\" \/>\n\t<meta name=\"twitter:label2\" content=\"Temps estimat de lectura\" \/>\n\t<meta name=\"twitter:data2\" content=\"3 minuts\" \/>\n<script type=\"application\/ld+json\" class=\"yoast-schema-graph\">{\"@context\":\"https:\/\/schema.org\",\"@graph\":[{\"@type\":\"Article\",\"@id\":\"https:\/\/sesoliveresportdesoller.com\/ca\/2026\/04\/17\/peix-fresc-de-temporada-a-ses-oliveres-port-de-soller\/#article\",\"isPartOf\":{\"@id\":\"https:\/\/sesoliveresportdesoller.com\/ca\/2026\/04\/17\/peix-fresc-de-temporada-a-ses-oliveres-port-de-soller\/\"},\"author\":{\"name\":\"Ses Oliveres\",\"@id\":\"https:\/\/sesoliveresportdesoller.com\/ca\/#\/schema\/person\/b5b7c42fb246e7a69985ce8133fca51e\"},\"headline\":\"Peix fresc de temporada a Ses Oliveres Port de S\u00f3ller\",\"datePublished\":\"2026-04-17T09:33:48+00:00\",\"dateModified\":\"2026-04-21T09:35:58+00:00\",\"mainEntityOfPage\":{\"@id\":\"https:\/\/sesoliveresportdesoller.com\/ca\/2026\/04\/17\/peix-fresc-de-temporada-a-ses-oliveres-port-de-soller\/\"},\"wordCount\":558,\"commentCount\":0,\"publisher\":{\"@id\":\"https:\/\/sesoliveresportdesoller.com\/ca\/#organization\"},\"image\":{\"@id\":\"https:\/\/sesoliveresportdesoller.com\/ca\/2026\/04\/17\/peix-fresc-de-temporada-a-ses-oliveres-port-de-soller\/#primaryimage\"},\"thumbnailUrl\":\"https:\/\/ses-oliveres-port-de-soller.fra1.digitaloceanspaces.com\/wp-content\/uploads\/2026\/04\/21112449\/WhatsApp-Image-2026-04-21-at-08.38.31.jpeg\",\"keywords\":[\"expositordepeix\",\"peixfresc\",\"port de S\u00f3ller\",\"suggeriments\"],\"articleSection\":[\"Sin categorizar\"],\"inLanguage\":\"ca\",\"potentialAction\":[{\"@type\":\"CommentAction\",\"name\":\"Comment\",\"target\":[\"https:\/\/sesoliveresportdesoller.com\/ca\/2026\/04\/17\/peix-fresc-de-temporada-a-ses-oliveres-port-de-soller\/#respond\"]}]},{\"@type\":\"WebPage\",\"@id\":\"https:\/\/sesoliveresportdesoller.com\/ca\/2026\/04\/17\/peix-fresc-de-temporada-a-ses-oliveres-port-de-soller\/\",\"url\":\"https:\/\/sesoliveresportdesoller.com\/ca\/2026\/04\/17\/peix-fresc-de-temporada-a-ses-oliveres-port-de-soller\/\",\"name\":\"Peix fresc de temporada a Ses Oliveres Port de S\u00f3ller - Ses Oliveres Port de S\u00f3ller\",\"isPartOf\":{\"@id\":\"https:\/\/sesoliveresportdesoller.com\/ca\/#website\"},\"primaryImageOfPage\":{\"@id\":\"https:\/\/sesoliveresportdesoller.com\/ca\/2026\/04\/17\/peix-fresc-de-temporada-a-ses-oliveres-port-de-soller\/#primaryimage\"},\"image\":{\"@id\":\"https:\/\/sesoliveresportdesoller.com\/ca\/2026\/04\/17\/peix-fresc-de-temporada-a-ses-oliveres-port-de-soller\/#primaryimage\"},\"thumbnailUrl\":\"https:\/\/ses-oliveres-port-de-soller.fra1.digitaloceanspaces.com\/wp-content\/uploads\/2026\/04\/21112449\/WhatsApp-Image-2026-04-21-at-08.38.31.jpeg\",\"datePublished\":\"2026-04-17T09:33:48+00:00\",\"dateModified\":\"2026-04-21T09:35:58+00:00\",\"description\":\"La primavera al Port de S\u00f3ller \u00e9s un dels moments m\u00e9s interessants de l\u2019any per gaudir del peix fresc de temporada, quan la Mediterr\u00e0nia\",\"breadcrumb\":{\"@id\":\"https:\/\/sesoliveresportdesoller.com\/ca\/2026\/04\/17\/peix-fresc-de-temporada-a-ses-oliveres-port-de-soller\/#breadcrumb\"},\"inLanguage\":\"ca\",\"potentialAction\":[{\"@type\":\"ReadAction\",\"target\":[\"https:\/\/sesoliveresportdesoller.com\/ca\/2026\/04\/17\/peix-fresc-de-temporada-a-ses-oliveres-port-de-soller\/\"]}]},{\"@type\":\"ImageObject\",\"inLanguage\":\"ca\",\"@id\":\"https:\/\/sesoliveresportdesoller.com\/ca\/2026\/04\/17\/peix-fresc-de-temporada-a-ses-oliveres-port-de-soller\/#primaryimage\",\"url\":\"https:\/\/ses-oliveres-port-de-soller.fra1.digitaloceanspaces.com\/wp-content\/uploads\/2026\/04\/21112449\/WhatsApp-Image-2026-04-21-at-08.38.31.jpeg\",\"contentUrl\":\"https:\/\/ses-oliveres-port-de-soller.fra1.digitaloceanspaces.com\/wp-content\/uploads\/2026\/04\/21112449\/WhatsApp-Image-2026-04-21-at-08.38.31.jpeg\",\"width\":1600,\"height\":1422,\"caption\":\"Salmonete fresco en Ses Oliveres Port de S\u00f3ller\"},{\"@type\":\"BreadcrumbList\",\"@id\":\"https:\/\/sesoliveresportdesoller.com\/ca\/2026\/04\/17\/peix-fresc-de-temporada-a-ses-oliveres-port-de-soller\/#breadcrumb\",\"itemListElement\":[{\"@type\":\"ListItem\",\"position\":1,\"name\":\"Portada\",\"item\":\"https:\/\/sesoliveresportdesoller.com\/ca\/inici\/\"},{\"@type\":\"ListItem\",\"position\":2,\"name\":\"Peix fresc de temporada a Ses Oliveres Port de S\u00f3ller\"}]},{\"@type\":\"WebSite\",\"@id\":\"https:\/\/sesoliveresportdesoller.com\/ca\/#website\",\"url\":\"https:\/\/sesoliveresportdesoller.com\/ca\/\",\"name\":\"Ses Oliveres Port de S\u00f3ller\",\"description\":\"Ses Oliveres es un restaurante especializado en arroces, pescados y mariscos, situado en primera l\u00ednea del Port de S\u00f3ller.  Se trata de un concepto de cocina con productos frescos y \u201cdel mar a la mesa\u201d. Disponen de una vitrina con pescado fresco diario. Seg\u00fan sus rese\u00f1as en Google y otras plataformas como Tripadvisor, destacan por su ubicaci\u00f3n excepcional y por la calidad de sus platos.\",\"publisher\":{\"@id\":\"https:\/\/sesoliveresportdesoller.com\/ca\/#organization\"},\"potentialAction\":[{\"@type\":\"SearchAction\",\"target\":{\"@type\":\"EntryPoint\",\"urlTemplate\":\"https:\/\/sesoliveresportdesoller.com\/ca\/?s={search_term_string}\"},\"query-input\":{\"@type\":\"PropertyValueSpecification\",\"valueRequired\":true,\"valueName\":\"search_term_string\"}}],\"inLanguage\":\"ca\"},{\"@type\":\"Organization\",\"@id\":\"https:\/\/sesoliveresportdesoller.com\/ca\/#organization\",\"name\":\"Ses Oliveres Port de S\u00f3ller\",\"url\":\"https:\/\/sesoliveresportdesoller.com\/ca\/\",\"logo\":{\"@type\":\"ImageObject\",\"inLanguage\":\"ca\",\"@id\":\"https:\/\/sesoliveresportdesoller.com\/ca\/#\/schema\/logo\/image\/\",\"url\":\"https:\/\/ses-oliveres-port-de-soller.fra1.digitaloceanspaces.com\/wp-content\/uploads\/2024\/06\/25123952\/logo.svg\",\"contentUrl\":\"https:\/\/ses-oliveres-port-de-soller.fra1.digitaloceanspaces.com\/wp-content\/uploads\/2024\/06\/25123952\/logo.svg\",\"width\":128,\"height\":55,\"caption\":\"Ses Oliveres Port de S\u00f3ller\"},\"image\":{\"@id\":\"https:\/\/sesoliveresportdesoller.com\/ca\/#\/schema\/logo\/image\/\"}},{\"@type\":\"Person\",\"@id\":\"https:\/\/sesoliveresportdesoller.com\/ca\/#\/schema\/person\/b5b7c42fb246e7a69985ce8133fca51e\",\"name\":\"Ses Oliveres\",\"image\":{\"@type\":\"ImageObject\",\"inLanguage\":\"ca\",\"@id\":\"https:\/\/sesoliveresportdesoller.com\/ca\/#\/schema\/person\/image\/\",\"url\":\"https:\/\/secure.gravatar.com\/avatar\/8090ef7ea57149f9049c2bb8b917c09dff08d3f14f396d4b00da77b3f23c5970?s=96&d=mm&r=g\",\"contentUrl\":\"https:\/\/secure.gravatar.com\/avatar\/8090ef7ea57149f9049c2bb8b917c09dff08d3f14f396d4b00da77b3f23c5970?s=96&d=mm&r=g\",\"caption\":\"Ses Oliveres\"},\"url\":\"https:\/\/sesoliveresportdesoller.com\/ca\/author\/sesoliveres\/\"}]}<\/script>\n<!-- \/ Yoast SEO plugin. -->","yoast_head_json":{"title":"Peix fresc de temporada a Ses Oliveres Port de S\u00f3ller - Ses Oliveres Port de S\u00f3ller","description":"La primavera al Port de S\u00f3ller \u00e9s un dels moments m\u00e9s interessants de l\u2019any per gaudir del peix fresc de temporada, quan la Mediterr\u00e0nia","robots":{"index":"index","follow":"follow","max-snippet":"max-snippet:-1","max-image-preview":"max-image-preview:large","max-video-preview":"max-video-preview:-1"},"canonical":"https:\/\/sesoliveresportdesoller.com\/ca\/2026\/04\/17\/peix-fresc-de-temporada-a-ses-oliveres-port-de-soller\/","og_locale":"ca_ES","og_type":"article","og_title":"Peix fresc de temporada a Ses Oliveres Port de S\u00f3ller - Ses Oliveres Port de S\u00f3ller","og_description":"La primavera al Port de S\u00f3ller \u00e9s un dels moments m\u00e9s interessants de l\u2019any per gaudir del peix fresc de temporada, quan la Mediterr\u00e0nia","og_url":"https:\/\/sesoliveresportdesoller.com\/ca\/2026\/04\/17\/peix-fresc-de-temporada-a-ses-oliveres-port-de-soller\/","og_site_name":"Ses Oliveres Port de S\u00f3ller","article_published_time":"2026-04-17T09:33:48+00:00","article_modified_time":"2026-04-21T09:35:58+00:00","og_image":[{"width":1600,"height":1422,"url":"https:\/\/ses-oliveres-port-de-soller.fra1.digitaloceanspaces.com\/wp-content\/uploads\/2026\/04\/21112449\/WhatsApp-Image-2026-04-21-at-08.38.31.jpeg","type":"image\/jpeg"}],"author":"Ses Oliveres","twitter_card":"summary_large_image","twitter_misc":{"Escrit per":"Ses Oliveres","Temps estimat de lectura":"3 minuts"},"schema":{"@context":"https:\/\/schema.org","@graph":[{"@type":"Article","@id":"https:\/\/sesoliveresportdesoller.com\/ca\/2026\/04\/17\/peix-fresc-de-temporada-a-ses-oliveres-port-de-soller\/#article","isPartOf":{"@id":"https:\/\/sesoliveresportdesoller.com\/ca\/2026\/04\/17\/peix-fresc-de-temporada-a-ses-oliveres-port-de-soller\/"},"author":{"name":"Ses Oliveres","@id":"https:\/\/sesoliveresportdesoller.com\/ca\/#\/schema\/person\/b5b7c42fb246e7a69985ce8133fca51e"},"headline":"Peix fresc de temporada a Ses Oliveres Port de S\u00f3ller","datePublished":"2026-04-17T09:33:48+00:00","dateModified":"2026-04-21T09:35:58+00:00","mainEntityOfPage":{"@id":"https:\/\/sesoliveresportdesoller.com\/ca\/2026\/04\/17\/peix-fresc-de-temporada-a-ses-oliveres-port-de-soller\/"},"wordCount":558,"commentCount":0,"publisher":{"@id":"https:\/\/sesoliveresportdesoller.com\/ca\/#organization"},"image":{"@id":"https:\/\/sesoliveresportdesoller.com\/ca\/2026\/04\/17\/peix-fresc-de-temporada-a-ses-oliveres-port-de-soller\/#primaryimage"},"thumbnailUrl":"https:\/\/ses-oliveres-port-de-soller.fra1.digitaloceanspaces.com\/wp-content\/uploads\/2026\/04\/21112449\/WhatsApp-Image-2026-04-21-at-08.38.31.jpeg","keywords":["expositordepeix","peixfresc","port de S\u00f3ller","suggeriments"],"articleSection":["Sin categorizar"],"inLanguage":"ca","potentialAction":[{"@type":"CommentAction","name":"Comment","target":["https:\/\/sesoliveresportdesoller.com\/ca\/2026\/04\/17\/peix-fresc-de-temporada-a-ses-oliveres-port-de-soller\/#respond"]}]},{"@type":"WebPage","@id":"https:\/\/sesoliveresportdesoller.com\/ca\/2026\/04\/17\/peix-fresc-de-temporada-a-ses-oliveres-port-de-soller\/","url":"https:\/\/sesoliveresportdesoller.com\/ca\/2026\/04\/17\/peix-fresc-de-temporada-a-ses-oliveres-port-de-soller\/","name":"Peix fresc de temporada a Ses Oliveres Port de S\u00f3ller - Ses Oliveres Port de S\u00f3ller","isPartOf":{"@id":"https:\/\/sesoliveresportdesoller.com\/ca\/#website"},"primaryImageOfPage":{"@id":"https:\/\/sesoliveresportdesoller.com\/ca\/2026\/04\/17\/peix-fresc-de-temporada-a-ses-oliveres-port-de-soller\/#primaryimage"},"image":{"@id":"https:\/\/sesoliveresportdesoller.com\/ca\/2026\/04\/17\/peix-fresc-de-temporada-a-ses-oliveres-port-de-soller\/#primaryimage"},"thumbnailUrl":"https:\/\/ses-oliveres-port-de-soller.fra1.digitaloceanspaces.com\/wp-content\/uploads\/2026\/04\/21112449\/WhatsApp-Image-2026-04-21-at-08.38.31.jpeg","datePublished":"2026-04-17T09:33:48+00:00","dateModified":"2026-04-21T09:35:58+00:00","description":"La primavera al Port de S\u00f3ller \u00e9s un dels moments m\u00e9s interessants de l\u2019any per gaudir del peix fresc de temporada, quan la Mediterr\u00e0nia","breadcrumb":{"@id":"https:\/\/sesoliveresportdesoller.com\/ca\/2026\/04\/17\/peix-fresc-de-temporada-a-ses-oliveres-port-de-soller\/#breadcrumb"},"inLanguage":"ca","potentialAction":[{"@type":"ReadAction","target":["https:\/\/sesoliveresportdesoller.com\/ca\/2026\/04\/17\/peix-fresc-de-temporada-a-ses-oliveres-port-de-soller\/"]}]},{"@type":"ImageObject","inLanguage":"ca","@id":"https:\/\/sesoliveresportdesoller.com\/ca\/2026\/04\/17\/peix-fresc-de-temporada-a-ses-oliveres-port-de-soller\/#primaryimage","url":"https:\/\/ses-oliveres-port-de-soller.fra1.digitaloceanspaces.com\/wp-content\/uploads\/2026\/04\/21112449\/WhatsApp-Image-2026-04-21-at-08.38.31.jpeg","contentUrl":"https:\/\/ses-oliveres-port-de-soller.fra1.digitaloceanspaces.com\/wp-content\/uploads\/2026\/04\/21112449\/WhatsApp-Image-2026-04-21-at-08.38.31.jpeg","width":1600,"height":1422,"caption":"Salmonete fresco en Ses Oliveres Port de S\u00f3ller"},{"@type":"BreadcrumbList","@id":"https:\/\/sesoliveresportdesoller.com\/ca\/2026\/04\/17\/peix-fresc-de-temporada-a-ses-oliveres-port-de-soller\/#breadcrumb","itemListElement":[{"@type":"ListItem","position":1,"name":"Portada","item":"https:\/\/sesoliveresportdesoller.com\/ca\/inici\/"},{"@type":"ListItem","position":2,"name":"Peix fresc de temporada a Ses Oliveres Port de S\u00f3ller"}]},{"@type":"WebSite","@id":"https:\/\/sesoliveresportdesoller.com\/ca\/#website","url":"https:\/\/sesoliveresportdesoller.com\/ca\/","name":"Ses Oliveres Port de S\u00f3ller","description":"Ses Oliveres es un restaurante especializado en arroces, pescados y mariscos, situado en primera l\u00ednea del Port de S\u00f3ller.  Se trata de un concepto de cocina con productos frescos y \u201cdel mar a la mesa\u201d. Disponen de una vitrina con pescado fresco diario. Seg\u00fan sus rese\u00f1as en Google y otras plataformas como Tripadvisor, destacan por su ubicaci\u00f3n excepcional y por la calidad de sus platos.","publisher":{"@id":"https:\/\/sesoliveresportdesoller.com\/ca\/#organization"},"potentialAction":[{"@type":"SearchAction","target":{"@type":"EntryPoint","urlTemplate":"https:\/\/sesoliveresportdesoller.com\/ca\/?s={search_term_string}"},"query-input":{"@type":"PropertyValueSpecification","valueRequired":true,"valueName":"search_term_string"}}],"inLanguage":"ca"},{"@type":"Organization","@id":"https:\/\/sesoliveresportdesoller.com\/ca\/#organization","name":"Ses Oliveres Port de S\u00f3ller","url":"https:\/\/sesoliveresportdesoller.com\/ca\/","logo":{"@type":"ImageObject","inLanguage":"ca","@id":"https:\/\/sesoliveresportdesoller.com\/ca\/#\/schema\/logo\/image\/","url":"https:\/\/ses-oliveres-port-de-soller.fra1.digitaloceanspaces.com\/wp-content\/uploads\/2024\/06\/25123952\/logo.svg","contentUrl":"https:\/\/ses-oliveres-port-de-soller.fra1.digitaloceanspaces.com\/wp-content\/uploads\/2024\/06\/25123952\/logo.svg","width":128,"height":55,"caption":"Ses Oliveres Port de S\u00f3ller"},"image":{"@id":"https:\/\/sesoliveresportdesoller.com\/ca\/#\/schema\/logo\/image\/"}},{"@type":"Person","@id":"https:\/\/sesoliveresportdesoller.com\/ca\/#\/schema\/person\/b5b7c42fb246e7a69985ce8133fca51e","name":"Ses Oliveres","image":{"@type":"ImageObject","inLanguage":"ca","@id":"https:\/\/sesoliveresportdesoller.com\/ca\/#\/schema\/person\/image\/","url":"https:\/\/secure.gravatar.com\/avatar\/8090ef7ea57149f9049c2bb8b917c09dff08d3f14f396d4b00da77b3f23c5970?s=96&d=mm&r=g","contentUrl":"https:\/\/secure.gravatar.com\/avatar\/8090ef7ea57149f9049c2bb8b917c09dff08d3f14f396d4b00da77b3f23c5970?s=96&d=mm&r=g","caption":"Ses Oliveres"},"url":"https:\/\/sesoliveresportdesoller.com\/ca\/author\/sesoliveres\/"}]}},"_links":{"self":[{"href":"https:\/\/sesoliveresportdesoller.com\/ca\/wp-json\/wp\/v2\/posts\/1947","targetHints":{"allow":["GET"]}}],"collection":[{"href":"https:\/\/sesoliveresportdesoller.com\/ca\/wp-json\/wp\/v2\/posts"}],"about":[{"href":"https:\/\/sesoliveresportdesoller.com\/ca\/wp-json\/wp\/v2\/types\/post"}],"author":[{"embeddable":true,"href":"https:\/\/sesoliveresportdesoller.com\/ca\/wp-json\/wp\/v2\/users\/3"}],"replies":[{"embeddable":true,"href":"https:\/\/sesoliveresportdesoller.com\/ca\/wp-json\/wp\/v2\/comments?post=1947"}],"version-history":[{"count":1,"href":"https:\/\/sesoliveresportdesoller.com\/ca\/wp-json\/wp\/v2\/posts\/1947\/revisions"}],"predecessor-version":[{"id":1948,"href":"https:\/\/sesoliveresportdesoller.com\/ca\/wp-json\/wp\/v2\/posts\/1947\/revisions\/1948"}],"wp:featuredmedia":[{"embeddable":true,"href":"https:\/\/sesoliveresportdesoller.com\/ca\/wp-json\/wp\/v2\/media\/1942"}],"wp:attachment":[{"href":"https:\/\/sesoliveresportdesoller.com\/ca\/wp-json\/wp\/v2\/media?parent=1947"}],"wp:term":[{"taxonomy":"category","embeddable":true,"href":"https:\/\/sesoliveresportdesoller.com\/ca\/wp-json\/wp\/v2\/categories?post=1947"},{"taxonomy":"post_tag","embeddable":true,"href":"https:\/\/sesoliveresportdesoller.com\/ca\/wp-json\/wp\/v2\/tags?post=1947"}],"curies":[{"name":"wp","href":"https:\/\/api.w.org\/{rel}","templated":true}]}}