{"id":1955,"date":"2026-04-24T13:57:08","date_gmt":"2026-04-24T11:57:08","guid":{"rendered":"https:\/\/sesoliveresportdesoller.com\/?p=1955"},"modified":"2026-04-26T13:57:32","modified_gmt":"2026-04-26T11:57:32","slug":"lassanya-casolana-de-verdures-a-ses-oliveres","status":"publish","type":"post","link":"https:\/\/sesoliveresportdesoller.com\/ca\/2026\/04\/24\/lassanya-casolana-de-verdures-a-ses-oliveres\/","title":{"rendered":"Lassanya casolana de verdures al Port de S\u00f3ller: sabor, tradici\u00f3 i producte local"},"content":{"rendered":"\n<h2 class=\"wp-block-heading\">Un plat reconfortant davant la mar<\/h2>\n\n\n\n<p>A <strong>Ses Oliveres<\/strong>, cada recepta explica una hist\u00f2ria, i aquesta <strong>lassanya casolana de verdures<\/strong> \u00e9s un exemple clar de com la cuina mediterr\u00e0nia pot ser <strong>saborosa, saludable i profundament reconfortant<\/strong>. Situat en primera l\u00ednia del Passeig Es Trav\u00e9s, aquest plat combina el millor de la tradici\u00f3 italiana amb l\u2019\u00e0nima del producte local mallorqu\u00ed.<\/p>\n\n\n\n<p>El resultat \u00e9s una lassanya <strong>sucosa, arom\u00e0tica i perfectament gratinada<\/strong>, que arriba a la taula en el seu punt just, amb el formatge fos i lleugerament daurat, desprenen una aroma que obre la gana fins i tot abans del primer mos.<\/p>\n\n\n\n<h2 class=\"wp-block-heading\">Ingredients de temporada i cuina conscient<\/h2>\n\n\n\n<p>La clau d\u2019aquesta lassanya \u00e9s la seva base: una acurada selecci\u00f3 de <strong>verdures fresques de temporada<\/strong>, com el carabass\u00ed, l\u2019alberg\u00ednia, la pastanaga o el tom\u00e0quet, cuinades lentament per potenciar el seu sabor natural. A Ses Oliveres aposten pel producte de proximitat, seguint la filosofia <strong>\u201cde l\u2019hort al plat\u201d<\/strong>, en l\u00ednia amb el moviment <strong>Slow Food<\/strong>, que promou una alimentaci\u00f3 sostenible i de qualitat.<\/p>\n\n\n\n<p>A m\u00e9s, aquesta proposta \u00e9s ideal per a aquells que cerquen una opci\u00f3 m\u00e9s lleugera sense renunciar al plaer gastron\u00f2mic. Segons la <strong>Fundaci\u00f3n Dieta Mediterr\u00e1nea<\/strong>, el consum de verdures en plats equilibrats contribueix a una dieta saludable, rica en fibra, vitamines i antioxidants.<\/p>\n\n\n\n<p>Pots descobrir m\u00e9s sobre la import\u00e0ncia d\u2019aquest estil d\u2019alimentaci\u00f3 a la web oficial de la &lt;a href=&#8221;https:\/\/dietamediterranea.com\/&#8221; target=&#8221;_blank&#8221;&gt;Fundaci\u00f3 Dieta Mediterr\u00e0nia&lt;\/a&gt;, on es detallen els seus beneficis i recomanacions.<\/p>\n\n\n\n<h2 class=\"wp-block-heading\">T\u00e8cnica i sabor: l\u2019equilibri perfecte<\/h2>\n\n\n\n<p>La lassanya de verdures de Ses Oliveres no \u00e9s simplement una alternativa vegetariana: \u00e9s una recepta pensada al detall. Les capes s\u2019assemblen amb precisi\u00f3, alternant l\u00e0mines de pasta amb verdures saltades i una <strong>beixamel suau<\/strong>, que aporta cremositat sense resultar pesada. El toc final el dona un <strong>formatge gratinat<\/strong> que crea una capa daurada i lleugerament cruixent.<\/p>\n\n\n\n<p>Aquest equilibri entre textura i sabor converteix cada mos en una experi\u00e8ncia completa: la suavitat de la beixamel, la intensitat del tom\u00e0quet, la dol\u00e7or de les verdures i el car\u00e0cter del gratinat.<\/p>\n\n\n\n<p>Si vols explorar m\u00e9s sobre la cuina mediterr\u00e0nia i les seves receptes tradicionals, pots visitar &lt;a href=&#8221;https:\/\/www.spain.info\/ca\/&#8221; target=&#8221;_blank&#8221;&gt;Spain.info&lt;\/a&gt;, el portal oficial de turisme d\u2019Espanya amb contingut gastron\u00f2mic de refer\u00e8ncia.<\/p>\n\n\n\n<h2 class=\"wp-block-heading\">Gaudir-la a Ses Oliveres<\/h2>\n\n\n\n<p>Degustar aquesta lassanya davant la mar \u00e9s part essencial de l\u2019experi\u00e8ncia. Des de la seva terrassa, pots contemplar el port mentre gaudeixes d\u2019una cuina honesta i ben executada.<\/p>\n\n\n\n<p>Et convidam a consultar la &lt;a href=&#8221;https:\/\/sesoliveresportdesoller.com\/&#8221; target=&#8221;_blank&#8221;&gt;carta de Ses Oliveres Port de S\u00f3ller&lt;\/a&gt;, on trobar\u00e0s plats elaborats amb el mateix cura i respecte pel producte.<\/p>\n\n\n\n<p>Si est\u00e0s organitzant la teva visita, pots fer la teva &lt;a href=&#8221;https:\/\/sesoliveresportdesoller.com\/reservas\/&#8221; target=&#8221;_blank&#8221;&gt;reserva en l\u00ednia a Ses Oliveres&lt;\/a&gt; i assegurar-te una taula en un dels indrets m\u00e9s privilegiats del Port de S\u00f3ller.<\/p>\n\n\n\n<h2 class=\"wp-block-heading\">Una aposta segura en qualsevol \u00e8poca de l\u2019any<\/h2>\n\n\n\n<p>La lassanya casolana de verdures \u00e9s un d\u2019aquests plats que <strong>sempre ve de gust<\/strong>: a la primavera per la seva frescor, a l\u2019estiu com a opci\u00f3 lleugera, i als mesos m\u00e9s freds pel seu car\u00e0cter reconfortant. \u00c9s una elecci\u00f3 vers\u00e0til que reflecteix el comprom\u00eds de Ses Oliveres amb una cuina que cuida tant el sabor com el benestar.<\/p>\n\n\n\n<p>Si cerques una experi\u00e8ncia gastron\u00f2mica aut\u00e8ntica al Port de S\u00f3ller, aquest plat \u00e9s una parada obligat\u00f2ria. Perqu\u00e8, a vegades, la veritable excel\u00b7l\u00e8ncia es troba en saber fer b\u00e9 all\u00f2 m\u00e9s senzill.<\/p>\n","protected":false},"excerpt":{"rendered":"<p>Un plat reconfortant davant la mar A Ses Oliveres, cada recepta explica una hist\u00f2ria, i aquesta lassanya casolana de verdures \u00e9s un exemple clar de com la cuina mediterr\u00e0nia pot ser saborosa, saludable i profundament reconfortant. Situat en primera l\u00ednia del Passeig Es Trav\u00e9s, aquest plat combina el millor de la tradici\u00f3 italiana amb l\u2019\u00e0nima [&hellip;]<\/p>\n","protected":false},"author":3,"featured_media":1952,"comment_status":"open","ping_status":"open","sticky":false,"template":"","format":"standard","meta":{"footnotes":""},"categories":[1],"tags":[150,73,62],"class_list":["post-1955","post","type-post","status-publish","format-standard","has-post-thumbnail","hentry","category-sin-categorizar","tag-lassanyacasolanadeverdures","tag-port-de-soller","tag-suggeriments"],"yoast_head":"<!-- This site is optimized with the Yoast SEO plugin v26.5 - https:\/\/yoast.com\/wordpress\/plugins\/seo\/ -->\n<title>Lassanya casolana de verdures a Ses Oliveres<\/title>\n<meta name=\"description\" content=\"A Ses Oliveres, cada recepta explica una hist\u00f2ria, i aquesta lassanya casolana de verdures \u00e9s un exemple de com la gastronomia\" \/>\n<meta name=\"robots\" content=\"index, follow, max-snippet:-1, max-image-preview:large, max-video-preview:-1\" \/>\n<link rel=\"canonical\" href=\"https:\/\/sesoliveresportdesoller.com\/ca\/2026\/04\/24\/lassanya-casolana-de-verdures-a-ses-oliveres\/\" \/>\n<meta property=\"og:locale\" content=\"ca_ES\" \/>\n<meta property=\"og:type\" content=\"article\" \/>\n<meta property=\"og:title\" content=\"Lassanya casolana de verdures a Ses Oliveres\" \/>\n<meta property=\"og:description\" content=\"A Ses Oliveres, cada recepta explica una hist\u00f2ria, i aquesta lassanya casolana de verdures \u00e9s un exemple de com la gastronomia\" \/>\n<meta property=\"og:url\" content=\"https:\/\/sesoliveresportdesoller.com\/ca\/2026\/04\/24\/lassanya-casolana-de-verdures-a-ses-oliveres\/\" \/>\n<meta property=\"og:site_name\" content=\"Ses Oliveres Port de S\u00f3ller\" \/>\n<meta property=\"article:published_time\" content=\"2026-04-24T11:57:08+00:00\" \/>\n<meta property=\"article:modified_time\" content=\"2026-04-26T11:57:32+00:00\" \/>\n<meta property=\"og:image\" content=\"https:\/\/ses-oliveres-port-de-soller.fra1.digitaloceanspaces.com\/wp-content\/uploads\/2026\/04\/26135138\/WhatsApp-Image-2026-04-17-at-11.51.23.jpeg\" \/>\n\t<meta property=\"og:image:width\" content=\"2048\" \/>\n\t<meta property=\"og:image:height\" content=\"1152\" \/>\n\t<meta property=\"og:image:type\" content=\"image\/jpeg\" \/>\n<meta name=\"author\" content=\"Ses Oliveres\" \/>\n<meta name=\"twitter:card\" content=\"summary_large_image\" \/>\n<meta name=\"twitter:label1\" content=\"Escrit per\" \/>\n\t<meta name=\"twitter:data1\" content=\"Ses Oliveres\" \/>\n\t<meta name=\"twitter:label2\" content=\"Temps estimat de lectura\" \/>\n\t<meta name=\"twitter:data2\" content=\"3 minuts\" \/>\n<script type=\"application\/ld+json\" class=\"yoast-schema-graph\">{\"@context\":\"https:\/\/schema.org\",\"@graph\":[{\"@type\":\"Article\",\"@id\":\"https:\/\/sesoliveresportdesoller.com\/ca\/2026\/04\/24\/lassanya-casolana-de-verdures-a-ses-oliveres\/#article\",\"isPartOf\":{\"@id\":\"https:\/\/sesoliveresportdesoller.com\/ca\/2026\/04\/24\/lassanya-casolana-de-verdures-a-ses-oliveres\/\"},\"author\":{\"name\":\"Ses Oliveres\",\"@id\":\"https:\/\/sesoliveresportdesoller.com\/ca\/#\/schema\/person\/b5b7c42fb246e7a69985ce8133fca51e\"},\"headline\":\"Lassanya casolana de verdures al Port de S\u00f3ller: sabor, tradici\u00f3 i producte local\",\"datePublished\":\"2026-04-24T11:57:08+00:00\",\"dateModified\":\"2026-04-26T11:57:32+00:00\",\"mainEntityOfPage\":{\"@id\":\"https:\/\/sesoliveresportdesoller.com\/ca\/2026\/04\/24\/lassanya-casolana-de-verdures-a-ses-oliveres\/\"},\"wordCount\":667,\"commentCount\":0,\"publisher\":{\"@id\":\"https:\/\/sesoliveresportdesoller.com\/ca\/#organization\"},\"image\":{\"@id\":\"https:\/\/sesoliveresportdesoller.com\/ca\/2026\/04\/24\/lassanya-casolana-de-verdures-a-ses-oliveres\/#primaryimage\"},\"thumbnailUrl\":\"https:\/\/ses-oliveres-port-de-soller.fra1.digitaloceanspaces.com\/wp-content\/uploads\/2026\/04\/26135138\/WhatsApp-Image-2026-04-17-at-11.51.23.jpeg\",\"keywords\":[\"lassanyacasolanadeverdures\",\"port de S\u00f3ller\",\"suggeriments\"],\"articleSection\":[\"Sin categorizar\"],\"inLanguage\":\"ca\",\"potentialAction\":[{\"@type\":\"CommentAction\",\"name\":\"Comment\",\"target\":[\"https:\/\/sesoliveresportdesoller.com\/ca\/2026\/04\/24\/lassanya-casolana-de-verdures-a-ses-oliveres\/#respond\"]}]},{\"@type\":\"WebPage\",\"@id\":\"https:\/\/sesoliveresportdesoller.com\/ca\/2026\/04\/24\/lassanya-casolana-de-verdures-a-ses-oliveres\/\",\"url\":\"https:\/\/sesoliveresportdesoller.com\/ca\/2026\/04\/24\/lassanya-casolana-de-verdures-a-ses-oliveres\/\",\"name\":\"Lassanya casolana de verdures a Ses Oliveres\",\"isPartOf\":{\"@id\":\"https:\/\/sesoliveresportdesoller.com\/ca\/#website\"},\"primaryImageOfPage\":{\"@id\":\"https:\/\/sesoliveresportdesoller.com\/ca\/2026\/04\/24\/lassanya-casolana-de-verdures-a-ses-oliveres\/#primaryimage\"},\"image\":{\"@id\":\"https:\/\/sesoliveresportdesoller.com\/ca\/2026\/04\/24\/lassanya-casolana-de-verdures-a-ses-oliveres\/#primaryimage\"},\"thumbnailUrl\":\"https:\/\/ses-oliveres-port-de-soller.fra1.digitaloceanspaces.com\/wp-content\/uploads\/2026\/04\/26135138\/WhatsApp-Image-2026-04-17-at-11.51.23.jpeg\",\"datePublished\":\"2026-04-24T11:57:08+00:00\",\"dateModified\":\"2026-04-26T11:57:32+00:00\",\"description\":\"A Ses Oliveres, cada recepta explica una hist\u00f2ria, i aquesta lassanya casolana de verdures \u00e9s un exemple de com la gastronomia\",\"breadcrumb\":{\"@id\":\"https:\/\/sesoliveresportdesoller.com\/ca\/2026\/04\/24\/lassanya-casolana-de-verdures-a-ses-oliveres\/#breadcrumb\"},\"inLanguage\":\"ca\",\"potentialAction\":[{\"@type\":\"ReadAction\",\"target\":[\"https:\/\/sesoliveresportdesoller.com\/ca\/2026\/04\/24\/lassanya-casolana-de-verdures-a-ses-oliveres\/\"]}]},{\"@type\":\"ImageObject\",\"inLanguage\":\"ca\",\"@id\":\"https:\/\/sesoliveresportdesoller.com\/ca\/2026\/04\/24\/lassanya-casolana-de-verdures-a-ses-oliveres\/#primaryimage\",\"url\":\"https:\/\/ses-oliveres-port-de-soller.fra1.digitaloceanspaces.com\/wp-content\/uploads\/2026\/04\/26135138\/WhatsApp-Image-2026-04-17-at-11.51.23.jpeg\",\"contentUrl\":\"https:\/\/ses-oliveres-port-de-soller.fra1.digitaloceanspaces.com\/wp-content\/uploads\/2026\/04\/26135138\/WhatsApp-Image-2026-04-17-at-11.51.23.jpeg\",\"width\":2048,\"height\":1152,\"caption\":\"Lasa\u00f1a casera Ses Oliveres Port de S\u00f3ller\"},{\"@type\":\"BreadcrumbList\",\"@id\":\"https:\/\/sesoliveresportdesoller.com\/ca\/2026\/04\/24\/lassanya-casolana-de-verdures-a-ses-oliveres\/#breadcrumb\",\"itemListElement\":[{\"@type\":\"ListItem\",\"position\":1,\"name\":\"Portada\",\"item\":\"https:\/\/sesoliveresportdesoller.com\/ca\/inici\/\"},{\"@type\":\"ListItem\",\"position\":2,\"name\":\"Lassanya casolana de verdures al Port de S\u00f3ller: sabor, tradici\u00f3 i producte local\"}]},{\"@type\":\"WebSite\",\"@id\":\"https:\/\/sesoliveresportdesoller.com\/ca\/#website\",\"url\":\"https:\/\/sesoliveresportdesoller.com\/ca\/\",\"name\":\"Ses Oliveres Port de S\u00f3ller\",\"description\":\"Ses Oliveres es un restaurante especializado en arroces, pescados y mariscos, situado en primera l\u00ednea del Port de S\u00f3ller.  Se trata de un concepto de cocina con productos frescos y \u201cdel mar a la mesa\u201d. Disponen de una vitrina con pescado fresco diario. Seg\u00fan sus rese\u00f1as en Google y otras plataformas como Tripadvisor, destacan por su ubicaci\u00f3n excepcional y por la calidad de sus platos.\",\"publisher\":{\"@id\":\"https:\/\/sesoliveresportdesoller.com\/ca\/#organization\"},\"potentialAction\":[{\"@type\":\"SearchAction\",\"target\":{\"@type\":\"EntryPoint\",\"urlTemplate\":\"https:\/\/sesoliveresportdesoller.com\/ca\/?s={search_term_string}\"},\"query-input\":{\"@type\":\"PropertyValueSpecification\",\"valueRequired\":true,\"valueName\":\"search_term_string\"}}],\"inLanguage\":\"ca\"},{\"@type\":\"Organization\",\"@id\":\"https:\/\/sesoliveresportdesoller.com\/ca\/#organization\",\"name\":\"Ses Oliveres Port de S\u00f3ller\",\"url\":\"https:\/\/sesoliveresportdesoller.com\/ca\/\",\"logo\":{\"@type\":\"ImageObject\",\"inLanguage\":\"ca\",\"@id\":\"https:\/\/sesoliveresportdesoller.com\/ca\/#\/schema\/logo\/image\/\",\"url\":\"https:\/\/ses-oliveres-port-de-soller.fra1.digitaloceanspaces.com\/wp-content\/uploads\/2024\/06\/25123952\/logo.svg\",\"contentUrl\":\"https:\/\/ses-oliveres-port-de-soller.fra1.digitaloceanspaces.com\/wp-content\/uploads\/2024\/06\/25123952\/logo.svg\",\"width\":128,\"height\":55,\"caption\":\"Ses Oliveres Port de S\u00f3ller\"},\"image\":{\"@id\":\"https:\/\/sesoliveresportdesoller.com\/ca\/#\/schema\/logo\/image\/\"}},{\"@type\":\"Person\",\"@id\":\"https:\/\/sesoliveresportdesoller.com\/ca\/#\/schema\/person\/b5b7c42fb246e7a69985ce8133fca51e\",\"name\":\"Ses Oliveres\",\"image\":{\"@type\":\"ImageObject\",\"inLanguage\":\"ca\",\"@id\":\"https:\/\/sesoliveresportdesoller.com\/ca\/#\/schema\/person\/image\/\",\"url\":\"https:\/\/secure.gravatar.com\/avatar\/8090ef7ea57149f9049c2bb8b917c09dff08d3f14f396d4b00da77b3f23c5970?s=96&d=mm&r=g\",\"contentUrl\":\"https:\/\/secure.gravatar.com\/avatar\/8090ef7ea57149f9049c2bb8b917c09dff08d3f14f396d4b00da77b3f23c5970?s=96&d=mm&r=g\",\"caption\":\"Ses Oliveres\"},\"url\":\"https:\/\/sesoliveresportdesoller.com\/ca\/author\/sesoliveres\/\"}]}<\/script>\n<!-- \/ Yoast SEO plugin. -->","yoast_head_json":{"title":"Lassanya casolana de verdures a Ses Oliveres","description":"A Ses Oliveres, cada recepta explica una hist\u00f2ria, i aquesta lassanya casolana de verdures \u00e9s un exemple de com la gastronomia","robots":{"index":"index","follow":"follow","max-snippet":"max-snippet:-1","max-image-preview":"max-image-preview:large","max-video-preview":"max-video-preview:-1"},"canonical":"https:\/\/sesoliveresportdesoller.com\/ca\/2026\/04\/24\/lassanya-casolana-de-verdures-a-ses-oliveres\/","og_locale":"ca_ES","og_type":"article","og_title":"Lassanya casolana de verdures a Ses Oliveres","og_description":"A Ses Oliveres, cada recepta explica una hist\u00f2ria, i aquesta lassanya casolana de verdures \u00e9s un exemple de com la gastronomia","og_url":"https:\/\/sesoliveresportdesoller.com\/ca\/2026\/04\/24\/lassanya-casolana-de-verdures-a-ses-oliveres\/","og_site_name":"Ses Oliveres Port de S\u00f3ller","article_published_time":"2026-04-24T11:57:08+00:00","article_modified_time":"2026-04-26T11:57:32+00:00","og_image":[{"width":2048,"height":1152,"url":"https:\/\/ses-oliveres-port-de-soller.fra1.digitaloceanspaces.com\/wp-content\/uploads\/2026\/04\/26135138\/WhatsApp-Image-2026-04-17-at-11.51.23.jpeg","type":"image\/jpeg"}],"author":"Ses Oliveres","twitter_card":"summary_large_image","twitter_misc":{"Escrit per":"Ses Oliveres","Temps estimat de lectura":"3 minuts"},"schema":{"@context":"https:\/\/schema.org","@graph":[{"@type":"Article","@id":"https:\/\/sesoliveresportdesoller.com\/ca\/2026\/04\/24\/lassanya-casolana-de-verdures-a-ses-oliveres\/#article","isPartOf":{"@id":"https:\/\/sesoliveresportdesoller.com\/ca\/2026\/04\/24\/lassanya-casolana-de-verdures-a-ses-oliveres\/"},"author":{"name":"Ses Oliveres","@id":"https:\/\/sesoliveresportdesoller.com\/ca\/#\/schema\/person\/b5b7c42fb246e7a69985ce8133fca51e"},"headline":"Lassanya casolana de verdures al Port de S\u00f3ller: sabor, tradici\u00f3 i producte local","datePublished":"2026-04-24T11:57:08+00:00","dateModified":"2026-04-26T11:57:32+00:00","mainEntityOfPage":{"@id":"https:\/\/sesoliveresportdesoller.com\/ca\/2026\/04\/24\/lassanya-casolana-de-verdures-a-ses-oliveres\/"},"wordCount":667,"commentCount":0,"publisher":{"@id":"https:\/\/sesoliveresportdesoller.com\/ca\/#organization"},"image":{"@id":"https:\/\/sesoliveresportdesoller.com\/ca\/2026\/04\/24\/lassanya-casolana-de-verdures-a-ses-oliveres\/#primaryimage"},"thumbnailUrl":"https:\/\/ses-oliveres-port-de-soller.fra1.digitaloceanspaces.com\/wp-content\/uploads\/2026\/04\/26135138\/WhatsApp-Image-2026-04-17-at-11.51.23.jpeg","keywords":["lassanyacasolanadeverdures","port de S\u00f3ller","suggeriments"],"articleSection":["Sin categorizar"],"inLanguage":"ca","potentialAction":[{"@type":"CommentAction","name":"Comment","target":["https:\/\/sesoliveresportdesoller.com\/ca\/2026\/04\/24\/lassanya-casolana-de-verdures-a-ses-oliveres\/#respond"]}]},{"@type":"WebPage","@id":"https:\/\/sesoliveresportdesoller.com\/ca\/2026\/04\/24\/lassanya-casolana-de-verdures-a-ses-oliveres\/","url":"https:\/\/sesoliveresportdesoller.com\/ca\/2026\/04\/24\/lassanya-casolana-de-verdures-a-ses-oliveres\/","name":"Lassanya casolana de verdures a Ses Oliveres","isPartOf":{"@id":"https:\/\/sesoliveresportdesoller.com\/ca\/#website"},"primaryImageOfPage":{"@id":"https:\/\/sesoliveresportdesoller.com\/ca\/2026\/04\/24\/lassanya-casolana-de-verdures-a-ses-oliveres\/#primaryimage"},"image":{"@id":"https:\/\/sesoliveresportdesoller.com\/ca\/2026\/04\/24\/lassanya-casolana-de-verdures-a-ses-oliveres\/#primaryimage"},"thumbnailUrl":"https:\/\/ses-oliveres-port-de-soller.fra1.digitaloceanspaces.com\/wp-content\/uploads\/2026\/04\/26135138\/WhatsApp-Image-2026-04-17-at-11.51.23.jpeg","datePublished":"2026-04-24T11:57:08+00:00","dateModified":"2026-04-26T11:57:32+00:00","description":"A Ses Oliveres, cada recepta explica una hist\u00f2ria, i aquesta lassanya casolana de verdures \u00e9s un exemple de com la gastronomia","breadcrumb":{"@id":"https:\/\/sesoliveresportdesoller.com\/ca\/2026\/04\/24\/lassanya-casolana-de-verdures-a-ses-oliveres\/#breadcrumb"},"inLanguage":"ca","potentialAction":[{"@type":"ReadAction","target":["https:\/\/sesoliveresportdesoller.com\/ca\/2026\/04\/24\/lassanya-casolana-de-verdures-a-ses-oliveres\/"]}]},{"@type":"ImageObject","inLanguage":"ca","@id":"https:\/\/sesoliveresportdesoller.com\/ca\/2026\/04\/24\/lassanya-casolana-de-verdures-a-ses-oliveres\/#primaryimage","url":"https:\/\/ses-oliveres-port-de-soller.fra1.digitaloceanspaces.com\/wp-content\/uploads\/2026\/04\/26135138\/WhatsApp-Image-2026-04-17-at-11.51.23.jpeg","contentUrl":"https:\/\/ses-oliveres-port-de-soller.fra1.digitaloceanspaces.com\/wp-content\/uploads\/2026\/04\/26135138\/WhatsApp-Image-2026-04-17-at-11.51.23.jpeg","width":2048,"height":1152,"caption":"Lasa\u00f1a casera Ses Oliveres Port de S\u00f3ller"},{"@type":"BreadcrumbList","@id":"https:\/\/sesoliveresportdesoller.com\/ca\/2026\/04\/24\/lassanya-casolana-de-verdures-a-ses-oliveres\/#breadcrumb","itemListElement":[{"@type":"ListItem","position":1,"name":"Portada","item":"https:\/\/sesoliveresportdesoller.com\/ca\/inici\/"},{"@type":"ListItem","position":2,"name":"Lassanya casolana de verdures al Port de S\u00f3ller: sabor, tradici\u00f3 i producte local"}]},{"@type":"WebSite","@id":"https:\/\/sesoliveresportdesoller.com\/ca\/#website","url":"https:\/\/sesoliveresportdesoller.com\/ca\/","name":"Ses Oliveres Port de S\u00f3ller","description":"Ses Oliveres es un restaurante especializado en arroces, pescados y mariscos, situado en primera l\u00ednea del Port de S\u00f3ller.  Se trata de un concepto de cocina con productos frescos y \u201cdel mar a la mesa\u201d. Disponen de una vitrina con pescado fresco diario. Seg\u00fan sus rese\u00f1as en Google y otras plataformas como Tripadvisor, destacan por su ubicaci\u00f3n excepcional y por la calidad de sus platos.","publisher":{"@id":"https:\/\/sesoliveresportdesoller.com\/ca\/#organization"},"potentialAction":[{"@type":"SearchAction","target":{"@type":"EntryPoint","urlTemplate":"https:\/\/sesoliveresportdesoller.com\/ca\/?s={search_term_string}"},"query-input":{"@type":"PropertyValueSpecification","valueRequired":true,"valueName":"search_term_string"}}],"inLanguage":"ca"},{"@type":"Organization","@id":"https:\/\/sesoliveresportdesoller.com\/ca\/#organization","name":"Ses Oliveres Port de S\u00f3ller","url":"https:\/\/sesoliveresportdesoller.com\/ca\/","logo":{"@type":"ImageObject","inLanguage":"ca","@id":"https:\/\/sesoliveresportdesoller.com\/ca\/#\/schema\/logo\/image\/","url":"https:\/\/ses-oliveres-port-de-soller.fra1.digitaloceanspaces.com\/wp-content\/uploads\/2024\/06\/25123952\/logo.svg","contentUrl":"https:\/\/ses-oliveres-port-de-soller.fra1.digitaloceanspaces.com\/wp-content\/uploads\/2024\/06\/25123952\/logo.svg","width":128,"height":55,"caption":"Ses Oliveres Port de S\u00f3ller"},"image":{"@id":"https:\/\/sesoliveresportdesoller.com\/ca\/#\/schema\/logo\/image\/"}},{"@type":"Person","@id":"https:\/\/sesoliveresportdesoller.com\/ca\/#\/schema\/person\/b5b7c42fb246e7a69985ce8133fca51e","name":"Ses Oliveres","image":{"@type":"ImageObject","inLanguage":"ca","@id":"https:\/\/sesoliveresportdesoller.com\/ca\/#\/schema\/person\/image\/","url":"https:\/\/secure.gravatar.com\/avatar\/8090ef7ea57149f9049c2bb8b917c09dff08d3f14f396d4b00da77b3f23c5970?s=96&d=mm&r=g","contentUrl":"https:\/\/secure.gravatar.com\/avatar\/8090ef7ea57149f9049c2bb8b917c09dff08d3f14f396d4b00da77b3f23c5970?s=96&d=mm&r=g","caption":"Ses Oliveres"},"url":"https:\/\/sesoliveresportdesoller.com\/ca\/author\/sesoliveres\/"}]}},"_links":{"self":[{"href":"https:\/\/sesoliveresportdesoller.com\/ca\/wp-json\/wp\/v2\/posts\/1955","targetHints":{"allow":["GET"]}}],"collection":[{"href":"https:\/\/sesoliveresportdesoller.com\/ca\/wp-json\/wp\/v2\/posts"}],"about":[{"href":"https:\/\/sesoliveresportdesoller.com\/ca\/wp-json\/wp\/v2\/types\/post"}],"author":[{"embeddable":true,"href":"https:\/\/sesoliveresportdesoller.com\/ca\/wp-json\/wp\/v2\/users\/3"}],"replies":[{"embeddable":true,"href":"https:\/\/sesoliveresportdesoller.com\/ca\/wp-json\/wp\/v2\/comments?post=1955"}],"version-history":[{"count":1,"href":"https:\/\/sesoliveresportdesoller.com\/ca\/wp-json\/wp\/v2\/posts\/1955\/revisions"}],"predecessor-version":[{"id":1956,"href":"https:\/\/sesoliveresportdesoller.com\/ca\/wp-json\/wp\/v2\/posts\/1955\/revisions\/1956"}],"wp:featuredmedia":[{"embeddable":true,"href":"https:\/\/sesoliveresportdesoller.com\/ca\/wp-json\/wp\/v2\/media\/1952"}],"wp:attachment":[{"href":"https:\/\/sesoliveresportdesoller.com\/ca\/wp-json\/wp\/v2\/media?parent=1955"}],"wp:term":[{"taxonomy":"category","embeddable":true,"href":"https:\/\/sesoliveresportdesoller.com\/ca\/wp-json\/wp\/v2\/categories?post=1955"},{"taxonomy":"post_tag","embeddable":true,"href":"https:\/\/sesoliveresportdesoller.com\/ca\/wp-json\/wp\/v2\/tags?post=1955"}],"curies":[{"name":"wp","href":"https:\/\/api.w.org\/{rel}","templated":true}]}}